{"id":26577,"date":"2021-10-21T15:45:40","date_gmt":"2021-10-21T18:45:40","guid":{"rendered":"https:\/\/temucotelevision.cl\/web\/?p=26577"},"modified":"2021-10-21T15:45:42","modified_gmt":"2021-10-21T18:45:42","slug":"pdi-detuvo-a-joven-vinculado-a-banda-que-realizaba-robos-violentos-en-caminos-rurales-de-malleco-se-encontraba-profugo","status":"publish","type":"post","link":"https:\/\/temucotelevision.cl\/web\/2021\/10\/21\/pdi-detuvo-a-joven-vinculado-a-banda-que-realizaba-robos-violentos-en-caminos-rurales-de-malleco-se-encontraba-profugo\/","title":{"rendered":"PDI detuvo a joven vinculado a banda que realizaba robos violentos en caminos rurales de Malleco, se encontraba pr\u00f3fugo"},"content":{"rendered":"<div class=\"pvc_clear\"><\/div><p id=\"pvc_stats_26577\" class=\"pvc_stats total_only  \" data-element-id=\"26577\" style=\"\"><i class=\"pvc-stats-icon large\" aria-hidden=\"true\"><svg aria-hidden=\"true\" focusable=\"false\" data-prefix=\"far\" data-icon=\"chart-bar\" role=\"img\" xmlns=\"http:\/\/www.w3.org\/2000\/svg\" viewBox=\"0 0 512 512\" class=\"svg-inline--fa fa-chart-bar fa-w-16 fa-2x\"><path fill=\"currentColor\" d=\"M396.8 352h22.4c6.4 0 12.8-6.4 12.8-12.8V108.8c0-6.4-6.4-12.8-12.8-12.8h-22.4c-6.4 0-12.8 6.4-12.8 12.8v230.4c0 6.4 6.4 12.8 12.8 12.8zm-192 0h22.4c6.4 0 12.8-6.4 12.8-12.8V140.8c0-6.4-6.4-12.8-12.8-12.8h-22.4c-6.4 0-12.8 6.4-12.8 12.8v198.4c0 6.4 6.4 12.8 12.8 12.8zm96 0h22.4c6.4 0 12.8-6.4 12.8-12.8V204.8c0-6.4-6.4-12.8-12.8-12.8h-22.4c-6.4 0-12.8 6.4-12.8 12.8v134.4c0 6.4 6.4 12.8 12.8 12.8zM496 400H48V80c0-8.84-7.16-16-16-16H16C7.16 64 0 71.16 0 80v336c0 17.67 14.33 32 32 32h464c8.84 0 16-7.16 16-16v-16c0-8.84-7.16-16-16-16zm-387.2-48h22.4c6.4 0 12.8-6.4 12.8-12.8v-70.4c0-6.4-6.4-12.8-12.8-12.8h-22.4c-6.4 0-12.8 6.4-12.8 12.8v70.4c0 6.4 6.4 12.8 12.8 12.8z\" class=\"\"><\/path><\/svg><\/i> <img loading=\"lazy\" decoding=\"async\" width=\"16\" height=\"16\" alt=\"Loading\" src=\"https:\/\/temucotelevision.cl\/web\/wp-content\/plugins\/page-views-count\/ajax-loader-2x.gif\" border=0 \/><\/p><div class=\"pvc_clear\"><\/div>\n<p><\/p>\n\n\n\n<p>Tras una investigaci\u00f3n llevada por un grupo multidisciplinario de detectives de Malleco, dependiente de la Brigada Investigadora de Robos (Biro) Angol, y en coordinaci\u00f3n con la Fiscal\u00eda de Alta Complejidad de Collipulli, detuvieron a un integrante de una banda criminal dedicada a delitos de Robo con Intimidaci\u00f3n y Violencia para la sustracci\u00f3n de veh\u00edculos en el interior de los caminos rurales de la comuna de Ercilla, y que utilizaban un alto poder de fuego.<\/p>\n\n\n\n<p><a><\/a>En el mes de septiembre, y tras un amplio operativo en la mencionada comuna, los detectives ya hab\u00edan logrado la detenci\u00f3n de dos integrantes de la banda, quedando pendiente la detenci\u00f3n de un tercer integrante de \u00e9sta, el que ten\u00eda domicilio en la comunidad Collico.&nbsp;<\/p>\n\n\n\n<p>En los procedimientos investigativos desarrollados durante este per\u00edodo, \u201clos detectives establecieron que el imputado concurrir\u00eda durante la ma\u00f1ana de hoy -21 de octubre-a la comuna de Ercilla, por lo cual se mont\u00f3 un operativo policial en las inmediaciones, lo que permiti\u00f3 ubicar y detener a J.A.M.C de 18 a\u00f1os que se encontraba pr\u00f3fugo desde hace casi dos meses\u201d, indic\u00f3 el comisario Rodrigo Briones, jefe subrogante de la Biro Angol.<\/p>\n\n\n\n<p>Cabe se\u00f1alar que, tras m\u00e1s de siete meses de investigaci\u00f3n, se estableci\u00f3 la participaci\u00f3n de esta banda en nueve delitos con el mismo modus operandi, por lo que los detectives mantienen investigaciones en desarrollo.<\/p>\n\n\n\n<p>De todo lo anterior, se dio cuenta al fiscal de turno, quien dispuso que el detenido fuera puesto a disposici\u00f3n del Juzgado de Garant\u00eda de Collipulli, para la respectiva audiencia de control de la detenci\u00f3n, que se realizar\u00e1 el d\u00eda de ma\u00f1ana, viernes 22 de octubre.<\/p>\n","protected":false},"excerpt":{"rendered":"<div class=\"pvc_clear\"><\/div>\n<p id=\"pvc_stats_26577\" class=\"pvc_stats total_only  \" data-element-id=\"26577\" style=\"\"><i class=\"pvc-stats-icon large\" aria-hidden=\"true\"><svg aria-hidden=\"true\" focusable=\"false\" data-prefix=\"far\" data-icon=\"chart-bar\" role=\"img\" xmlns=\"http:\/\/www.w3.org\/2000\/svg\" viewBox=\"0 0 512 512\" class=\"svg-inline--fa fa-chart-bar fa-w-16 fa-2x\"><path fill=\"currentColor\" d=\"M396.8 352h22.4c6.4 0 12.8-6.4 12.8-12.8V108.8c0-6.4-6.4-12.8-12.8-12.8h-22.4c-6.4 0-12.8 6.4-12.8 12.8v230.4c0 6.4 6.4 12.8 12.8 12.8zm-192 0h22.4c6.4 0 12.8-6.4 12.8-12.8V140.8c0-6.4-6.4-12.8-12.8-12.8h-22.4c-6.4 0-12.8 6.4-12.8 12.8v198.4c0 6.4 6.4 12.8 12.8 12.8zm96 0h22.4c6.4 0 12.8-6.4 12.8-12.8V204.8c0-6.4-6.4-12.8-12.8-12.8h-22.4c-6.4 0-12.8 6.4-12.8 12.8v134.4c0 6.4 6.4 12.8 12.8 12.8zM496 400H48V80c0-8.84-7.16-16-16-16H16C7.16 64 0 71.16 0 80v336c0 17.67 14.33 32 32 32h464c8.84 0 16-7.16 16-16v-16c0-8.84-7.16-16-16-16zm-387.2-48h22.4c6.4 0 12.8-6.4 12.8-12.8v-70.4c0-6.4-6.4-12.8-12.8-12.8h-22.4c-6.4 0-12.8 6.4-12.8 12.8v70.4c0 6.4 6.4 12.8 12.8 12.8z\" class=\"\"><\/path><\/svg><\/i> <img loading=\"lazy\" decoding=\"async\" width=\"16\" height=\"16\" alt=\"Loading\" src=\"https:\/\/temucotelevision.cl\/web\/wp-content\/plugins\/page-views-count\/ajax-loader-2x.gif\" border=0 \/><\/p>\n<div class=\"pvc_clear\"><\/div>\n<p>Tras una investigaci\u00f3n llevada por un grupo multidisciplinario de detectives de Malleco, dependiente de la Brigada Investigadora de Robos (Biro)<\/p>\n","protected":false},"author":1,"featured_media":26576,"comment_status":"open","ping_status":"open","sticky":false,"template":"","format":"standard","meta":{"colormag_page_container_layout":"default_layout","colormag_page_sidebar_layout":"default_layout","footnotes":""},"categories":[15,16],"tags":[79,76,339,138],"class_list":["post-26577","post","type-post","status-publish","format-standard","has-post-thumbnail","hentry","category-la-araucania","category-policial","tag-detenido","tag-pdi","tag-profugo","tag-robo"],"a3_pvc":{"activated":true,"total_views":21,"today_views":0},"_links":{"self":[{"href":"https:\/\/temucotelevision.cl\/web\/wp-json\/wp\/v2\/posts\/26577","targetHints":{"allow":["GET"]}}],"collection":[{"href":"https:\/\/temucotelevision.cl\/web\/wp-json\/wp\/v2\/posts"}],"about":[{"href":"https:\/\/temucotelevision.cl\/web\/wp-json\/wp\/v2\/types\/post"}],"author":[{"embeddable":true,"href":"https:\/\/temucotelevision.cl\/web\/wp-json\/wp\/v2\/users\/1"}],"replies":[{"embeddable":true,"href":"https:\/\/temucotelevision.cl\/web\/wp-json\/wp\/v2\/comments?post=26577"}],"version-history":[{"count":1,"href":"https:\/\/temucotelevision.cl\/web\/wp-json\/wp\/v2\/posts\/26577\/revisions"}],"predecessor-version":[{"id":26578,"href":"https:\/\/temucotelevision.cl\/web\/wp-json\/wp\/v2\/posts\/26577\/revisions\/26578"}],"wp:featuredmedia":[{"embeddable":true,"href":"https:\/\/temucotelevision.cl\/web\/wp-json\/wp\/v2\/media\/26576"}],"wp:attachment":[{"href":"https:\/\/temucotelevision.cl\/web\/wp-json\/wp\/v2\/media?parent=26577"}],"wp:term":[{"taxonomy":"category","embeddable":true,"href":"https:\/\/temucotelevision.cl\/web\/wp-json\/wp\/v2\/categories?post=26577"},{"taxonomy":"post_tag","embeddable":true,"href":"https:\/\/temucotelevision.cl\/web\/wp-json\/wp\/v2\/tags?post=26577"}],"curies":[{"name":"wp","href":"https:\/\/api.w.org\/{rel}","templated":true}]}}