{"id":26564,"date":"2021-10-21T08:51:56","date_gmt":"2021-10-21T11:51:56","guid":{"rendered":"https:\/\/temucotelevision.cl\/web\/?p=26564"},"modified":"2021-10-21T08:54:33","modified_gmt":"2021-10-21T11:54:33","slug":"cuerpo-de-bomberos-de-temuco-lanzo-su-rifa-monumental-2021","status":"publish","type":"post","link":"https:\/\/temucotelevision.cl\/web\/2021\/10\/21\/cuerpo-de-bomberos-de-temuco-lanzo-su-rifa-monumental-2021\/","title":{"rendered":"Cuerpo de Bomberos de Temuco lanz\u00f3 su Rifa Monumental 2021"},"content":{"rendered":"<div class=\"pvc_clear\"><\/div><p id=\"pvc_stats_26564\" class=\"pvc_stats total_only  \" data-element-id=\"26564\" style=\"\"><i class=\"pvc-stats-icon large\" aria-hidden=\"true\"><svg aria-hidden=\"true\" focusable=\"false\" data-prefix=\"far\" data-icon=\"chart-bar\" role=\"img\" xmlns=\"http:\/\/www.w3.org\/2000\/svg\" viewBox=\"0 0 512 512\" class=\"svg-inline--fa fa-chart-bar fa-w-16 fa-2x\"><path fill=\"currentColor\" d=\"M396.8 352h22.4c6.4 0 12.8-6.4 12.8-12.8V108.8c0-6.4-6.4-12.8-12.8-12.8h-22.4c-6.4 0-12.8 6.4-12.8 12.8v230.4c0 6.4 6.4 12.8 12.8 12.8zm-192 0h22.4c6.4 0 12.8-6.4 12.8-12.8V140.8c0-6.4-6.4-12.8-12.8-12.8h-22.4c-6.4 0-12.8 6.4-12.8 12.8v198.4c0 6.4 6.4 12.8 12.8 12.8zm96 0h22.4c6.4 0 12.8-6.4 12.8-12.8V204.8c0-6.4-6.4-12.8-12.8-12.8h-22.4c-6.4 0-12.8 6.4-12.8 12.8v134.4c0 6.4 6.4 12.8 12.8 12.8zM496 400H48V80c0-8.84-7.16-16-16-16H16C7.16 64 0 71.16 0 80v336c0 17.67 14.33 32 32 32h464c8.84 0 16-7.16 16-16v-16c0-8.84-7.16-16-16-16zm-387.2-48h22.4c6.4 0 12.8-6.4 12.8-12.8v-70.4c0-6.4-6.4-12.8-12.8-12.8h-22.4c-6.4 0-12.8 6.4-12.8 12.8v70.4c0 6.4 6.4 12.8 12.8 12.8z\" class=\"\"><\/path><\/svg><\/i> <img loading=\"lazy\" decoding=\"async\" width=\"16\" height=\"16\" alt=\"Loading\" src=\"https:\/\/temucotelevision.cl\/web\/wp-content\/plugins\/page-views-count\/ajax-loader-2x.gif\" border=0 \/><\/p><div class=\"pvc_clear\"><\/div>\n<p>Con una ceremonia realizada este mi\u00e9rcoles en la plaza An\u00edbal Pinto, el Cuerpo de Bomberos de Temuco lanz\u00f3 su Rifa Monumental 2021, que tendr\u00e1 en esta versi\u00f3n como premio mayor un autom\u00f3vil marca Nissan, modelo Versa.<\/p>\n\n\n\n<p>Humberto S\u00e1nchez, director de la Primera Compa\u00f1\u00eda, llam\u00f3 a la ciudadan\u00eda a colaborar con esta campa\u00f1a y destac\u00f3 que \u201ccon la ayuda econ\u00f3mica de la comunidad podemos servirlos de mejor forma\u201d, a\u00f1adiendo que ya se cumpli\u00f3 m\u00e1s de medio siglo realizando este evento, que ha sido clave para solventar los gastos operacionales de la instituci\u00f3n.<\/p>\n\n\n\n<p>El tesorero general del Cuerpo de Bomberos de Temuco, Felipe V\u00e9liz, inform\u00f3 que se pusieron a la venta 300 mil boletos a un valor de mil pesos cada uno y podr\u00e1n ser adquiridos ya sea de la forma tradicional, en forma presencial a los voluntarios que se instalan a vender en el centro o recorren los sectores residenciales de Temuco, Labranza, Padre Las Casas, Caj\u00f3n, Metrenco, Quepe y San Ram\u00f3n, o tambi\u00e9n y al igual que en la \u00faltima versi\u00f3n de la rifa, tambi\u00e9n existir\u00e1 la modalidad de venta online a trav\u00e9s de la web&nbsp;<a href=\"http:\/\/www.bomberostemuco.cl\/\" target=\"_blank\" rel=\"noreferrer noopener\">www.bomberostemuco.cl<\/a>.<\/p>\n\n\n\n<p>Entre los premios y junto al autom\u00f3vil, tambi\u00e9n se sortear\u00e1 una moto, un scooter el\u00e9ctrico, un sof\u00e1, una bicicleta, una Xbox S, un Smart TV, un tablet y un aire acondicionado port\u00e1til.<\/p>\n\n\n\n<p>Armin Llanos, Superintendente de la instituci\u00f3n, junto con solicitar la m\u00e1xima colaboraci\u00f3n a la ciudadan\u00eda en la adquisici\u00f3n de estos boletos, destac\u00f3 que los recursos que se re\u00fanen son para financiar las inversiones en equipos y la atenci\u00f3n de las emergencias, subrayando que la semana pasada, en medio de una segunda alarma de incendio en el sector Santa Rosa de Temuco, y mientras combat\u00eda el fuego, un voluntario fue alcanzando en el cuerpo y rostro por grandes llamas que sal\u00edan desde una vivienda que combustionaba por completo, pero gracias al uso de su equipo de protecci\u00f3n personal, el bombero result\u00f3 con lesiones muy leves y pudo regresar a su domicilio esa misma noche sin mayores problemas.<\/p>\n\n\n\n<p>La autoridad bomberil hizo presente que de la instituci\u00f3n, de no haber tenido los recursos para adquirir ese tipo de uniformes fabricados bajo normas internacionales que se utilizan actualmente en Temuco, hoy ese bombero estar\u00eda probablemente internado con quemaduras de suma gravedad y recalc\u00f3 que los aportes de la comunidad a trav\u00e9s de la Rifa Monumental son vitales para este tipo de adquisiciones que finalmente, tornan m\u00e1s eficiente y eficaz el combate de las emergencias.<\/p>\n\n\n\n<p>Finalmente, la autoridad inform\u00f3 que el sorteo de la rifa se realizar\u00e1 el pr\u00f3ximo 31 de diciembre.<\/p>\n\n\n\n<figure class=\"wp-block-image size-large\"><img loading=\"lazy\" decoding=\"async\" width=\"1024\" height=\"683\" src=\"https:\/\/temucotelevision.cl\/web\/wp-content\/uploads\/2021\/10\/Rifa-Bomberos3-1024x683.jpg\" alt=\"\" class=\"wp-image-26569\" srcset=\"https:\/\/temucotelevision.cl\/web\/wp-content\/uploads\/2021\/10\/Rifa-Bomberos3-1024x683.jpg 1024w, https:\/\/temucotelevision.cl\/web\/wp-content\/uploads\/2021\/10\/Rifa-Bomberos3-768x512.jpg 768w, https:\/\/temucotelevision.cl\/web\/wp-content\/uploads\/2021\/10\/Rifa-Bomberos3-1536x1024.jpg 1536w, https:\/\/temucotelevision.cl\/web\/wp-content\/uploads\/2021\/10\/Rifa-Bomberos3.jpg 1920w\" sizes=\"auto, (max-width: 1024px) 100vw, 1024px\" \/><\/figure>\n\n\n\n<figure class=\"wp-block-image size-large\"><img loading=\"lazy\" decoding=\"async\" width=\"1024\" height=\"683\" src=\"https:\/\/temucotelevision.cl\/web\/wp-content\/uploads\/2021\/10\/Rifa-Bomberos2-1024x683.jpg\" alt=\"\" class=\"wp-image-26567\" srcset=\"https:\/\/temucotelevision.cl\/web\/wp-content\/uploads\/2021\/10\/Rifa-Bomberos2-1024x683.jpg 1024w, https:\/\/temucotelevision.cl\/web\/wp-content\/uploads\/2021\/10\/Rifa-Bomberos2-768x512.jpg 768w, https:\/\/temucotelevision.cl\/web\/wp-content\/uploads\/2021\/10\/Rifa-Bomberos2-1536x1024.jpg 1536w, https:\/\/temucotelevision.cl\/web\/wp-content\/uploads\/2021\/10\/Rifa-Bomberos2.jpg 1920w\" sizes=\"auto, (max-width: 1024px) 100vw, 1024px\" \/><\/figure>\n","protected":false},"excerpt":{"rendered":"<div class=\"pvc_clear\"><\/div>\n<p id=\"pvc_stats_26564\" class=\"pvc_stats total_only  \" data-element-id=\"26564\" style=\"\"><i class=\"pvc-stats-icon large\" aria-hidden=\"true\"><svg aria-hidden=\"true\" focusable=\"false\" data-prefix=\"far\" data-icon=\"chart-bar\" role=\"img\" xmlns=\"http:\/\/www.w3.org\/2000\/svg\" viewBox=\"0 0 512 512\" class=\"svg-inline--fa fa-chart-bar fa-w-16 fa-2x\"><path fill=\"currentColor\" d=\"M396.8 352h22.4c6.4 0 12.8-6.4 12.8-12.8V108.8c0-6.4-6.4-12.8-12.8-12.8h-22.4c-6.4 0-12.8 6.4-12.8 12.8v230.4c0 6.4 6.4 12.8 12.8 12.8zm-192 0h22.4c6.4 0 12.8-6.4 12.8-12.8V140.8c0-6.4-6.4-12.8-12.8-12.8h-22.4c-6.4 0-12.8 6.4-12.8 12.8v198.4c0 6.4 6.4 12.8 12.8 12.8zm96 0h22.4c6.4 0 12.8-6.4 12.8-12.8V204.8c0-6.4-6.4-12.8-12.8-12.8h-22.4c-6.4 0-12.8 6.4-12.8 12.8v134.4c0 6.4 6.4 12.8 12.8 12.8zM496 400H48V80c0-8.84-7.16-16-16-16H16C7.16 64 0 71.16 0 80v336c0 17.67 14.33 32 32 32h464c8.84 0 16-7.16 16-16v-16c0-8.84-7.16-16-16-16zm-387.2-48h22.4c6.4 0 12.8-6.4 12.8-12.8v-70.4c0-6.4-6.4-12.8-12.8-12.8h-22.4c-6.4 0-12.8 6.4-12.8 12.8v70.4c0 6.4 6.4 12.8 12.8 12.8z\" class=\"\"><\/path><\/svg><\/i> <img loading=\"lazy\" decoding=\"async\" width=\"16\" height=\"16\" alt=\"Loading\" src=\"https:\/\/temucotelevision.cl\/web\/wp-content\/plugins\/page-views-count\/ajax-loader-2x.gif\" border=0 \/><\/p>\n<div class=\"pvc_clear\"><\/div>\n<p>Con una ceremonia realizada este mi\u00e9rcoles en la plaza An\u00edbal Pinto, el Cuerpo de Bomberos de Temuco lanz\u00f3 su Rifa<\/p>\n","protected":false},"author":1,"featured_media":26565,"comment_status":"open","ping_status":"open","sticky":false,"template":"","format":"standard","meta":{"colormag_page_container_layout":"default_layout","colormag_page_sidebar_layout":"default_layout","footnotes":""},"categories":[15],"tags":[1720,2114,2078,2157],"class_list":["post-26564","post","type-post","status-publish","format-standard","has-post-thumbnail","hentry","category-la-araucania","tag-ceremonia","tag-cuerpo-de-bomberos","tag-lanzamiento","tag-rifa"],"a3_pvc":{"activated":true,"total_views":79,"today_views":0},"_links":{"self":[{"href":"https:\/\/temucotelevision.cl\/web\/wp-json\/wp\/v2\/posts\/26564","targetHints":{"allow":["GET"]}}],"collection":[{"href":"https:\/\/temucotelevision.cl\/web\/wp-json\/wp\/v2\/posts"}],"about":[{"href":"https:\/\/temucotelevision.cl\/web\/wp-json\/wp\/v2\/types\/post"}],"author":[{"embeddable":true,"href":"https:\/\/temucotelevision.cl\/web\/wp-json\/wp\/v2\/users\/1"}],"replies":[{"embeddable":true,"href":"https:\/\/temucotelevision.cl\/web\/wp-json\/wp\/v2\/comments?post=26564"}],"version-history":[{"count":2,"href":"https:\/\/temucotelevision.cl\/web\/wp-json\/wp\/v2\/posts\/26564\/revisions"}],"predecessor-version":[{"id":26570,"href":"https:\/\/temucotelevision.cl\/web\/wp-json\/wp\/v2\/posts\/26564\/revisions\/26570"}],"wp:featuredmedia":[{"embeddable":true,"href":"https:\/\/temucotelevision.cl\/web\/wp-json\/wp\/v2\/media\/26565"}],"wp:attachment":[{"href":"https:\/\/temucotelevision.cl\/web\/wp-json\/wp\/v2\/media?parent=26564"}],"wp:term":[{"taxonomy":"category","embeddable":true,"href":"https:\/\/temucotelevision.cl\/web\/wp-json\/wp\/v2\/categories?post=26564"},{"taxonomy":"post_tag","embeddable":true,"href":"https:\/\/temucotelevision.cl\/web\/wp-json\/wp\/v2\/tags?post=26564"}],"curies":[{"name":"wp","href":"https:\/\/api.w.org\/{rel}","templated":true}]}}