{"id":24738,"date":"2021-09-06T22:41:52","date_gmt":"2021-09-07T01:41:52","guid":{"rendered":"https:\/\/temucotelevision.cl\/web\/?p=24738"},"modified":"2021-09-06T22:41:54","modified_gmt":"2021-09-07T01:41:54","slug":"grandes-autores-de-la-literatura-universal-resuenan-en-la-araucania","status":"publish","type":"post","link":"https:\/\/temucotelevision.cl\/web\/2021\/09\/06\/grandes-autores-de-la-literatura-universal-resuenan-en-la-araucania\/","title":{"rendered":"Grandes autores de la Literatura Universal resuenan en La Araucan\u00eda"},"content":{"rendered":"<div class=\"pvc_clear\"><\/div><p id=\"pvc_stats_24738\" class=\"pvc_stats total_only  \" data-element-id=\"24738\" style=\"\"><i class=\"pvc-stats-icon large\" aria-hidden=\"true\"><svg aria-hidden=\"true\" focusable=\"false\" data-prefix=\"far\" data-icon=\"chart-bar\" role=\"img\" xmlns=\"http:\/\/www.w3.org\/2000\/svg\" viewBox=\"0 0 512 512\" class=\"svg-inline--fa fa-chart-bar fa-w-16 fa-2x\"><path fill=\"currentColor\" d=\"M396.8 352h22.4c6.4 0 12.8-6.4 12.8-12.8V108.8c0-6.4-6.4-12.8-12.8-12.8h-22.4c-6.4 0-12.8 6.4-12.8 12.8v230.4c0 6.4 6.4 12.8 12.8 12.8zm-192 0h22.4c6.4 0 12.8-6.4 12.8-12.8V140.8c0-6.4-6.4-12.8-12.8-12.8h-22.4c-6.4 0-12.8 6.4-12.8 12.8v198.4c0 6.4 6.4 12.8 12.8 12.8zm96 0h22.4c6.4 0 12.8-6.4 12.8-12.8V204.8c0-6.4-6.4-12.8-12.8-12.8h-22.4c-6.4 0-12.8 6.4-12.8 12.8v134.4c0 6.4 6.4 12.8 12.8 12.8zM496 400H48V80c0-8.84-7.16-16-16-16H16C7.16 64 0 71.16 0 80v336c0 17.67 14.33 32 32 32h464c8.84 0 16-7.16 16-16v-16c0-8.84-7.16-16-16-16zm-387.2-48h22.4c6.4 0 12.8-6.4 12.8-12.8v-70.4c0-6.4-6.4-12.8-12.8-12.8h-22.4c-6.4 0-12.8 6.4-12.8 12.8v70.4c0 6.4 6.4 12.8 12.8 12.8z\" class=\"\"><\/path><\/svg><\/i> <img loading=\"lazy\" decoding=\"async\" width=\"16\" height=\"16\" alt=\"Loading\" src=\"https:\/\/temucotelevision.cl\/web\/wp-content\/plugins\/page-views-count\/ajax-loader-2x.gif\" border=0 \/><\/p><div class=\"pvc_clear\"><\/div>\n<p class=\"wp-block-paragraph\">La Escuela Pr\u00e1ctica de Artes y el artista teatral y gestor cultural, Eduardo Salvador D\u00edaz, estrenar\u00e1n -de forma online y presencial*-, dos proyectos art\u00edsticos durante este segundo semestre en Temuco. Ambas actividades, ser\u00e1n de acceso liberado para la poblaci\u00f3n.&nbsp;<\/p>\n\n\n\n<p class=\"wp-block-paragraph\">*Sujeto a las condiciones sanitarias.&nbsp;<\/p>\n\n\n\n<p class=\"wp-block-paragraph\"><strong><u>MON\u00d3LOGOS ESENCIALES<\/u><\/strong><\/p>\n\n\n\n<p class=\"wp-block-paragraph\">Tragedia, Comedia y Drama, ser\u00e1n la excusa perfecta para hablar de teatro. Tres cap\u00edtulos y dos mon\u00f3logos esenciales por cada uno, invitar\u00e1n a los espectadores a sumergirse en las visiones de mundo que distintos autores, desde la antigua Grecia hasta nuestros d\u00edas, han plasmado en sus obras. As\u00ed\u2026 Hamlet y Ant\u00edgona\u2026 Lis\u00edstrata y Alceste\u2026 Ivanov y Nora\u2026 ser\u00e1n visitados por cuatro artistas teatrales de la regi\u00f3n.<\/p>\n\n\n\n<p class=\"wp-block-paragraph\">Este proyecto ha sido ganador del concurso Activarte 2021, impulsado por la I. Municipalidad de Temuco y la Corporaci\u00f3n Cultural de Temuco.<\/p>\n\n\n\n<ul class=\"wp-block-list\"><li>FUNCIONES ONLINE<\/li><\/ul>\n\n\n\n<p class=\"wp-block-paragraph\">1, 2 y 3 de Octubre a las 21:00 horas<\/p>\n\n\n\n<p class=\"wp-block-paragraph\">Facebook Live: Talleres Teatro Temuco<\/p>\n\n\n\n<p class=\"wp-block-paragraph\">Presencial*: Escuela Pr\u00e1ctica de Artes, Espa\u00f1a 98. Temuco.<\/p>\n\n\n\n<p class=\"wp-block-paragraph\"><strong>*Previa inscripci\u00f3n al mail&nbsp;<\/strong><a><strong>letrasresonantes@gmail.com<\/strong><\/a><strong>. Se requerir\u00e1 Pase de Movilidad. Aforo limitado.<\/strong><\/p>\n\n\n\n<ul class=\"wp-block-list\"><li>FICHA ARTISTICA<\/li><\/ul>\n\n\n\n<p class=\"wp-block-paragraph\">Actrices Invitadas: Sandra Meezs, Macarena Bejares y Tamara Colipan.<\/p>\n\n\n\n<p class=\"wp-block-paragraph\">Conduce: Eduardo Salvador D\u00edaz.<\/p>\n\n\n\n<p class=\"wp-block-paragraph\">Idea Original y Producci\u00f3n: Eduardo Salvador D\u00edaz.&nbsp;&nbsp;&nbsp;&nbsp;<\/p>\n\n\n\n<p class=\"wp-block-paragraph\"><strong><u>LETRAS RESONANTES<\/u><\/strong><\/p>\n\n\n\n<p class=\"wp-block-paragraph\">Con 16 funciones online desde Temuco para el mundo y 12 presenciales en tres comunidades mapuche del territorio, el proyecto LETRAS RESONANTES, a cargo del artista teatral y gestor cultural, Eduardo Salvador D\u00edaz, ver\u00e1 la luz en octubre.&nbsp;&nbsp;&nbsp;&nbsp;<\/p>\n\n\n\n<p class=\"wp-block-paragraph\">A trav\u00e9s de lecturas dramatizadas y musicalizadas con piano y guitarra, las letras llenas de terror del norteamericano Edgar Allan Poe, de extra\u00f1a fantas\u00eda del uruguayo Horacio Quiroga y de descarnada realidad, en el caso del ruso M\u00e1ximo Gorki y del chileno Baldomero Lillo, cobrar\u00e1n sentido en un territorio donde la oralidad se niega, y con justo derecho, a desaparecer.<\/p>\n\n\n\n<p class=\"wp-block-paragraph\">Financiado por los Fondos de Libro y la Lectura del Ministerio de las Culturas, las Artes y el Patrimonio, este proyecto busca validar la transmisi\u00f3n oral como constructo de sentido y realidad, junto con contribuir al fomento lector desde y en el territorio.<\/p>\n\n\n\n<ul class=\"wp-block-list\"><li>FUNCIONES ONLINE<\/li><\/ul>\n\n\n\n<p class=\"wp-block-paragraph\">Desde el viernes 8 de octubre al 27 de noviembre.<\/p>\n\n\n\n<p class=\"wp-block-paragraph\">Viernes y S\u00e1bados a las 21:00 horas.<\/p>\n\n\n\n<p class=\"wp-block-paragraph\">Facebook Live Talleres Teatro Temuco.<\/p>\n\n\n\n<p class=\"wp-block-paragraph\">Presencial: Escuela Pr\u00e1ctica de Artes, Espa\u00f1a 98. Temuco*<\/p>\n\n\n\n<p class=\"wp-block-paragraph\"><strong>*Previa inscripci\u00f3n al mail&nbsp;<\/strong><a><strong>letrasresonantes@gmail.com<\/strong><\/a><strong>. Se requerir\u00e1 Pase de Movilidad. Aforo limitado.<\/strong><strong><\/strong><\/p>\n\n\n\n<ul class=\"wp-block-list\"><li>FUNCIONES EN EL TERRITORIO&nbsp;<\/li><\/ul>\n\n\n\n<p class=\"wp-block-paragraph\">Diciembre y Enero, en fechas por confirmar. Las funciones ser\u00e1n al aire libre.<\/p>\n\n\n\n<p class=\"wp-block-paragraph\">Territorios: Lof Boroa (CSI Filulawen), Lof Mait\u00e9n (Comunidad Pedro Mel\u00edn), Lof Makewe (Comunidad Juana Morales vda. De Zu\u00f1iga)&nbsp;<\/p>\n\n\n\n<ul class=\"wp-block-list\"><li>FICHA T\u00c9CNICA<\/li><\/ul>\n\n\n\n<p class=\"wp-block-paragraph\">Cuentos: \u201cLa M\u00e1scara de la Muerte Roja\u201d y \u201cEl Gato Negro\u201d de E.A. Poe. \/ \u201cEn la Estepa\u201d \/ \u201cFlor de Miseria\u201d de M\u00e1ximo Gorki \/ \u201cLa Gallina Degollada\u201d de Horacio Quiroga \/ \u201cEl Chifl\u00f3n del Diablo\u201d y \u201cQuilap\u00e1n\u201d de Baldomero Lillo.<\/p>\n\n\n\n<p class=\"wp-block-paragraph\">Voz: Eduardo Salvador D\u00edaz<\/p>\n\n\n\n<p class=\"wp-block-paragraph\">Piano: Luc\u00eda Uribe P\u00e9rez<\/p>\n\n\n\n<p class=\"wp-block-paragraph\">Guitarra: Andr\u00e9s Pardo Laurie<\/p>\n\n\n\n<p class=\"wp-block-paragraph\">M\u00fasica: Scriabin, Bart\u00f3k, Schumann, Mussorgsky, Villa-Lobos, Pardo y Matraz.<\/p>\n\n\n\n<p class=\"wp-block-paragraph\">Registro Audiovisual: Francisca Cabral<\/p>\n","protected":false},"excerpt":{"rendered":"<div class=\"pvc_clear\"><\/div>\n<p id=\"pvc_stats_24738\" class=\"pvc_stats total_only  \" data-element-id=\"24738\" style=\"\"><i class=\"pvc-stats-icon large\" aria-hidden=\"true\"><svg aria-hidden=\"true\" focusable=\"false\" data-prefix=\"far\" data-icon=\"chart-bar\" role=\"img\" xmlns=\"http:\/\/www.w3.org\/2000\/svg\" viewBox=\"0 0 512 512\" class=\"svg-inline--fa fa-chart-bar fa-w-16 fa-2x\"><path fill=\"currentColor\" d=\"M396.8 352h22.4c6.4 0 12.8-6.4 12.8-12.8V108.8c0-6.4-6.4-12.8-12.8-12.8h-22.4c-6.4 0-12.8 6.4-12.8 12.8v230.4c0 6.4 6.4 12.8 12.8 12.8zm-192 0h22.4c6.4 0 12.8-6.4 12.8-12.8V140.8c0-6.4-6.4-12.8-12.8-12.8h-22.4c-6.4 0-12.8 6.4-12.8 12.8v198.4c0 6.4 6.4 12.8 12.8 12.8zm96 0h22.4c6.4 0 12.8-6.4 12.8-12.8V204.8c0-6.4-6.4-12.8-12.8-12.8h-22.4c-6.4 0-12.8 6.4-12.8 12.8v134.4c0 6.4 6.4 12.8 12.8 12.8zM496 400H48V80c0-8.84-7.16-16-16-16H16C7.16 64 0 71.16 0 80v336c0 17.67 14.33 32 32 32h464c8.84 0 16-7.16 16-16v-16c0-8.84-7.16-16-16-16zm-387.2-48h22.4c6.4 0 12.8-6.4 12.8-12.8v-70.4c0-6.4-6.4-12.8-12.8-12.8h-22.4c-6.4 0-12.8 6.4-12.8 12.8v70.4c0 6.4 6.4 12.8 12.8 12.8z\" class=\"\"><\/path><\/svg><\/i> <img loading=\"lazy\" decoding=\"async\" width=\"16\" height=\"16\" alt=\"Loading\" src=\"https:\/\/temucotelevision.cl\/web\/wp-content\/plugins\/page-views-count\/ajax-loader-2x.gif\" border=0 \/><\/p>\n<div class=\"pvc_clear\"><\/div>\n<p>La Escuela Pr\u00e1ctica de Artes y el artista teatral y gestor cultural, Eduardo Salvador D\u00edaz, estrenar\u00e1n -de forma online y<\/p>\n","protected":false},"author":1,"featured_media":24739,"comment_status":"open","ping_status":"open","sticky":false,"template":"","format":"standard","meta":{"colormag_page_container_layout":"default_layout","colormag_page_sidebar_layout":"default_layout","advanced_seo_description":"","jetpack_seo_html_title":"","jetpack_seo_noindex":false,"jetpack_seo_schema_type":"","_jetpack_newsletter_access":"","_jetpack_dont_email_post_to_subs":false,"_jetpack_newsletter_tier_id":0,"_jetpack_memberships_contains_paywalled_content":false,"_jetpack_feature_clip_id":0,"_jetpack_memberships_contains_paid_content":false,"footnotes":"","jetpack_publicize_message":"","jetpack_publicize_feature_enabled":true,"jetpack_social_post_already_shared":false,"jetpack_social_options":{"image_generator_settings":{"template":"highway","default_image_id":0,"font":"","enabled":false},"version":2},"jetpack_post_was_ever_published":false},"categories":[86],"tags":[3271,734,2689],"class_list":["post-24738","post","type-post","status-publish","format-standard","has-post-thumbnail","hentry","category-panoramas","tag-autores","tag-escuela","tag-universal"],"a3_pvc":{"activated":true,"total_views":35,"today_views":0},"jetpack_publicize_connections":[],"jetpack_sharing_enabled":true,"jetpack_likes_enabled":true,"jetpack_featured_media_url":"https:\/\/temucotelevision.cl\/web\/wp-content\/uploads\/2021\/09\/Literatura.jpg","_links":{"self":[{"href":"https:\/\/temucotelevision.cl\/web\/wp-json\/wp\/v2\/posts\/24738","targetHints":{"allow":["GET"]}}],"collection":[{"href":"https:\/\/temucotelevision.cl\/web\/wp-json\/wp\/v2\/posts"}],"about":[{"href":"https:\/\/temucotelevision.cl\/web\/wp-json\/wp\/v2\/types\/post"}],"author":[{"embeddable":true,"href":"https:\/\/temucotelevision.cl\/web\/wp-json\/wp\/v2\/users\/1"}],"replies":[{"embeddable":true,"href":"https:\/\/temucotelevision.cl\/web\/wp-json\/wp\/v2\/comments?post=24738"}],"version-history":[{"count":1,"href":"https:\/\/temucotelevision.cl\/web\/wp-json\/wp\/v2\/posts\/24738\/revisions"}],"predecessor-version":[{"id":24740,"href":"https:\/\/temucotelevision.cl\/web\/wp-json\/wp\/v2\/posts\/24738\/revisions\/24740"}],"wp:featuredmedia":[{"embeddable":true,"href":"https:\/\/temucotelevision.cl\/web\/wp-json\/wp\/v2\/media\/24739"}],"wp:attachment":[{"href":"https:\/\/temucotelevision.cl\/web\/wp-json\/wp\/v2\/media?parent=24738"}],"wp:term":[{"taxonomy":"category","embeddable":true,"href":"https:\/\/temucotelevision.cl\/web\/wp-json\/wp\/v2\/categories?post=24738"},{"taxonomy":"post_tag","embeddable":true,"href":"https:\/\/temucotelevision.cl\/web\/wp-json\/wp\/v2\/tags?post=24738"}],"curies":[{"name":"wp","href":"https:\/\/api.w.org\/{rel}","templated":true}]}}