{"id":23477,"date":"2021-07-23T19:02:01","date_gmt":"2021-07-23T22:02:01","guid":{"rendered":"https:\/\/temucotelevision.cl\/web\/?p=23477"},"modified":"2021-07-23T19:02:02","modified_gmt":"2021-07-23T22:02:02","slug":"celis-compromete-notarialmente-una-campana-libre-de-plasticos","status":"publish","type":"post","link":"https:\/\/temucotelevision.cl\/web\/2021\/07\/23\/celis-compromete-notarialmente-una-campana-libre-de-plasticos\/","title":{"rendered":"Celis compromete notarialmente una campa\u00f1a libre de pl\u00e1sticos"},"content":{"rendered":"<div class=\"pvc_clear\"><\/div><p id=\"pvc_stats_23477\" class=\"pvc_stats total_only  \" data-element-id=\"23477\" style=\"\"><i class=\"pvc-stats-icon large\" aria-hidden=\"true\"><svg aria-hidden=\"true\" focusable=\"false\" data-prefix=\"far\" data-icon=\"chart-bar\" role=\"img\" xmlns=\"http:\/\/www.w3.org\/2000\/svg\" viewBox=\"0 0 512 512\" class=\"svg-inline--fa fa-chart-bar fa-w-16 fa-2x\"><path fill=\"currentColor\" d=\"M396.8 352h22.4c6.4 0 12.8-6.4 12.8-12.8V108.8c0-6.4-6.4-12.8-12.8-12.8h-22.4c-6.4 0-12.8 6.4-12.8 12.8v230.4c0 6.4 6.4 12.8 12.8 12.8zm-192 0h22.4c6.4 0 12.8-6.4 12.8-12.8V140.8c0-6.4-6.4-12.8-12.8-12.8h-22.4c-6.4 0-12.8 6.4-12.8 12.8v198.4c0 6.4 6.4 12.8 12.8 12.8zm96 0h22.4c6.4 0 12.8-6.4 12.8-12.8V204.8c0-6.4-6.4-12.8-12.8-12.8h-22.4c-6.4 0-12.8 6.4-12.8 12.8v134.4c0 6.4 6.4 12.8 12.8 12.8zM496 400H48V80c0-8.84-7.16-16-16-16H16C7.16 64 0 71.16 0 80v336c0 17.67 14.33 32 32 32h464c8.84 0 16-7.16 16-16v-16c0-8.84-7.16-16-16-16zm-387.2-48h22.4c6.4 0 12.8-6.4 12.8-12.8v-70.4c0-6.4-6.4-12.8-12.8-12.8h-22.4c-6.4 0-12.8 6.4-12.8 12.8v70.4c0 6.4 6.4 12.8 12.8 12.8z\" class=\"\"><\/path><\/svg><\/i> <img loading=\"lazy\" decoding=\"async\" width=\"16\" height=\"16\" alt=\"Loading\" src=\"https:\/\/temucotelevision.cl\/web\/wp-content\/plugins\/page-views-count\/ajax-loader-2x.gif\" border=0 \/><\/p><div class=\"pvc_clear\"><\/div>\n<p>Como una manera de contribuir a la salud del medioambiente que frecuentemente se ve invadido de materiales pl\u00e1sticos producto de las campa\u00f1as electorales, el diputado por La Araucan\u00eda Ricardo Celis se comprometi\u00f3 ante notario a realizar una campa\u00f1a libre de todo tipo de pl\u00e1sticos.<\/p>\n\n\n\n<p>As\u00ed lo declar\u00f3 durante un acto notarial en el cual adem\u00e1s realiz\u00f3 un compromiso notarial de no estar afecto a inhabilidades para repostular al cargo de diputado, un requisito para poder inscribir posteriormente su candidatura para un segundo periodo en el cargo.<\/p>\n\n\n\n<p>\u201cEstoy iniciando proceso de inscripci\u00f3n para mi primera repostulaci\u00f3n como diputado del distrito 23, lo que es una declaraci\u00f3n notarial de que no poseo inhabilidades para ello. Pero adem\u00e1s estoy haciendo una declaraci\u00f3n donde mi compromiso es hacer esta campa\u00f1a libre de pl\u00e1stico, lo cual si bien es una desventaja, para eso est\u00e1n los otros medios radiales, audiovisuales, redes sociales, etc. Hay que ser consecuente, el cambio clim\u00e1tico esta sobre nosotros y tenemos que hacer este compromiso por coherencia\u201d declar\u00f3 el parlamentario.<\/p>\n\n\n\n<p>Con esta declaraci\u00f3n notarial, Celis es el primer candidato en hacer p\u00fablica su intenci\u00f3n de no utilizar elementos pl\u00e1sticos en su campa\u00f1a, lo que implica que no usar\u00e1 palomas, lienzos o pendones entre otros elementos de publicidad muy tradicionales en este \u00e1mbito: \u201cHay 35 candidatos a diputado y si cada uno tiene 50 palomas hay 24 mil metros cuadrados de PVC, asi de importante es. Si le suma a eso los candidatos a CORE, a senadores y presidenciales la cantidad en la naturaleza es mucho mayor\u201d declar\u00f3 el legislador, quien realiz\u00f3 una invitaci\u00f3n a todos los candidatos que quieran hacer campa\u00f1a a no utilizar estos elementos.<\/p>\n\n\n\n<p>\u201cInvito a que todos hagamos campa\u00f1as sin palomas, sin PVC. Podemos tener alg\u00fan material grafico pero que sea biodegradable o reciclable pero no con pl\u00e1stico. Aunque uno lo recicle el pl\u00e1stico queda. Y ese es mi compromiso, hacer una campa\u00f1a libre de pl\u00e1stico\u201d finaliz\u00f3 el parlamentario.<\/p>\n","protected":false},"excerpt":{"rendered":"<div class=\"pvc_clear\"><\/div>\n<p id=\"pvc_stats_23477\" class=\"pvc_stats total_only  \" data-element-id=\"23477\" style=\"\"><i class=\"pvc-stats-icon large\" aria-hidden=\"true\"><svg aria-hidden=\"true\" focusable=\"false\" data-prefix=\"far\" data-icon=\"chart-bar\" role=\"img\" xmlns=\"http:\/\/www.w3.org\/2000\/svg\" viewBox=\"0 0 512 512\" class=\"svg-inline--fa fa-chart-bar fa-w-16 fa-2x\"><path fill=\"currentColor\" d=\"M396.8 352h22.4c6.4 0 12.8-6.4 12.8-12.8V108.8c0-6.4-6.4-12.8-12.8-12.8h-22.4c-6.4 0-12.8 6.4-12.8 12.8v230.4c0 6.4 6.4 12.8 12.8 12.8zm-192 0h22.4c6.4 0 12.8-6.4 12.8-12.8V140.8c0-6.4-6.4-12.8-12.8-12.8h-22.4c-6.4 0-12.8 6.4-12.8 12.8v198.4c0 6.4 6.4 12.8 12.8 12.8zm96 0h22.4c6.4 0 12.8-6.4 12.8-12.8V204.8c0-6.4-6.4-12.8-12.8-12.8h-22.4c-6.4 0-12.8 6.4-12.8 12.8v134.4c0 6.4 6.4 12.8 12.8 12.8zM496 400H48V80c0-8.84-7.16-16-16-16H16C7.16 64 0 71.16 0 80v336c0 17.67 14.33 32 32 32h464c8.84 0 16-7.16 16-16v-16c0-8.84-7.16-16-16-16zm-387.2-48h22.4c6.4 0 12.8-6.4 12.8-12.8v-70.4c0-6.4-6.4-12.8-12.8-12.8h-22.4c-6.4 0-12.8 6.4-12.8 12.8v70.4c0 6.4 6.4 12.8 12.8 12.8z\" class=\"\"><\/path><\/svg><\/i> <img loading=\"lazy\" decoding=\"async\" width=\"16\" height=\"16\" alt=\"Loading\" src=\"https:\/\/temucotelevision.cl\/web\/wp-content\/plugins\/page-views-count\/ajax-loader-2x.gif\" border=0 \/><\/p>\n<div class=\"pvc_clear\"><\/div>\n<p>Como una manera de contribuir a la salud del medioambiente que frecuentemente se ve invadido de materiales pl\u00e1sticos producto de<\/p>\n","protected":false},"author":1,"featured_media":23478,"comment_status":"open","ping_status":"open","sticky":false,"template":"","format":"standard","meta":{"colormag_page_container_layout":"default_layout","colormag_page_sidebar_layout":"default_layout","footnotes":""},"categories":[84],"tags":[2547],"class_list":["post-23477","post","type-post","status-publish","format-standard","has-post-thumbnail","hentry","category-politica","tag-celis"],"a3_pvc":{"activated":true,"total_views":41,"today_views":0},"_links":{"self":[{"href":"https:\/\/temucotelevision.cl\/web\/wp-json\/wp\/v2\/posts\/23477","targetHints":{"allow":["GET"]}}],"collection":[{"href":"https:\/\/temucotelevision.cl\/web\/wp-json\/wp\/v2\/posts"}],"about":[{"href":"https:\/\/temucotelevision.cl\/web\/wp-json\/wp\/v2\/types\/post"}],"author":[{"embeddable":true,"href":"https:\/\/temucotelevision.cl\/web\/wp-json\/wp\/v2\/users\/1"}],"replies":[{"embeddable":true,"href":"https:\/\/temucotelevision.cl\/web\/wp-json\/wp\/v2\/comments?post=23477"}],"version-history":[{"count":1,"href":"https:\/\/temucotelevision.cl\/web\/wp-json\/wp\/v2\/posts\/23477\/revisions"}],"predecessor-version":[{"id":23479,"href":"https:\/\/temucotelevision.cl\/web\/wp-json\/wp\/v2\/posts\/23477\/revisions\/23479"}],"wp:featuredmedia":[{"embeddable":true,"href":"https:\/\/temucotelevision.cl\/web\/wp-json\/wp\/v2\/media\/23478"}],"wp:attachment":[{"href":"https:\/\/temucotelevision.cl\/web\/wp-json\/wp\/v2\/media?parent=23477"}],"wp:term":[{"taxonomy":"category","embeddable":true,"href":"https:\/\/temucotelevision.cl\/web\/wp-json\/wp\/v2\/categories?post=23477"},{"taxonomy":"post_tag","embeddable":true,"href":"https:\/\/temucotelevision.cl\/web\/wp-json\/wp\/v2\/tags?post=23477"}],"curies":[{"name":"wp","href":"https:\/\/api.w.org\/{rel}","templated":true}]}}