{"id":23470,"date":"2021-07-23T18:44:26","date_gmt":"2021-07-23T21:44:26","guid":{"rendered":"https:\/\/temucotelevision.cl\/web\/?p=23470"},"modified":"2021-07-23T18:49:07","modified_gmt":"2021-07-23T21:49:07","slug":"rada-presenta-ordenanza-basura-cero-en-concejo-municipal-de-temuco","status":"publish","type":"post","link":"https:\/\/temucotelevision.cl\/web\/2021\/07\/23\/rada-presenta-ordenanza-basura-cero-en-concejo-municipal-de-temuco\/","title":{"rendered":"Rada presenta ordenanza &#8220;Basura Cero&#8221; en Concejo Municipal de Temuco"},"content":{"rendered":"<div class=\"pvc_clear\"><\/div><p id=\"pvc_stats_23470\" class=\"pvc_stats total_only  \" data-element-id=\"23470\" style=\"\"><i class=\"pvc-stats-icon large\" aria-hidden=\"true\"><svg aria-hidden=\"true\" focusable=\"false\" data-prefix=\"far\" data-icon=\"chart-bar\" role=\"img\" xmlns=\"http:\/\/www.w3.org\/2000\/svg\" viewBox=\"0 0 512 512\" class=\"svg-inline--fa fa-chart-bar fa-w-16 fa-2x\"><path fill=\"currentColor\" d=\"M396.8 352h22.4c6.4 0 12.8-6.4 12.8-12.8V108.8c0-6.4-6.4-12.8-12.8-12.8h-22.4c-6.4 0-12.8 6.4-12.8 12.8v230.4c0 6.4 6.4 12.8 12.8 12.8zm-192 0h22.4c6.4 0 12.8-6.4 12.8-12.8V140.8c0-6.4-6.4-12.8-12.8-12.8h-22.4c-6.4 0-12.8 6.4-12.8 12.8v198.4c0 6.4 6.4 12.8 12.8 12.8zm96 0h22.4c6.4 0 12.8-6.4 12.8-12.8V204.8c0-6.4-6.4-12.8-12.8-12.8h-22.4c-6.4 0-12.8 6.4-12.8 12.8v134.4c0 6.4 6.4 12.8 12.8 12.8zM496 400H48V80c0-8.84-7.16-16-16-16H16C7.16 64 0 71.16 0 80v336c0 17.67 14.33 32 32 32h464c8.84 0 16-7.16 16-16v-16c0-8.84-7.16-16-16-16zm-387.2-48h22.4c6.4 0 12.8-6.4 12.8-12.8v-70.4c0-6.4-6.4-12.8-12.8-12.8h-22.4c-6.4 0-12.8 6.4-12.8 12.8v70.4c0 6.4 6.4 12.8 12.8 12.8z\" class=\"\"><\/path><\/svg><\/i> <img loading=\"lazy\" decoding=\"async\" width=\"16\" height=\"16\" alt=\"Loading\" src=\"https:\/\/temucotelevision.cl\/web\/wp-content\/plugins\/page-views-count\/ajax-loader-2x.gif\" border=0 \/><\/p><div class=\"pvc_clear\"><\/div>\n<p>Temuco, martes 20 de julio de 2021. La Red de Acci\u00f3n por los Derechos Ambientales RADA, present\u00f3 ante el nuevo Concejo Municipal de Temuco, la propuesta de ordenanza municipal Basura Cero redactada por la Alianza Basura Cero Chile a fines del 2020 y que ha causado gran inter\u00e9s en decenas de municipios del pa\u00eds.<\/p>\n\n\n\n<p>Alejandra Parra, miembro de RADA y parte del equipo redactor de la propuesta de ordenanza, inst\u00f3 en la ocasi\u00f3n al Concejo Municipal de Temuco, a que asuma el desaf\u00edo de aprobar la ordenanza e implementar la estrategia Basura Cero para la gesti\u00f3n sustentable de residuos y basura en la comuna.<\/p>\n\n\n\n<p>La propuesta de ordenanza tiene como objetivo servir como herramienta de apoyo a los municipios que cuenten con la voluntad pol\u00edtica para implementar Basura Cero. Los pilares de un sistema Basura Cero a nivel comunal son la separaci\u00f3n en origen de las fracciones compostable, reciclable y basura, la recolecci\u00f3n diferenciada puerta a puerta de dichas fracciones, la recuperaci\u00f3n de los nutrientes en un centro de compostaje, de los materiales reciclables en un centro de acondicionamiento de materiales reciclables, y la reducci\u00f3n progresiva de la fracci\u00f3n basura con pol\u00edticas y estrategias de incentivo a la reducci\u00f3n y desincentivo a la generaci\u00f3n de basura. Con la implementaci\u00f3n de estos pasos se puede avanzar r\u00e1pidamente en la reducci\u00f3n de un 70% de la disposici\u00f3n final de residuos y m\u00e1s.<\/p>\n\n\n\n<figure class=\"wp-block-image size-full\"><img loading=\"lazy\" decoding=\"async\" width=\"726\" height=\"556\" src=\"https:\/\/temucotelevision.cl\/web\/wp-content\/uploads\/2021\/07\/Basura-Cero.png\" alt=\"\" class=\"wp-image-23471\"\/><\/figure>\n\n\n\n<p>En la audiencia, la organizaci\u00f3n entreg\u00f3 a l@s integrantes del concejo y funcionari@s municipales presentes, la revista que resume los resultados del proyecto \u201cHacia Basura Cero en Campos Deportivos\u201d, proyecto implementado en 2017 y 2018 en el barrio Campos Deportivos de Temuco, con excelentes resultados y la participaci\u00f3n de m\u00e1s de cien vecinas y vecinos del hist\u00f3rico barrio temuquense, que aprendieron a compostar en sus casa, a separar los residuos reciclables y a ser agentes de cambio en sus c\u00edrculos sociales para promover la estrategia basura cero a nivel familiar. <\/p>\n\n\n\n<p>Los materiales reciclables son recolectados hasta el d\u00eda de hoy, puerta a puerta por la recicladora de base Elisa Millanao, lo cual no ha estado exento de problemas ya que l@s reciclador@s de base deben enfrentarse a enormes fluctuaciones en el precio de los materiales, el oligopsonio de empresas compradoras, la falta de reconocimiento de su trabajo (y falta de pago por servicio), y los \u00faltimos dos a\u00f1os a la pandemia por COVID 19 que muchas veces les ha impedido trabajar. Sin embargo la recolecci\u00f3n diferenciada de reciclables y el compostaje dom\u00e9stico contin\u00faa como legado del proyecto implementado por la RADA en ese barrio de la capital regional.<\/p>\n\n\n\n<figure class=\"wp-block-image size-full\"><img loading=\"lazy\" decoding=\"async\" width=\"715\" height=\"524\" src=\"https:\/\/temucotelevision.cl\/web\/wp-content\/uploads\/2021\/07\/Basura-Cero3.png\" alt=\"\" class=\"wp-image-23472\"\/><\/figure>\n\n\n\n<p>Adem\u00e1s de la revista, la organizaci\u00f3n entreg\u00f3 el Documento Complementario de la propuesta de Ordenanza Basura Cero, y la ordenanza propiamente tal. El documento complementario contiene los fundamentos de basura cero que comprende las nociones de que somos parte de la naturaleza, los ciclos de la naturaleza, la justicia ambiental y la jerarqu\u00eda de acciones Basura Cero. Tambi\u00e9n contiene ejemplos concretos de implementaci\u00f3n de Basura Cero a nivel comunal, donde el ejemplo de la aislada comuna de Futaleuf\u00fa demuestra que es una estrategia factible y realista, a\u00fan en condiciones geogr\u00e1ficas adversas.<\/p>\n\n\n\n<p>La Ordenanza Basura Cero tiene por objetivo reducir al m\u00ednimo la disposici\u00f3n final de basura y residuos, mediante la sensibilizaci\u00f3n y educaci\u00f3n ambiental, la separaci\u00f3n en origen, recolecci\u00f3n diferenciada mediante calendarizaci\u00f3n del retiro (al menos) de las fracciones compostable, reciclable, y fracci\u00f3n rechazo o basura, destinando las dos primeras a un centro de compostaje y acondicionamiento de materiales reciclables, transformando la disposici\u00f3n final de basura en la acci\u00f3n marginal de la gesti\u00f3n de residuos de la comuna y reduci\u00e9ndola progresivamente con pol\u00edticas de incentivo a la reducci\u00f3n y desincentivo a la generaci\u00f3n de basura.<\/p>\n\n\n\n<p> La propuesta de ordenanza insta a la incorporaci\u00f3n efectiva de l@s reciclador@s de base en la implementaci\u00f3n de Basura Cero, miles de personas en Chile que han sido la columna vertebral del reciclaje en el pa\u00eds casi sin apoyo institucional. Este sector, a pesar de estar reconocido en la Ley REP (o ley de reciclaje), en la pr\u00e1ctica hoy compite con empresas privadas que han visto en la ley REP la apertura de un nicho econ\u00f3mico que antes no les interesaba. La propuesta de ordenanza proh\u00edbe la incineraci\u00f3n de residuos, con o sin recuperaci\u00f3n de energ\u00eda, como m\u00e9todo de tratamiento de basura ya que genera sustancias t\u00f3xicas cancer\u00edgenas que se\u00a0\u00a0pueden respirar, beber en el agua e ingerir en los alimentos que se producen bajo la contaminaci\u00f3n de un incinerador, adem\u00e1s de ser un sistema que compite con la implementaci\u00f3n de Basura Cero por el uso de los residuos reciclables que son los de mayor poder calor\u00edfico.\u00a0<\/p>\n\n\n\n<figure class=\"wp-block-image size-full\"><img loading=\"lazy\" decoding=\"async\" width=\"301\" height=\"430\" src=\"https:\/\/temucotelevision.cl\/web\/wp-content\/uploads\/2021\/07\/Basura-Cero5.png\" alt=\"\" class=\"wp-image-23473\"\/><\/figure>\n\n\n\n<p>La organizaci\u00f3n busc\u00f3 tambi\u00e9n que el Concejo de Temuco se pronuncie sobre su rechazo al proyecto WTE Araucan\u00eda que busca instalar un incinerador de basura en Lautaro, inicialmente para quemar la basura de Temuco, y que amenaza la salud de las personas y el ambiente de toda la regi\u00f3n.&nbsp;<\/p>\n\n\n\n<p>El Concejo Municipal de Temuco acord\u00f3 llamar a la organizaci\u00f3n para profundizar en la propuesta en la Comisi\u00f3n de Medio Ambiente, presidida por la concejala del Partido Ecologista Verde Viviana D\u00edaz.<\/p>\n\n\n\n<p><\/p>\n","protected":false},"excerpt":{"rendered":"<div class=\"pvc_clear\"><\/div>\n<p id=\"pvc_stats_23470\" class=\"pvc_stats total_only  \" data-element-id=\"23470\" style=\"\"><i class=\"pvc-stats-icon large\" aria-hidden=\"true\"><svg aria-hidden=\"true\" focusable=\"false\" data-prefix=\"far\" data-icon=\"chart-bar\" role=\"img\" xmlns=\"http:\/\/www.w3.org\/2000\/svg\" viewBox=\"0 0 512 512\" class=\"svg-inline--fa fa-chart-bar fa-w-16 fa-2x\"><path fill=\"currentColor\" d=\"M396.8 352h22.4c6.4 0 12.8-6.4 12.8-12.8V108.8c0-6.4-6.4-12.8-12.8-12.8h-22.4c-6.4 0-12.8 6.4-12.8 12.8v230.4c0 6.4 6.4 12.8 12.8 12.8zm-192 0h22.4c6.4 0 12.8-6.4 12.8-12.8V140.8c0-6.4-6.4-12.8-12.8-12.8h-22.4c-6.4 0-12.8 6.4-12.8 12.8v198.4c0 6.4 6.4 12.8 12.8 12.8zm96 0h22.4c6.4 0 12.8-6.4 12.8-12.8V204.8c0-6.4-6.4-12.8-12.8-12.8h-22.4c-6.4 0-12.8 6.4-12.8 12.8v134.4c0 6.4 6.4 12.8 12.8 12.8zM496 400H48V80c0-8.84-7.16-16-16-16H16C7.16 64 0 71.16 0 80v336c0 17.67 14.33 32 32 32h464c8.84 0 16-7.16 16-16v-16c0-8.84-7.16-16-16-16zm-387.2-48h22.4c6.4 0 12.8-6.4 12.8-12.8v-70.4c0-6.4-6.4-12.8-12.8-12.8h-22.4c-6.4 0-12.8 6.4-12.8 12.8v70.4c0 6.4 6.4 12.8 12.8 12.8z\" class=\"\"><\/path><\/svg><\/i> <img loading=\"lazy\" decoding=\"async\" width=\"16\" height=\"16\" alt=\"Loading\" src=\"https:\/\/temucotelevision.cl\/web\/wp-content\/plugins\/page-views-count\/ajax-loader-2x.gif\" border=0 \/><\/p>\n<div class=\"pvc_clear\"><\/div>\n<p>Temuco, martes 20 de julio de 2021. La Red de Acci\u00f3n por los Derechos Ambientales RADA, present\u00f3 ante el nuevo<\/p>\n","protected":false},"author":1,"featured_media":23474,"comment_status":"open","ping_status":"open","sticky":false,"template":"","format":"standard","meta":{"colormag_page_container_layout":"default_layout","colormag_page_sidebar_layout":"default_layout","footnotes":""},"categories":[14],"tags":[98,591],"class_list":["post-23470","post","type-post","status-publish","format-standard","has-post-thumbnail","hentry","category-temuco","tag-ciudad","tag-municipio"],"a3_pvc":{"activated":true,"total_views":136,"today_views":0},"_links":{"self":[{"href":"https:\/\/temucotelevision.cl\/web\/wp-json\/wp\/v2\/posts\/23470","targetHints":{"allow":["GET"]}}],"collection":[{"href":"https:\/\/temucotelevision.cl\/web\/wp-json\/wp\/v2\/posts"}],"about":[{"href":"https:\/\/temucotelevision.cl\/web\/wp-json\/wp\/v2\/types\/post"}],"author":[{"embeddable":true,"href":"https:\/\/temucotelevision.cl\/web\/wp-json\/wp\/v2\/users\/1"}],"replies":[{"embeddable":true,"href":"https:\/\/temucotelevision.cl\/web\/wp-json\/wp\/v2\/comments?post=23470"}],"version-history":[{"count":2,"href":"https:\/\/temucotelevision.cl\/web\/wp-json\/wp\/v2\/posts\/23470\/revisions"}],"predecessor-version":[{"id":23476,"href":"https:\/\/temucotelevision.cl\/web\/wp-json\/wp\/v2\/posts\/23470\/revisions\/23476"}],"wp:featuredmedia":[{"embeddable":true,"href":"https:\/\/temucotelevision.cl\/web\/wp-json\/wp\/v2\/media\/23474"}],"wp:attachment":[{"href":"https:\/\/temucotelevision.cl\/web\/wp-json\/wp\/v2\/media?parent=23470"}],"wp:term":[{"taxonomy":"category","embeddable":true,"href":"https:\/\/temucotelevision.cl\/web\/wp-json\/wp\/v2\/categories?post=23470"},{"taxonomy":"post_tag","embeddable":true,"href":"https:\/\/temucotelevision.cl\/web\/wp-json\/wp\/v2\/tags?post=23470"}],"curies":[{"name":"wp","href":"https:\/\/api.w.org\/{rel}","templated":true}]}}