{"id":23468,"date":"2021-07-23T17:19:02","date_gmt":"2021-07-23T20:19:02","guid":{"rendered":"https:\/\/temucotelevision.cl\/web\/?p=23468"},"modified":"2021-07-23T17:19:05","modified_gmt":"2021-07-23T20:19:05","slug":"conapyme-pide-al-presidente-pinera-a-que-dicte-un-decreto-para-eliminar-el-impuesto-especifico-mientras-dure-la-crisis","status":"publish","type":"post","link":"https:\/\/temucotelevision.cl\/web\/2021\/07\/23\/conapyme-pide-al-presidente-pinera-a-que-dicte-un-decreto-para-eliminar-el-impuesto-especifico-mientras-dure-la-crisis\/","title":{"rendered":"Conapyme pide al presidente Pi\u00f1era a que dicte un decreto para eliminar el impuesto espec\u00edfico mientras dure la crisis"},"content":{"rendered":"<div class=\"pvc_clear\"><\/div><p id=\"pvc_stats_23468\" class=\"pvc_stats total_only  \" data-element-id=\"23468\" style=\"\"><i class=\"pvc-stats-icon large\" aria-hidden=\"true\"><svg aria-hidden=\"true\" focusable=\"false\" data-prefix=\"far\" data-icon=\"chart-bar\" role=\"img\" xmlns=\"http:\/\/www.w3.org\/2000\/svg\" viewBox=\"0 0 512 512\" class=\"svg-inline--fa fa-chart-bar fa-w-16 fa-2x\"><path fill=\"currentColor\" d=\"M396.8 352h22.4c6.4 0 12.8-6.4 12.8-12.8V108.8c0-6.4-6.4-12.8-12.8-12.8h-22.4c-6.4 0-12.8 6.4-12.8 12.8v230.4c0 6.4 6.4 12.8 12.8 12.8zm-192 0h22.4c6.4 0 12.8-6.4 12.8-12.8V140.8c0-6.4-6.4-12.8-12.8-12.8h-22.4c-6.4 0-12.8 6.4-12.8 12.8v198.4c0 6.4 6.4 12.8 12.8 12.8zm96 0h22.4c6.4 0 12.8-6.4 12.8-12.8V204.8c0-6.4-6.4-12.8-12.8-12.8h-22.4c-6.4 0-12.8 6.4-12.8 12.8v134.4c0 6.4 6.4 12.8 12.8 12.8zM496 400H48V80c0-8.84-7.16-16-16-16H16C7.16 64 0 71.16 0 80v336c0 17.67 14.33 32 32 32h464c8.84 0 16-7.16 16-16v-16c0-8.84-7.16-16-16-16zm-387.2-48h22.4c6.4 0 12.8-6.4 12.8-12.8v-70.4c0-6.4-6.4-12.8-12.8-12.8h-22.4c-6.4 0-12.8 6.4-12.8 12.8v70.4c0 6.4 6.4 12.8 12.8 12.8z\" class=\"\"><\/path><\/svg><\/i> <img loading=\"lazy\" decoding=\"async\" width=\"16\" height=\"16\" alt=\"Loading\" src=\"https:\/\/temucotelevision.cl\/web\/wp-content\/plugins\/page-views-count\/ajax-loader-2x.gif\" border=0 \/><\/p><div class=\"pvc_clear\"><\/div>\n<p><em>H\u00e9ctor Sandoval, presidente del gremio, dijo que el alza del precio de los combustibles est\u00e1 afectando el bolsillo de los ciudadanos y de muchas Pymes&nbsp;<\/em><\/p>\n\n\n\n<p>\u201cLlamamos nuevamente al presidente de la Rep\u00fablica, Sebasti\u00e1n Pi\u00f1era, a dictar un decreto, conforme a sus atribuciones en estado de cat\u00e1strofe, para disminuir o eliminar el impuesto espec\u00edfico mientras dure la crisis econ\u00f3mica y sanitaria. Llevamos 34 semanas con alzas en el precio de los combustibles y hay un di\u00e1logo de sordos\u201d, dijo el presidente del Consejo Nacional de la Micro, Peque\u00f1a y Mediana Empresa de Chile, CONAPYME, H\u00e9ctor Sandoval.<\/p>\n\n\n\n<p>\u201cQuienes usamos el combustible como principal insumo, como es el caso del comercio detallista que tiene que distribuir sus productos, las panader\u00edas, el transporte escolar, los taxis, los taxis colectivos y un sin n\u00famero de otras actividades, necesitan que los precios de los combustibles no contin\u00faen subiendo\u201d, enfatiz\u00f3.<\/p>\n\n\n\n<p>Agreg\u00f3 que \u201cse lo hemos planteado al gobierno de mil maneras, pero no vemos ning\u00fan tipo de reacci\u00f3n y se culpa a la OPEP, pero vemos que ellos han logrado ponerse de acuerdo, pero eso no se refleja en los precios que estamos pagando en Chile\u201d.<\/p>\n\n\n\n<p>\u201cNo s\u00e9 hasta cu\u00e1ndo el gobierno va a estar sin escuchar a la ciudadan\u00eda. Este es un tema que ya se hace insostenible, especialmente cuando casi el 50% de lo que estamos pagando tiene que ver con impuestos. En este caso el gobierno podr\u00eda congelar el pago mientras dure la crisis que estamos viviendo. Tenemos la crisis sanitaria, econ\u00f3mica y lo que es peor la salud mental tambi\u00e9n est\u00e1 haciendo crisis\u201d, puntualiz\u00f3 &nbsp;&nbsp;&nbsp;&nbsp;&nbsp;&nbsp;<\/p>\n\n\n\n<p><strong>Conapyme llama al sector de transporte menor a postular pronto al bono Pyme porque el plazo expira el 2 de agosto<\/strong><\/p>\n\n\n\n<p>Por otro lado, H\u00e9ctor Sandoval hizo un llamado al sector de transporte menor que hasta hoy hab\u00eda tenido dificultades para acceder al beneficio a postular desde este s\u00e1bado al bono Pyme, informando que, tras nuevas reuniones con la autoridad, est\u00e1n superados todos los problemas para que el transporte de pasajeros pueda recibir el beneficio.<\/p>\n\n\n\n<p>\u201cA partir del s\u00e1bado -sostuvo- ya pueden hacer las postulaciones todos los que estaban complicados. Quien tienen 1, 2 o 3 autos no va a tener ning\u00fan inconveniente\u201d.<\/p>\n\n\n\n<p>Sandoval se\u00f1al\u00f3 que \u201cen los \u00faltimos d\u00edas hubo varios reclamos por parte de los operadores del transporte menor, taxis, taxis colectivos, transporte escolar y taxi buses de regiones porque al minuto de postular el sistema no se los permit\u00eda. Pero hoy ya se solucion\u00f3 esa traba y quienes nunca hab\u00edan hecho iniciaci\u00f3n de actividades, bast\u00f3 leer la informaci\u00f3n que entreg\u00f3 el ministerio de Transporte y calificaban sin ninguna dificultad, incluso algunos ya recibieron el mill\u00f3n de pesos\u201d.<\/p>\n\n\n\n<p>Pero quienes ten\u00edan iniciaci\u00f3n de actividades, estaban complicados porque no hab\u00edan cumplido con la obligatoriedad de hacer el formulario 22, que es la declaraci\u00f3n anual de impuestos, por lo tanto, estaban en falta y se estaba buscando una formula para poder pagar hoy d\u00eda las multas correspondientes a los \u00faltimos 3 a\u00f1os, o los impuestos correspondientes a los 3 \u00faltimos a\u00f1os, que era un tema bastante complejo e injusto.&nbsp;<\/p>\n\n\n\n<p>\u201cAcabamos de terminar la \u00faltima reuni\u00f3n con Servicios de Impuestos Internos, SII, y de acuerdo con la legislaci\u00f3n, el meteo que hay entre lo que yo pago o aporto mensualmente como PPM (Pagos Provisionales Mensuales) y la devoluci\u00f3n al final de a\u00f1o, estar\u00edamos todos exentos.&nbsp;En estos casos est\u00e1 la voluntad para solucionar el problema sin existir ning\u00fan pago de por medio y si a\u00fan alguien tuviese alg\u00fan inconveniente realice la reclamaci\u00f3n en la misma p\u00e1gina para buscar la soluci\u00f3n&#8221;, concluy\u00f3.<\/p>\n","protected":false},"excerpt":{"rendered":"<div class=\"pvc_clear\"><\/div>\n<p id=\"pvc_stats_23468\" class=\"pvc_stats total_only  \" data-element-id=\"23468\" style=\"\"><i class=\"pvc-stats-icon large\" aria-hidden=\"true\"><svg aria-hidden=\"true\" focusable=\"false\" data-prefix=\"far\" data-icon=\"chart-bar\" role=\"img\" xmlns=\"http:\/\/www.w3.org\/2000\/svg\" viewBox=\"0 0 512 512\" class=\"svg-inline--fa fa-chart-bar fa-w-16 fa-2x\"><path fill=\"currentColor\" d=\"M396.8 352h22.4c6.4 0 12.8-6.4 12.8-12.8V108.8c0-6.4-6.4-12.8-12.8-12.8h-22.4c-6.4 0-12.8 6.4-12.8 12.8v230.4c0 6.4 6.4 12.8 12.8 12.8zm-192 0h22.4c6.4 0 12.8-6.4 12.8-12.8V140.8c0-6.4-6.4-12.8-12.8-12.8h-22.4c-6.4 0-12.8 6.4-12.8 12.8v198.4c0 6.4 6.4 12.8 12.8 12.8zm96 0h22.4c6.4 0 12.8-6.4 12.8-12.8V204.8c0-6.4-6.4-12.8-12.8-12.8h-22.4c-6.4 0-12.8 6.4-12.8 12.8v134.4c0 6.4 6.4 12.8 12.8 12.8zM496 400H48V80c0-8.84-7.16-16-16-16H16C7.16 64 0 71.16 0 80v336c0 17.67 14.33 32 32 32h464c8.84 0 16-7.16 16-16v-16c0-8.84-7.16-16-16-16zm-387.2-48h22.4c6.4 0 12.8-6.4 12.8-12.8v-70.4c0-6.4-6.4-12.8-12.8-12.8h-22.4c-6.4 0-12.8 6.4-12.8 12.8v70.4c0 6.4 6.4 12.8 12.8 12.8z\" class=\"\"><\/path><\/svg><\/i> <img loading=\"lazy\" decoding=\"async\" width=\"16\" height=\"16\" alt=\"Loading\" src=\"https:\/\/temucotelevision.cl\/web\/wp-content\/plugins\/page-views-count\/ajax-loader-2x.gif\" border=0 \/><\/p>\n<div class=\"pvc_clear\"><\/div>\n<p>H\u00e9ctor Sandoval, presidente del gremio, dijo que el alza del precio de los combustibles est\u00e1 afectando el bolsillo de los<\/p>\n","protected":false},"author":1,"featured_media":7271,"comment_status":"open","ping_status":"open","sticky":false,"template":"","format":"standard","meta":{"colormag_page_container_layout":"default_layout","colormag_page_sidebar_layout":"default_layout","footnotes":""},"categories":[14],"tags":[490,1994,1350],"class_list":["post-23468","post","type-post","status-publish","format-standard","has-post-thumbnail","hentry","category-temuco","tag-combustible","tag-crisis","tag-impuesto"],"a3_pvc":{"activated":true,"total_views":9,"today_views":0},"_links":{"self":[{"href":"https:\/\/temucotelevision.cl\/web\/wp-json\/wp\/v2\/posts\/23468","targetHints":{"allow":["GET"]}}],"collection":[{"href":"https:\/\/temucotelevision.cl\/web\/wp-json\/wp\/v2\/posts"}],"about":[{"href":"https:\/\/temucotelevision.cl\/web\/wp-json\/wp\/v2\/types\/post"}],"author":[{"embeddable":true,"href":"https:\/\/temucotelevision.cl\/web\/wp-json\/wp\/v2\/users\/1"}],"replies":[{"embeddable":true,"href":"https:\/\/temucotelevision.cl\/web\/wp-json\/wp\/v2\/comments?post=23468"}],"version-history":[{"count":1,"href":"https:\/\/temucotelevision.cl\/web\/wp-json\/wp\/v2\/posts\/23468\/revisions"}],"predecessor-version":[{"id":23469,"href":"https:\/\/temucotelevision.cl\/web\/wp-json\/wp\/v2\/posts\/23468\/revisions\/23469"}],"wp:featuredmedia":[{"embeddable":true,"href":"https:\/\/temucotelevision.cl\/web\/wp-json\/wp\/v2\/media\/7271"}],"wp:attachment":[{"href":"https:\/\/temucotelevision.cl\/web\/wp-json\/wp\/v2\/media?parent=23468"}],"wp:term":[{"taxonomy":"category","embeddable":true,"href":"https:\/\/temucotelevision.cl\/web\/wp-json\/wp\/v2\/categories?post=23468"},{"taxonomy":"post_tag","embeddable":true,"href":"https:\/\/temucotelevision.cl\/web\/wp-json\/wp\/v2\/tags?post=23468"}],"curies":[{"name":"wp","href":"https:\/\/api.w.org\/{rel}","templated":true}]}}