{"id":23465,"date":"2021-07-23T17:14:59","date_gmt":"2021-07-23T20:14:59","guid":{"rendered":"https:\/\/temucotelevision.cl\/web\/?p=23465"},"modified":"2021-07-23T17:15:01","modified_gmt":"2021-07-23T20:15:01","slug":"crimen-del-sargento-benavides-os-9-realizara-barrido-con-detector-de-metales-en-la-zona-donde-fue-abatido-el-carabinero","status":"publish","type":"post","link":"https:\/\/temucotelevision.cl\/web\/2021\/07\/23\/crimen-del-sargento-benavides-os-9-realizara-barrido-con-detector-de-metales-en-la-zona-donde-fue-abatido-el-carabinero\/","title":{"rendered":"Crimen del Sargento Benavides: OS-9 realizar\u00e1 \u201cbarrido\u201d con detector de metales en la zona donde fue abatido el carabinero"},"content":{"rendered":"<div class=\"pvc_clear\"><\/div><p id=\"pvc_stats_23465\" class=\"pvc_stats total_only  \" data-element-id=\"23465\" style=\"\"><i class=\"pvc-stats-icon large\" aria-hidden=\"true\"><svg aria-hidden=\"true\" focusable=\"false\" data-prefix=\"far\" data-icon=\"chart-bar\" role=\"img\" xmlns=\"http:\/\/www.w3.org\/2000\/svg\" viewBox=\"0 0 512 512\" class=\"svg-inline--fa fa-chart-bar fa-w-16 fa-2x\"><path fill=\"currentColor\" d=\"M396.8 352h22.4c6.4 0 12.8-6.4 12.8-12.8V108.8c0-6.4-6.4-12.8-12.8-12.8h-22.4c-6.4 0-12.8 6.4-12.8 12.8v230.4c0 6.4 6.4 12.8 12.8 12.8zm-192 0h22.4c6.4 0 12.8-6.4 12.8-12.8V140.8c0-6.4-6.4-12.8-12.8-12.8h-22.4c-6.4 0-12.8 6.4-12.8 12.8v198.4c0 6.4 6.4 12.8 12.8 12.8zm96 0h22.4c6.4 0 12.8-6.4 12.8-12.8V204.8c0-6.4-6.4-12.8-12.8-12.8h-22.4c-6.4 0-12.8 6.4-12.8 12.8v134.4c0 6.4 6.4 12.8 12.8 12.8zM496 400H48V80c0-8.84-7.16-16-16-16H16C7.16 64 0 71.16 0 80v336c0 17.67 14.33 32 32 32h464c8.84 0 16-7.16 16-16v-16c0-8.84-7.16-16-16-16zm-387.2-48h22.4c6.4 0 12.8-6.4 12.8-12.8v-70.4c0-6.4-6.4-12.8-12.8-12.8h-22.4c-6.4 0-12.8 6.4-12.8 12.8v70.4c0 6.4 6.4 12.8 12.8 12.8z\" class=\"\"><\/path><\/svg><\/i> <img loading=\"lazy\" decoding=\"async\" width=\"16\" height=\"16\" alt=\"Loading\" src=\"https:\/\/temucotelevision.cl\/web\/wp-content\/plugins\/page-views-count\/ajax-loader-2x.gif\" border=0 \/><\/p><div class=\"pvc_clear\"><\/div>\n<p>Un equipo especializado de Carabineros del OS-9 Araucan\u00eda, junto a funcionarios de la Instituci\u00f3n que llegaron desde Santiago para apoyar las diligencias investigativas, efectuar\u00e1n importantes diligencias encaminadas a dar con los autores del crimen del Sargento 1\u00b0 Francisco Benavides, abatido por un disparo mientras apoyaba en las labores de despeje en caminos interiores de la comuna de Collipulli, el d\u00eda martes 25 de mayo de este a\u00f1o.<\/p>\n\n\n\n<p>Los investigadores, los mismos que trabajan en el esclarecimiento del homicidio del Cabo Nain, donde ya se registra un detenido en prisi\u00f3n preventiva y dos pr\u00f3fugos de la justicia, efectuaran un \u201cbarrido\u201d por la Ruta R-35, R-46 y alrededores con detectores de metales, con la finalidad de hallar municiones que fueron percutidas por sujetos encapuchados entre los bosques y que acabaron con la vida del Carabinero de 42 a\u00f1os de edad.<\/p>\n\n\n\n<p>Las diligencias, las cuales se realizar\u00edan la pr\u00f3xima semana, se concentraran tanto en el camino Curaco como en el sector San Andr\u00e9s, donde el fat\u00eddico d\u00eda se registraron cortes de ruta y manifestaciones, previo a la emboscada. Asimismo, la b\u00fasqueda ser\u00e1 apoyada desde el aire por equipos dron, los que seguir\u00e1n al detalle cada paso de los investigadores por la zona.<\/p>\n\n\n\n<p>Las investigaci\u00f3n es desarrollada por el OS-9 y el Labocar de Carabineros, en conjunto con el fiscal Carlos Bustos, de la Fiscal\u00eda de Alta Complejidad.<\/p>\n","protected":false},"excerpt":{"rendered":"<div class=\"pvc_clear\"><\/div>\n<p id=\"pvc_stats_23465\" class=\"pvc_stats total_only  \" data-element-id=\"23465\" style=\"\"><i class=\"pvc-stats-icon large\" aria-hidden=\"true\"><svg aria-hidden=\"true\" focusable=\"false\" data-prefix=\"far\" data-icon=\"chart-bar\" role=\"img\" xmlns=\"http:\/\/www.w3.org\/2000\/svg\" viewBox=\"0 0 512 512\" class=\"svg-inline--fa fa-chart-bar fa-w-16 fa-2x\"><path fill=\"currentColor\" d=\"M396.8 352h22.4c6.4 0 12.8-6.4 12.8-12.8V108.8c0-6.4-6.4-12.8-12.8-12.8h-22.4c-6.4 0-12.8 6.4-12.8 12.8v230.4c0 6.4 6.4 12.8 12.8 12.8zm-192 0h22.4c6.4 0 12.8-6.4 12.8-12.8V140.8c0-6.4-6.4-12.8-12.8-12.8h-22.4c-6.4 0-12.8 6.4-12.8 12.8v198.4c0 6.4 6.4 12.8 12.8 12.8zm96 0h22.4c6.4 0 12.8-6.4 12.8-12.8V204.8c0-6.4-6.4-12.8-12.8-12.8h-22.4c-6.4 0-12.8 6.4-12.8 12.8v134.4c0 6.4 6.4 12.8 12.8 12.8zM496 400H48V80c0-8.84-7.16-16-16-16H16C7.16 64 0 71.16 0 80v336c0 17.67 14.33 32 32 32h464c8.84 0 16-7.16 16-16v-16c0-8.84-7.16-16-16-16zm-387.2-48h22.4c6.4 0 12.8-6.4 12.8-12.8v-70.4c0-6.4-6.4-12.8-12.8-12.8h-22.4c-6.4 0-12.8 6.4-12.8 12.8v70.4c0 6.4 6.4 12.8 12.8 12.8z\" class=\"\"><\/path><\/svg><\/i> <img loading=\"lazy\" decoding=\"async\" width=\"16\" height=\"16\" alt=\"Loading\" src=\"https:\/\/temucotelevision.cl\/web\/wp-content\/plugins\/page-views-count\/ajax-loader-2x.gif\" border=0 \/><\/p>\n<div class=\"pvc_clear\"><\/div>\n<p>Un equipo especializado de Carabineros del OS-9 Araucan\u00eda, junto a funcionarios de la Instituci\u00f3n que llegaron desde Santiago para apoyar<\/p>\n","protected":false},"author":1,"featured_media":23466,"comment_status":"open","ping_status":"open","sticky":false,"template":"","format":"standard","meta":{"colormag_page_container_layout":"default_layout","colormag_page_sidebar_layout":"default_layout","footnotes":""},"categories":[16],"tags":[217,137,218,91],"class_list":["post-23465","post","type-post","status-publish","format-standard","has-post-thumbnail","hentry","category-policial","tag-carabinero","tag-os9","tag-sargento","tag-zona"],"a3_pvc":{"activated":true,"total_views":44,"today_views":0},"_links":{"self":[{"href":"https:\/\/temucotelevision.cl\/web\/wp-json\/wp\/v2\/posts\/23465","targetHints":{"allow":["GET"]}}],"collection":[{"href":"https:\/\/temucotelevision.cl\/web\/wp-json\/wp\/v2\/posts"}],"about":[{"href":"https:\/\/temucotelevision.cl\/web\/wp-json\/wp\/v2\/types\/post"}],"author":[{"embeddable":true,"href":"https:\/\/temucotelevision.cl\/web\/wp-json\/wp\/v2\/users\/1"}],"replies":[{"embeddable":true,"href":"https:\/\/temucotelevision.cl\/web\/wp-json\/wp\/v2\/comments?post=23465"}],"version-history":[{"count":1,"href":"https:\/\/temucotelevision.cl\/web\/wp-json\/wp\/v2\/posts\/23465\/revisions"}],"predecessor-version":[{"id":23467,"href":"https:\/\/temucotelevision.cl\/web\/wp-json\/wp\/v2\/posts\/23465\/revisions\/23467"}],"wp:featuredmedia":[{"embeddable":true,"href":"https:\/\/temucotelevision.cl\/web\/wp-json\/wp\/v2\/media\/23466"}],"wp:attachment":[{"href":"https:\/\/temucotelevision.cl\/web\/wp-json\/wp\/v2\/media?parent=23465"}],"wp:term":[{"taxonomy":"category","embeddable":true,"href":"https:\/\/temucotelevision.cl\/web\/wp-json\/wp\/v2\/categories?post=23465"},{"taxonomy":"post_tag","embeddable":true,"href":"https:\/\/temucotelevision.cl\/web\/wp-json\/wp\/v2\/tags?post=23465"}],"curies":[{"name":"wp","href":"https:\/\/api.w.org\/{rel}","templated":true}]}}