{"id":23462,"date":"2021-07-23T17:06:04","date_gmt":"2021-07-23T20:06:04","guid":{"rendered":"https:\/\/temucotelevision.cl\/web\/?p=23462"},"modified":"2021-07-23T17:06:06","modified_gmt":"2021-07-23T20:06:06","slug":"gobernador-luciano-rivas-propuso-construir-planta-de-produccion-de-vacunas-en-la-araucania","status":"publish","type":"post","link":"https:\/\/temucotelevision.cl\/web\/2021\/07\/23\/gobernador-luciano-rivas-propuso-construir-planta-de-produccion-de-vacunas-en-la-araucania\/","title":{"rendered":"Gobernador Luciano Rivas propuso construir planta de producci\u00f3n de vacunas en La Araucan\u00eda"},"content":{"rendered":"<div class=\"pvc_clear\"><\/div><p id=\"pvc_stats_23462\" class=\"pvc_stats total_only  \" data-element-id=\"23462\" style=\"\"><i class=\"pvc-stats-icon large\" aria-hidden=\"true\"><svg aria-hidden=\"true\" focusable=\"false\" data-prefix=\"far\" data-icon=\"chart-bar\" role=\"img\" xmlns=\"http:\/\/www.w3.org\/2000\/svg\" viewBox=\"0 0 512 512\" class=\"svg-inline--fa fa-chart-bar fa-w-16 fa-2x\"><path fill=\"currentColor\" d=\"M396.8 352h22.4c6.4 0 12.8-6.4 12.8-12.8V108.8c0-6.4-6.4-12.8-12.8-12.8h-22.4c-6.4 0-12.8 6.4-12.8 12.8v230.4c0 6.4 6.4 12.8 12.8 12.8zm-192 0h22.4c6.4 0 12.8-6.4 12.8-12.8V140.8c0-6.4-6.4-12.8-12.8-12.8h-22.4c-6.4 0-12.8 6.4-12.8 12.8v198.4c0 6.4 6.4 12.8 12.8 12.8zm96 0h22.4c6.4 0 12.8-6.4 12.8-12.8V204.8c0-6.4-6.4-12.8-12.8-12.8h-22.4c-6.4 0-12.8 6.4-12.8 12.8v134.4c0 6.4 6.4 12.8 12.8 12.8zM496 400H48V80c0-8.84-7.16-16-16-16H16C7.16 64 0 71.16 0 80v336c0 17.67 14.33 32 32 32h464c8.84 0 16-7.16 16-16v-16c0-8.84-7.16-16-16-16zm-387.2-48h22.4c6.4 0 12.8-6.4 12.8-12.8v-70.4c0-6.4-6.4-12.8-12.8-12.8h-22.4c-6.4 0-12.8 6.4-12.8 12.8v70.4c0 6.4 6.4 12.8 12.8 12.8z\" class=\"\"><\/path><\/svg><\/i> <img loading=\"lazy\" decoding=\"async\" width=\"16\" height=\"16\" alt=\"Loading\" src=\"https:\/\/temucotelevision.cl\/web\/wp-content\/plugins\/page-views-count\/ajax-loader-2x.gif\" border=0 \/><\/p><div class=\"pvc_clear\"><\/div>\n<p>El gobernador por La Araucan\u00eda, Luciano Rivas, se reuni\u00f3 hoy en Santiago con la comisi\u00f3n China de la empresa Sinovac y el director nacional de Invest Chile, para presentarles la propuesta de instalar la planta de vacunas proyectada para el pa\u00eds en el Parque Industrial de Lautaro.<\/p>\n\n\n\n<p>La delegaci\u00f3n del laboratorio chino manifest\u00f3 que eval\u00faa construir una planta en Chile destinada a producir vacunas contra el covid-19, adem\u00e1s de otras enfermedades como la hepatitis y la influenza.&nbsp;<\/p>\n\n\n\n<p>\u201cCreemos que como regi\u00f3n tenemos las condiciones necesarias para poder avanzar con un proyecto de esta envergadura. Contamos con el apoyo p\u00fablico-privado que se requiere y adem\u00e1s tenemos casas de estudios superiores de primer nivel\u201d, expres\u00f3 Luciano Rivas.<\/p>\n\n\n\n<p>El gobernador regional adelant\u00f3 que es probable que la delegaci\u00f3n China viaje dentro de los pr\u00f3ximos d\u00edas a La Araucan\u00eda, tras la invitaci\u00f3n cursada por \u00e9l mismo, para visitar las instalaciones del Parque Industrial de Lautaro.<\/p>\n\n\n\n<p>Si bien a\u00fan la decisi\u00f3n no ha sido tomada por parte de Sinovac, el anuncio se efectuar\u00eda en los pr\u00f3ximos meses. De resultar favorable la evaluaci\u00f3n, se proyecta se concrete la construcci\u00f3n de la planta durante el 2022.&nbsp;<\/p>\n\n\n\n<p>Luciano Rivas indic\u00f3 que \u201cnos hemos tomado la descentralizaci\u00f3n en serio, no nos quedaremos esperando que suceda; es por esto que promover iniciativas de inversi\u00f3n en regiones es fundamental\u201d. Agreg\u00f3 que, \u201ca\u00fan estamos viviendo una crisis sanitaria y las medidas que tomemos hoy ser\u00e1n clave para avanzar en recuperarnos como sociedad\u201d.&nbsp;<\/p>\n\n\n\n<p>Cabe destacar que la empresa china Sinovac hoy se encuentra desarrollando una vacuna contra la variante Gamma o P.1, que es la dominante en nuestro pa\u00eds, y adicionalmente iniciar\u00e1n estudios cl\u00ednicos contra el covid-19 en poblaci\u00f3n pedi\u00e1trica de entre los 3 y 17 a\u00f1os.<\/p>\n\n\n\n<figure class=\"wp-block-image size-large\"><img loading=\"lazy\" decoding=\"async\" width=\"1024\" height=\"766\" src=\"https:\/\/temucotelevision.cl\/web\/wp-content\/uploads\/2021\/07\/Gobernador-Vacunas-1024x766.jpeg\" alt=\"\" class=\"wp-image-23463\" srcset=\"https:\/\/temucotelevision.cl\/web\/wp-content\/uploads\/2021\/07\/Gobernador-Vacunas-1024x766.jpeg 1024w, https:\/\/temucotelevision.cl\/web\/wp-content\/uploads\/2021\/07\/Gobernador-Vacunas-768x575.jpeg 768w, https:\/\/temucotelevision.cl\/web\/wp-content\/uploads\/2021\/07\/Gobernador-Vacunas.jpeg 1280w\" sizes=\"auto, (max-width: 1024px) 100vw, 1024px\" \/><\/figure>\n","protected":false},"excerpt":{"rendered":"<div class=\"pvc_clear\"><\/div>\n<p id=\"pvc_stats_23462\" class=\"pvc_stats total_only  \" data-element-id=\"23462\" style=\"\"><i class=\"pvc-stats-icon large\" aria-hidden=\"true\"><svg aria-hidden=\"true\" focusable=\"false\" data-prefix=\"far\" data-icon=\"chart-bar\" role=\"img\" xmlns=\"http:\/\/www.w3.org\/2000\/svg\" viewBox=\"0 0 512 512\" class=\"svg-inline--fa fa-chart-bar fa-w-16 fa-2x\"><path fill=\"currentColor\" d=\"M396.8 352h22.4c6.4 0 12.8-6.4 12.8-12.8V108.8c0-6.4-6.4-12.8-12.8-12.8h-22.4c-6.4 0-12.8 6.4-12.8 12.8v230.4c0 6.4 6.4 12.8 12.8 12.8zm-192 0h22.4c6.4 0 12.8-6.4 12.8-12.8V140.8c0-6.4-6.4-12.8-12.8-12.8h-22.4c-6.4 0-12.8 6.4-12.8 12.8v198.4c0 6.4 6.4 12.8 12.8 12.8zm96 0h22.4c6.4 0 12.8-6.4 12.8-12.8V204.8c0-6.4-6.4-12.8-12.8-12.8h-22.4c-6.4 0-12.8 6.4-12.8 12.8v134.4c0 6.4 6.4 12.8 12.8 12.8zM496 400H48V80c0-8.84-7.16-16-16-16H16C7.16 64 0 71.16 0 80v336c0 17.67 14.33 32 32 32h464c8.84 0 16-7.16 16-16v-16c0-8.84-7.16-16-16-16zm-387.2-48h22.4c6.4 0 12.8-6.4 12.8-12.8v-70.4c0-6.4-6.4-12.8-12.8-12.8h-22.4c-6.4 0-12.8 6.4-12.8 12.8v70.4c0 6.4 6.4 12.8 12.8 12.8z\" class=\"\"><\/path><\/svg><\/i> <img loading=\"lazy\" decoding=\"async\" width=\"16\" height=\"16\" alt=\"Loading\" src=\"https:\/\/temucotelevision.cl\/web\/wp-content\/plugins\/page-views-count\/ajax-loader-2x.gif\" border=0 \/><\/p>\n<div class=\"pvc_clear\"><\/div>\n<p>El gobernador por La Araucan\u00eda, Luciano Rivas, se reuni\u00f3 hoy en Santiago con la comisi\u00f3n China de la empresa Sinovac<\/p>\n","protected":false},"author":1,"featured_media":17544,"comment_status":"open","ping_status":"open","sticky":false,"template":"","format":"standard","meta":{"colormag_page_container_layout":"default_layout","colormag_page_sidebar_layout":"default_layout","footnotes":""},"categories":[15],"tags":[2216,829,1322,513],"class_list":["post-23462","post","type-post","status-publish","format-standard","has-post-thumbnail","hentry","category-la-araucania","tag-coronavirus","tag-gobernador","tag-planta","tag-vacunas"],"a3_pvc":{"activated":true,"total_views":21,"today_views":0},"_links":{"self":[{"href":"https:\/\/temucotelevision.cl\/web\/wp-json\/wp\/v2\/posts\/23462","targetHints":{"allow":["GET"]}}],"collection":[{"href":"https:\/\/temucotelevision.cl\/web\/wp-json\/wp\/v2\/posts"}],"about":[{"href":"https:\/\/temucotelevision.cl\/web\/wp-json\/wp\/v2\/types\/post"}],"author":[{"embeddable":true,"href":"https:\/\/temucotelevision.cl\/web\/wp-json\/wp\/v2\/users\/1"}],"replies":[{"embeddable":true,"href":"https:\/\/temucotelevision.cl\/web\/wp-json\/wp\/v2\/comments?post=23462"}],"version-history":[{"count":1,"href":"https:\/\/temucotelevision.cl\/web\/wp-json\/wp\/v2\/posts\/23462\/revisions"}],"predecessor-version":[{"id":23464,"href":"https:\/\/temucotelevision.cl\/web\/wp-json\/wp\/v2\/posts\/23462\/revisions\/23464"}],"wp:featuredmedia":[{"embeddable":true,"href":"https:\/\/temucotelevision.cl\/web\/wp-json\/wp\/v2\/media\/17544"}],"wp:attachment":[{"href":"https:\/\/temucotelevision.cl\/web\/wp-json\/wp\/v2\/media?parent=23462"}],"wp:term":[{"taxonomy":"category","embeddable":true,"href":"https:\/\/temucotelevision.cl\/web\/wp-json\/wp\/v2\/categories?post=23462"},{"taxonomy":"post_tag","embeddable":true,"href":"https:\/\/temucotelevision.cl\/web\/wp-json\/wp\/v2\/tags?post=23462"}],"curies":[{"name":"wp","href":"https:\/\/api.w.org\/{rel}","templated":true}]}}