{"id":23458,"date":"2021-07-23T17:01:25","date_gmt":"2021-07-23T20:01:25","guid":{"rendered":"https:\/\/temucotelevision.cl\/web\/?p=23458"},"modified":"2021-07-23T17:01:28","modified_gmt":"2021-07-23T20:01:28","slug":"ultimos-dias-para-postular-concurso-entrega-posibilidad-a-artistas-emergentes-de-cualquier-lugar-de-chile-a-compartir-escenario-con-el-artista-internacional-yungblud","status":"publish","type":"post","link":"https:\/\/temucotelevision.cl\/web\/2021\/07\/23\/ultimos-dias-para-postular-concurso-entrega-posibilidad-a-artistas-emergentes-de-cualquier-lugar-de-chile-a-compartir-escenario-con-el-artista-internacional-yungblud\/","title":{"rendered":"\u00daltimos d\u00edas para postular!!! &#8211; Concurso entrega posibilidad a artistas emergentes de cualquier lugar de Chile a compartir escenario con el artista internacional YUNGBLUD"},"content":{"rendered":"<div class=\"pvc_clear\"><\/div><p id=\"pvc_stats_23458\" class=\"pvc_stats total_only  \" data-element-id=\"23458\" style=\"\"><i class=\"pvc-stats-icon large\" aria-hidden=\"true\"><svg aria-hidden=\"true\" focusable=\"false\" data-prefix=\"far\" data-icon=\"chart-bar\" role=\"img\" xmlns=\"http:\/\/www.w3.org\/2000\/svg\" viewBox=\"0 0 512 512\" class=\"svg-inline--fa fa-chart-bar fa-w-16 fa-2x\"><path fill=\"currentColor\" d=\"M396.8 352h22.4c6.4 0 12.8-6.4 12.8-12.8V108.8c0-6.4-6.4-12.8-12.8-12.8h-22.4c-6.4 0-12.8 6.4-12.8 12.8v230.4c0 6.4 6.4 12.8 12.8 12.8zm-192 0h22.4c6.4 0 12.8-6.4 12.8-12.8V140.8c0-6.4-6.4-12.8-12.8-12.8h-22.4c-6.4 0-12.8 6.4-12.8 12.8v198.4c0 6.4 6.4 12.8 12.8 12.8zm96 0h22.4c6.4 0 12.8-6.4 12.8-12.8V204.8c0-6.4-6.4-12.8-12.8-12.8h-22.4c-6.4 0-12.8 6.4-12.8 12.8v134.4c0 6.4 6.4 12.8 12.8 12.8zM496 400H48V80c0-8.84-7.16-16-16-16H16C7.16 64 0 71.16 0 80v336c0 17.67 14.33 32 32 32h464c8.84 0 16-7.16 16-16v-16c0-8.84-7.16-16-16-16zm-387.2-48h22.4c6.4 0 12.8-6.4 12.8-12.8v-70.4c0-6.4-6.4-12.8-12.8-12.8h-22.4c-6.4 0-12.8 6.4-12.8 12.8v70.4c0 6.4 6.4 12.8 12.8 12.8z\" class=\"\"><\/path><\/svg><\/i> <img loading=\"lazy\" decoding=\"async\" width=\"16\" height=\"16\" alt=\"Loading\" src=\"https:\/\/temucotelevision.cl\/web\/wp-content\/plugins\/page-views-count\/ajax-loader-2x.gif\" border=0 \/><\/p><div class=\"pvc_clear\"><\/div>\n<p>M\u00fasicos aspirantes de todos los g\u00e9neros de Am\u00e9rica, Europa y Asia-Pac\u00edfico pueden suscribirse a la oportunidad de ganar productos Vans, equipos Kramer, un paquete de premios Premium TuneCore, distribuci\u00f3n global de su m\u00fasica, lista de reproducci\u00f3n en Spotify y mucho m\u00e1s.<\/p>\n\n\n\n<p><strong>Env\u00eda Tu M\u00fasica Original Ahora en&nbsp;<a>Vans.cl\/musicianswanted<\/a><a><\/a><a><\/a><a><\/a><a><\/a><\/strong><strong><\/strong><\/p>\n\n\n\n<p>Vans, la marca de deportes de acci\u00f3n original e \u00edcono global de la autoexpresi\u00f3n creativa, abri\u00f3 las subscripciones para su celebrada competici\u00f3n\u00a0<strong>Vans Musicians Wanted 2021<\/strong>. Lanzado mundialmente por primera vez en 2020 como un concurso digital,\u00a0<strong>Vans Musicians Wanted<\/strong>\u00a0es el programa de m\u00fasica global de la marca, entregando un escenario para m\u00fasicos nuevos que est\u00e1n empezando. La serie de concursos celebra talentos nuevos y \u00abOff The Wall\u00bb de todos los g\u00e9neros.\u00a0<\/p>\n\n\n\n<p>Para este 2021, las regiones brindar\u00e1n a artistas no descubiertos la oportunidad de tener exposici\u00f3n internacional y de compartir el escenario con el fabuloso y andr\u00f3gino rockero brit\u00e1nico&nbsp;<strong>YUNGBLUD.&nbsp;<\/strong>Otros premios incluyen productos Vans, equipos Kramer, un paquete de premios premium TuneCore, distribuci\u00f3n global de su m\u00fasica, lista de reproducci\u00f3n en Spotify y m\u00e1s.<\/p>\n\n\n\n<p>La plataforma&nbsp;<strong>Vans Musicians Wanted 2020 tuvo m\u00e1s de 22.000<\/strong>&nbsp;suscripciones de artistas de casi todos g\u00e9neros musicales de m\u00fasicos de todo el mundo. Basada en este \u00e9xito \u00e9pico, la plataforma de m\u00fasica digital sigue construyendo experiencias de marca que son accesibles \u2013 permitiendo que admiradores participen a trav\u00e9s de env\u00edo digital y series de concursos virtuales en escala global. A trav\u00e9s del sitio web interactivo, artistas de los Estados Unidos, M\u00e9xico, Am\u00e9rica Central y del Sur, Europa y Asia-Pac\u00edfico compartieron sus m\u00fasicas originales con un p\u00fablico amplio. Los ganadores del a\u00f1o pasado incluyeron JoeJas, del Reino Unido, Lucia Tacchetti, de Argentina, y numnum, de Corea del Sur.&nbsp;<\/p>\n\n\n\n<p>Un grupo diversificado de jueces se unir\u00e1 a la marca como parte del proceso de selecci\u00f3n, incluyendo&nbsp;<strong>Denzel Curry<\/strong>, el s\u00faper talentoso rapero, escritor y artista de tiras c\u00f3micas que aparece en la m\u00e1s reciente campa\u00f1a de la marca,&nbsp;<strong>Julia Michaels<\/strong>, cantante y compositora indicada a los Grammy,&nbsp;<strong>Sean Miyashiro,<\/strong>&nbsp;visionario creativo y fundador de 88rising, e&nbsp;<strong>YUNGBLUD<\/strong>, artista presente en los rankings de Billboard en los EE.UU. y Reino Unido. Los cinco finalistas de cada regi\u00f3n ser\u00e1n seleccionados para presentarse en la serie de conciertos virtuales&nbsp;<strong>Vans Musicians Wanted<\/strong>, a realizarse este septiembre. Adem\u00e1s, los grandes ganadores regionales ser\u00e1n seleccionados para recibir productos Vans, equipos Fender, distribuci\u00f3n global de las m\u00fasicas, listas de reproducci\u00f3n en Spotify y Apple Music y la oportunidad de compartir el escenario&nbsp;<strong>YUNGBLUD<\/strong>&nbsp;en frente a p\u00fablicos en vivo como atracci\u00f3n de apertura en 2022.&nbsp;<\/p>\n\n\n\n<p><strong>Vans Musicians Wanted<\/strong>&nbsp;es una plataforma global inclusiva que permite la autoexpresi\u00f3n creativa a trav\u00e9s de la m\u00fasica y ayuda a ofrecer una ruta directa para que artistas no descubiertos reciban exposici\u00f3n global. Para enviar tu m\u00fasica original y leer las reglas y regulaciones oficiales del concurso, visita el sitio web&nbsp;<a href=\"https:\/\/www.vans.cl\/\">Vans.cl\/musicianswanted.<\/a><\/p>\n\n\n\n<p><strong><em>Sobre Vans<\/em><\/strong><\/p>\n\n\n\n<p>Vans, una marca de Corporaci\u00f3n VF (bolsa de Nueva York: VFC), es la marca de calzado, original de los deportes de acci\u00f3n, ropa y accesorios. Las colecciones aut\u00e9nticas de Vans\u00ae son vendidas en 84 pa\u00edses a trav\u00e9s de la red de sucursales, distribuidores y oficinas internacionales. Vans\u00ae tiene m\u00e1s de 2.000 puntos de venta alrededor del mundo, incluyendo tiendas propias, concesiones y consorcios. La marca Vans\u00ae promueve la libre expresi\u00f3n creativa en la cultura juvenil a trav\u00e9s de deportes de acci\u00f3n, arte, m\u00fasica y cultura callejera, y entrega plataformas progresistas, como&nbsp;<em>Vans Park Series, Vans Triple Crown of Surfing\u00ae, Vans Pool Party, Vans Custom Culture<\/em>&nbsp;y el centro cultural y lugar de m\u00fasica internacional,&nbsp;<em>House of Vans.<\/em><\/p>\n","protected":false},"excerpt":{"rendered":"<div class=\"pvc_clear\"><\/div>\n<p id=\"pvc_stats_23458\" class=\"pvc_stats total_only  \" data-element-id=\"23458\" style=\"\"><i class=\"pvc-stats-icon large\" aria-hidden=\"true\"><svg aria-hidden=\"true\" focusable=\"false\" data-prefix=\"far\" data-icon=\"chart-bar\" role=\"img\" xmlns=\"http:\/\/www.w3.org\/2000\/svg\" viewBox=\"0 0 512 512\" class=\"svg-inline--fa fa-chart-bar fa-w-16 fa-2x\"><path fill=\"currentColor\" d=\"M396.8 352h22.4c6.4 0 12.8-6.4 12.8-12.8V108.8c0-6.4-6.4-12.8-12.8-12.8h-22.4c-6.4 0-12.8 6.4-12.8 12.8v230.4c0 6.4 6.4 12.8 12.8 12.8zm-192 0h22.4c6.4 0 12.8-6.4 12.8-12.8V140.8c0-6.4-6.4-12.8-12.8-12.8h-22.4c-6.4 0-12.8 6.4-12.8 12.8v198.4c0 6.4 6.4 12.8 12.8 12.8zm96 0h22.4c6.4 0 12.8-6.4 12.8-12.8V204.8c0-6.4-6.4-12.8-12.8-12.8h-22.4c-6.4 0-12.8 6.4-12.8 12.8v134.4c0 6.4 6.4 12.8 12.8 12.8zM496 400H48V80c0-8.84-7.16-16-16-16H16C7.16 64 0 71.16 0 80v336c0 17.67 14.33 32 32 32h464c8.84 0 16-7.16 16-16v-16c0-8.84-7.16-16-16-16zm-387.2-48h22.4c6.4 0 12.8-6.4 12.8-12.8v-70.4c0-6.4-6.4-12.8-12.8-12.8h-22.4c-6.4 0-12.8 6.4-12.8 12.8v70.4c0 6.4 6.4 12.8 12.8 12.8z\" class=\"\"><\/path><\/svg><\/i> <img loading=\"lazy\" decoding=\"async\" width=\"16\" height=\"16\" alt=\"Loading\" src=\"https:\/\/temucotelevision.cl\/web\/wp-content\/plugins\/page-views-count\/ajax-loader-2x.gif\" border=0 \/><\/p>\n<div class=\"pvc_clear\"><\/div>\n<p>M\u00fasicos aspirantes de todos los g\u00e9neros de Am\u00e9rica, Europa y Asia-Pac\u00edfico pueden suscribirse a la oportunidad de ganar productos Vans,<\/p>\n","protected":false},"author":1,"featured_media":23460,"comment_status":"open","ping_status":"open","sticky":false,"template":"","format":"standard","meta":{"colormag_page_container_layout":"default_layout","colormag_page_sidebar_layout":"default_layout","footnotes":""},"categories":[369],"tags":[580,1632,2724],"class_list":["post-23458","post","type-post","status-publish","format-standard","has-post-thumbnail","hentry","category-musica","tag-artista","tag-concurso","tag-escenario"],"a3_pvc":{"activated":true,"total_views":21,"today_views":0},"_links":{"self":[{"href":"https:\/\/temucotelevision.cl\/web\/wp-json\/wp\/v2\/posts\/23458","targetHints":{"allow":["GET"]}}],"collection":[{"href":"https:\/\/temucotelevision.cl\/web\/wp-json\/wp\/v2\/posts"}],"about":[{"href":"https:\/\/temucotelevision.cl\/web\/wp-json\/wp\/v2\/types\/post"}],"author":[{"embeddable":true,"href":"https:\/\/temucotelevision.cl\/web\/wp-json\/wp\/v2\/users\/1"}],"replies":[{"embeddable":true,"href":"https:\/\/temucotelevision.cl\/web\/wp-json\/wp\/v2\/comments?post=23458"}],"version-history":[{"count":1,"href":"https:\/\/temucotelevision.cl\/web\/wp-json\/wp\/v2\/posts\/23458\/revisions"}],"predecessor-version":[{"id":23461,"href":"https:\/\/temucotelevision.cl\/web\/wp-json\/wp\/v2\/posts\/23458\/revisions\/23461"}],"wp:featuredmedia":[{"embeddable":true,"href":"https:\/\/temucotelevision.cl\/web\/wp-json\/wp\/v2\/media\/23460"}],"wp:attachment":[{"href":"https:\/\/temucotelevision.cl\/web\/wp-json\/wp\/v2\/media?parent=23458"}],"wp:term":[{"taxonomy":"category","embeddable":true,"href":"https:\/\/temucotelevision.cl\/web\/wp-json\/wp\/v2\/categories?post=23458"},{"taxonomy":"post_tag","embeddable":true,"href":"https:\/\/temucotelevision.cl\/web\/wp-json\/wp\/v2\/tags?post=23458"}],"curies":[{"name":"wp","href":"https:\/\/api.w.org\/{rel}","templated":true}]}}