{"id":23452,"date":"2021-07-23T19:23:46","date_gmt":"2021-07-23T22:23:46","guid":{"rendered":"https:\/\/temucotelevision.cl\/web\/?p=23452"},"modified":"2021-07-23T19:23:49","modified_gmt":"2021-07-23T22:23:49","slug":"senadora-aravena-por-cuenta-publica-del-congreso-agradezco-al-presidente-de-la-camara-de-diputados-por-su-llamado-a-respetar-la-institucionalidad-y-el-estado-de-derecho-en-la-araucania","status":"publish","type":"post","link":"https:\/\/temucotelevision.cl\/web\/2021\/07\/23\/senadora-aravena-por-cuenta-publica-del-congreso-agradezco-al-presidente-de-la-camara-de-diputados-por-su-llamado-a-respetar-la-institucionalidad-y-el-estado-de-derecho-en-la-araucania\/","title":{"rendered":"\u201cSenadora Aravena por Cuenta P\u00fablica del Congreso: Agradezco al presidente de la C\u00e1mara de Diputados, por su llamado a respetar la institucionalidad y el Estado de Derecho en La Araucan\u00eda\u201d"},"content":{"rendered":"<div class=\"pvc_clear\"><\/div><p id=\"pvc_stats_23452\" class=\"pvc_stats total_only  \" data-element-id=\"23452\" style=\"\"><i class=\"pvc-stats-icon large\" aria-hidden=\"true\"><svg aria-hidden=\"true\" focusable=\"false\" data-prefix=\"far\" data-icon=\"chart-bar\" role=\"img\" xmlns=\"http:\/\/www.w3.org\/2000\/svg\" viewBox=\"0 0 512 512\" class=\"svg-inline--fa fa-chart-bar fa-w-16 fa-2x\"><path fill=\"currentColor\" d=\"M396.8 352h22.4c6.4 0 12.8-6.4 12.8-12.8V108.8c0-6.4-6.4-12.8-12.8-12.8h-22.4c-6.4 0-12.8 6.4-12.8 12.8v230.4c0 6.4 6.4 12.8 12.8 12.8zm-192 0h22.4c6.4 0 12.8-6.4 12.8-12.8V140.8c0-6.4-6.4-12.8-12.8-12.8h-22.4c-6.4 0-12.8 6.4-12.8 12.8v198.4c0 6.4 6.4 12.8 12.8 12.8zm96 0h22.4c6.4 0 12.8-6.4 12.8-12.8V204.8c0-6.4-6.4-12.8-12.8-12.8h-22.4c-6.4 0-12.8 6.4-12.8 12.8v134.4c0 6.4 6.4 12.8 12.8 12.8zM496 400H48V80c0-8.84-7.16-16-16-16H16C7.16 64 0 71.16 0 80v336c0 17.67 14.33 32 32 32h464c8.84 0 16-7.16 16-16v-16c0-8.84-7.16-16-16-16zm-387.2-48h22.4c6.4 0 12.8-6.4 12.8-12.8v-70.4c0-6.4-6.4-12.8-12.8-12.8h-22.4c-6.4 0-12.8 6.4-12.8 12.8v70.4c0 6.4 6.4 12.8 12.8 12.8z\" class=\"\"><\/path><\/svg><\/i> <img loading=\"lazy\" decoding=\"async\" width=\"16\" height=\"16\" alt=\"Loading\" src=\"https:\/\/temucotelevision.cl\/web\/wp-content\/plugins\/page-views-count\/ajax-loader-2x.gif\" border=0 \/><\/p><div class=\"pvc_clear\"><\/div>\n<p>En el marco de la Cuenta P\u00fablica legislativa realizada este jueves en el Congreso Nacional, la senadora por La Araucan\u00eda, Carmen Gloria Aravena, destac\u00f3 la participaci\u00f3n del presidente de la C\u00e1mara, el diputado Diego Paulsen, quien \u201ctuvo un enorme gesto de respeto a la institucionalidad y nuestros s\u00edmbolos patrios en el inicio de esta solemne ceremonia\u201d.<\/p>\n\n\n\n<p>La parlamentaria adem\u00e1s destac\u00f3 la relevancia que el diputado otorg\u00f3 en su discurso al conflicto y violencia que hoy enfrentan los habitantes de La Araucan\u00eda, manifestando la responsabilidad compartida con el Ejecutivo en pos de buscar soluciones a un conflicto hist\u00f3rico.<\/p>\n\n\n\n<p>\u201cEl diputado Paulsen entreg\u00f3 un mensaje muy importante respecto de que la violencia jam\u00e1s se debe tolerar. Es relevante que los parlamentarios nos hagamos cargo de la legislaci\u00f3n pendiente en materia de seguridad, y podamos dotar de mayores herramientas para enfrentar el terrorismo en la Macrozona sur\u201d, sostuvo.<\/p>\n\n\n\n<p>En cuanto al discurso de la presidenta del Senado, la senadora por La Araucan\u00eda destac\u00f3 el balance del enorme trabajo realizado durante el \u00faltimo a\u00f1o en la C\u00e1mara Alta, pero lament\u00f3 que se insista en el indulto a personas detenidas por cometer delitos en el contexto del estallido social.<\/p>\n\n\n\n<p>\u201cDesde la presidencia del Senado falt\u00f3 valorar el esfuerzo fiscal realizado por el Gobierno para ir en ayuda de quienes m\u00e1s lo han necesitado durante la pandemia. Asimismo, no me parece que se haya hablado del proyecto de indulto en esta instancia, dejemos que los poderes del Estado funcionen y respetemos cada una de nuestras atribuciones\u201d, puntualiz\u00f3 Aravena.<\/p>\n","protected":false},"excerpt":{"rendered":"<div class=\"pvc_clear\"><\/div>\n<p id=\"pvc_stats_23452\" class=\"pvc_stats total_only  \" data-element-id=\"23452\" style=\"\"><i class=\"pvc-stats-icon large\" aria-hidden=\"true\"><svg aria-hidden=\"true\" focusable=\"false\" data-prefix=\"far\" data-icon=\"chart-bar\" role=\"img\" xmlns=\"http:\/\/www.w3.org\/2000\/svg\" viewBox=\"0 0 512 512\" class=\"svg-inline--fa fa-chart-bar fa-w-16 fa-2x\"><path fill=\"currentColor\" d=\"M396.8 352h22.4c6.4 0 12.8-6.4 12.8-12.8V108.8c0-6.4-6.4-12.8-12.8-12.8h-22.4c-6.4 0-12.8 6.4-12.8 12.8v230.4c0 6.4 6.4 12.8 12.8 12.8zm-192 0h22.4c6.4 0 12.8-6.4 12.8-12.8V140.8c0-6.4-6.4-12.8-12.8-12.8h-22.4c-6.4 0-12.8 6.4-12.8 12.8v198.4c0 6.4 6.4 12.8 12.8 12.8zm96 0h22.4c6.4 0 12.8-6.4 12.8-12.8V204.8c0-6.4-6.4-12.8-12.8-12.8h-22.4c-6.4 0-12.8 6.4-12.8 12.8v134.4c0 6.4 6.4 12.8 12.8 12.8zM496 400H48V80c0-8.84-7.16-16-16-16H16C7.16 64 0 71.16 0 80v336c0 17.67 14.33 32 32 32h464c8.84 0 16-7.16 16-16v-16c0-8.84-7.16-16-16-16zm-387.2-48h22.4c6.4 0 12.8-6.4 12.8-12.8v-70.4c0-6.4-6.4-12.8-12.8-12.8h-22.4c-6.4 0-12.8 6.4-12.8 12.8v70.4c0 6.4 6.4 12.8 12.8 12.8z\" class=\"\"><\/path><\/svg><\/i> <img loading=\"lazy\" decoding=\"async\" width=\"16\" height=\"16\" alt=\"Loading\" src=\"https:\/\/temucotelevision.cl\/web\/wp-content\/plugins\/page-views-count\/ajax-loader-2x.gif\" border=0 \/><\/p>\n<div class=\"pvc_clear\"><\/div>\n<p>En el marco de la Cuenta P\u00fablica legislativa realizada este jueves en el Congreso Nacional, la senadora por La Araucan\u00eda,<\/p>\n","protected":false},"author":1,"featured_media":7195,"comment_status":"open","ping_status":"open","sticky":false,"template":"","format":"standard","meta":{"colormag_page_container_layout":"default_layout","colormag_page_sidebar_layout":"default_layout","footnotes":""},"categories":[84],"tags":[],"class_list":["post-23452","post","type-post","status-publish","format-standard","has-post-thumbnail","hentry","category-politica"],"a3_pvc":{"activated":true,"total_views":9,"today_views":0},"_links":{"self":[{"href":"https:\/\/temucotelevision.cl\/web\/wp-json\/wp\/v2\/posts\/23452","targetHints":{"allow":["GET"]}}],"collection":[{"href":"https:\/\/temucotelevision.cl\/web\/wp-json\/wp\/v2\/posts"}],"about":[{"href":"https:\/\/temucotelevision.cl\/web\/wp-json\/wp\/v2\/types\/post"}],"author":[{"embeddable":true,"href":"https:\/\/temucotelevision.cl\/web\/wp-json\/wp\/v2\/users\/1"}],"replies":[{"embeddable":true,"href":"https:\/\/temucotelevision.cl\/web\/wp-json\/wp\/v2\/comments?post=23452"}],"version-history":[{"count":1,"href":"https:\/\/temucotelevision.cl\/web\/wp-json\/wp\/v2\/posts\/23452\/revisions"}],"predecessor-version":[{"id":23453,"href":"https:\/\/temucotelevision.cl\/web\/wp-json\/wp\/v2\/posts\/23452\/revisions\/23453"}],"wp:featuredmedia":[{"embeddable":true,"href":"https:\/\/temucotelevision.cl\/web\/wp-json\/wp\/v2\/media\/7195"}],"wp:attachment":[{"href":"https:\/\/temucotelevision.cl\/web\/wp-json\/wp\/v2\/media?parent=23452"}],"wp:term":[{"taxonomy":"category","embeddable":true,"href":"https:\/\/temucotelevision.cl\/web\/wp-json\/wp\/v2\/categories?post=23452"},{"taxonomy":"post_tag","embeddable":true,"href":"https:\/\/temucotelevision.cl\/web\/wp-json\/wp\/v2\/tags?post=23452"}],"curies":[{"name":"wp","href":"https:\/\/api.w.org\/{rel}","templated":true}]}}