{"id":23442,"date":"2021-07-22T16:33:28","date_gmt":"2021-07-22T19:33:28","guid":{"rendered":"https:\/\/temucotelevision.cl\/web\/?p=23442"},"modified":"2021-07-22T16:33:30","modified_gmt":"2021-07-22T19:33:30","slug":"informe-covid-19-suma-para-hoy-85-nuevos-casos-en-la-araucania-temuco-20-y-plc-6","status":"publish","type":"post","link":"https:\/\/temucotelevision.cl\/web\/2021\/07\/22\/informe-covid-19-suma-para-hoy-85-nuevos-casos-en-la-araucania-temuco-20-y-plc-6\/","title":{"rendered":"Informe Covid-19 suma para hoy 85 nuevos casos en La Araucan\u00eda, Temuco 20 y PLC 6"},"content":{"rendered":"<div class=\"pvc_clear\"><\/div><p id=\"pvc_stats_23442\" class=\"pvc_stats total_only  \" data-element-id=\"23442\" style=\"\"><i class=\"pvc-stats-icon large\" aria-hidden=\"true\"><svg aria-hidden=\"true\" focusable=\"false\" data-prefix=\"far\" data-icon=\"chart-bar\" role=\"img\" xmlns=\"http:\/\/www.w3.org\/2000\/svg\" viewBox=\"0 0 512 512\" class=\"svg-inline--fa fa-chart-bar fa-w-16 fa-2x\"><path fill=\"currentColor\" d=\"M396.8 352h22.4c6.4 0 12.8-6.4 12.8-12.8V108.8c0-6.4-6.4-12.8-12.8-12.8h-22.4c-6.4 0-12.8 6.4-12.8 12.8v230.4c0 6.4 6.4 12.8 12.8 12.8zm-192 0h22.4c6.4 0 12.8-6.4 12.8-12.8V140.8c0-6.4-6.4-12.8-12.8-12.8h-22.4c-6.4 0-12.8 6.4-12.8 12.8v198.4c0 6.4 6.4 12.8 12.8 12.8zm96 0h22.4c6.4 0 12.8-6.4 12.8-12.8V204.8c0-6.4-6.4-12.8-12.8-12.8h-22.4c-6.4 0-12.8 6.4-12.8 12.8v134.4c0 6.4 6.4 12.8 12.8 12.8zM496 400H48V80c0-8.84-7.16-16-16-16H16C7.16 64 0 71.16 0 80v336c0 17.67 14.33 32 32 32h464c8.84 0 16-7.16 16-16v-16c0-8.84-7.16-16-16-16zm-387.2-48h22.4c6.4 0 12.8-6.4 12.8-12.8v-70.4c0-6.4-6.4-12.8-12.8-12.8h-22.4c-6.4 0-12.8 6.4-12.8 12.8v70.4c0 6.4 6.4 12.8 12.8 12.8z\" class=\"\"><\/path><\/svg><\/i> <img loading=\"lazy\" decoding=\"async\" width=\"16\" height=\"16\" alt=\"Loading\" src=\"https:\/\/temucotelevision.cl\/web\/wp-content\/plugins\/page-views-count\/ajax-loader-2x.gif\" border=0 \/><\/p><div class=\"pvc_clear\"><\/div>\n<p><strong>96.015 son los casos confirmados de COVID- 19 en La Araucan\u00eda.<\/strong><\/p>\n\n\n\n<p>Durante el d\u00eda ayer fueron 85 los nuevos casos confirmados de COVID- 19 en la regi\u00f3n. Estos nuevos casos sumados a los confirmados anteriormente, nos entregan la siguiente distribuci\u00f3n comunal:<\/p>\n\n\n\n<figure class=\"wp-block-table\"><table><tbody><tr><td><strong>Comuna de residencia *<\/strong><\/td><td><strong>N\u00b0 de casos<\/strong><\/td><td><strong>Casos nuevos<\/strong><\/td><td><strong>Casos activos<\/strong><\/td><\/tr><tr><td>Angol<\/td><td>5.190<\/td><td>4<\/td><td>12<\/td><\/tr><tr><td>Carahue<\/td><td>2.363<\/td><td>8<\/td><td>11<\/td><\/tr><tr><td>Chol-Chol<\/td><td>1.105<\/td><td>&#8211;<\/td><td>3<\/td><\/tr><tr><td>Collipulli<\/td><td>3.115<\/td><td>2<\/td><td>8<\/td><\/tr><tr><td>Cunco<\/td><td>1.530<\/td><td>2<\/td><td>7<\/td><\/tr><tr><td>Curacaut\u00edn<\/td><td>1.175<\/td><td>2<\/td><td>8<\/td><\/tr><tr><td>Curarrehue<\/td><td>761<\/td><td>2<\/td><td>9<\/td><\/tr><tr><td>Ercilla<\/td><td>1.173<\/td><td>2<\/td><td>8<\/td><\/tr><tr><td>Freire<\/td><td>2.437<\/td><td>4<\/td><td>10<\/td><\/tr><tr><td>Galvarino<\/td><td>2.189<\/td><td>&#8211;<\/td><td>4<\/td><\/tr><tr><td>Gorbea<\/td><td>1.295<\/td><td>1<\/td><td>6<\/td><\/tr><tr><td>Lautaro<\/td><td>4.250<\/td><td>&#8211;<\/td><td>15<\/td><\/tr><tr><td>Loncoche<\/td><td>1.981<\/td><td>3<\/td><td>13<\/td><\/tr><tr><td>Lonquimay<\/td><td>890<\/td><td>1<\/td><td>34<\/td><\/tr><tr><td>Los Sauces<\/td><td>884<\/td><td>&#8211;<\/td><td>1<\/td><\/tr><tr><td>Lumaco<\/td><td>1.035<\/td><td>&#8211;<\/td><td>9<\/td><\/tr><tr><td>Melipeuco<\/td><td>486<\/td><td>&#8211;<\/td><td>10<\/td><\/tr><tr><td>Nueva Imperial<\/td><td>2.893<\/td><td>3<\/td><td>13<\/td><\/tr><tr><td>Padre Las Casas<\/td><td>7.497<\/td><td>6<\/td><td>41<\/td><\/tr><tr><td>Perquenco<\/td><td>1.006<\/td><td>2<\/td><td>5<\/td><\/tr><tr><td>Pitrufqu\u00e9n<\/td><td>2.404<\/td><td>2<\/td><td>18<\/td><\/tr><tr><td>Puc\u00f3n<\/td><td>2.861<\/td><td>&#8211;<\/td><td>24<\/td><\/tr><tr><td>Pur\u00e9n<\/td><td>897<\/td><td>1<\/td><td>17<\/td><\/tr><tr><td>Renaico<\/td><td>1.449<\/td><td>1<\/td><td>2<\/td><\/tr><tr><td>Saavedra<\/td><td>1.466<\/td><td>1<\/td><td>7<\/td><\/tr><tr><td>Temuco<\/td><td>27.343<\/td><td>20<\/td><td>167<\/td><\/tr><tr><td>Teodoro Schmidt<\/td><td>1.403<\/td><td>3<\/td><td>27<\/td><\/tr><tr><td>Tolt\u00e9n<\/td><td>1.032<\/td><td>1<\/td><td>23<\/td><\/tr><tr><td>Traigu\u00e9n<\/td><td>1.642<\/td><td>&#8211;<\/td><td>10<\/td><\/tr><tr><td>Victoria<\/td><td>3.218<\/td><td>4<\/td><td>7<\/td><\/tr><tr><td>Vilc\u00fan<\/td><td>2.954<\/td><td>2<\/td><td>14<\/td><\/tr><tr><td>Villarrica<\/td><td>5.431<\/td><td>7<\/td><td>51<\/td><\/tr><tr><td><strong>Total General<\/strong><\/td><td><strong>95.355<\/strong><\/td><td><strong>84<\/strong><\/td><td><strong>594<\/strong><\/td><\/tr><tr><td>*Informaci\u00f3n susceptible de ser modificada, en relaci\u00f3n a los resultados de las investigaciones Epidemiol\u00f3gicas.<strong><\/strong><\/td><td>(Se extraen 660 casos del an\u00e1lisis, puesto que presentan residencia en otras regiones).&nbsp;&nbsp;<\/td><td>&nbsp;<\/td><td>** Se extraen 3&nbsp;del total de activos que presentan domicilio en otra regi\u00f3n<\/td><\/tr><\/tbody><\/table><\/figure>\n\n\n\n<figure class=\"wp-block-table\"><table><tbody><tr><td><strong>Casos nuevos<\/strong><\/td><td><strong>Sintom\u00e1ticos&nbsp;<\/strong><\/td><td><strong>Asintom\u00e1ticos<\/strong><\/td><td><strong>Casos nuevos no notificados<\/strong><strong><\/strong><\/td><\/tr><tr><td><strong>85<\/strong><\/td><td><strong>60<\/strong><\/td><td><strong>24<\/strong><\/td><td><strong>1<\/strong><\/td><\/tr><\/tbody><\/table><\/figure>\n\n\n\n<p><strong>Cambios de Residencia<\/strong><\/p>\n\n\n\n<figure class=\"wp-block-table\"><table><tbody><tr><td><strong>Intercomunal<\/strong><\/td><td>3<\/td><td>1 caso de Angol a Victoria.1 caso de Temuco a Vilc\u00fan.1 caso de Victoria a Angol.&nbsp;<\/td><td><em>Se mantienen en el detalle comunal.<\/em><\/td><\/tr><tr><td><strong>A otra regi\u00f3n&nbsp;<\/strong><\/td><td>2<\/td><td>1 caso de Puc\u00f3n.&nbsp;1 caso de Villarrica.<\/td><td><em>Se resta en detalle comunal.&nbsp;<\/em><\/td><\/tr><tr><td><strong>Ajuste Minsal<\/strong><\/td><td>1<\/td><td>1 caso a Villarrica.<\/td><td><em>Se suma en ambos detalles.&nbsp;<\/em><\/td><\/tr><\/tbody><\/table><\/figure>\n\n\n\n<p><strong>Ex\u00e1menes PCR procesados en las \u00faltimas 24 hrs.<\/strong><\/p>\n\n\n\n<figure class=\"wp-block-table\"><table><tbody><tr><td>N\u00b0 de Muestras procesadas (21.07.2021)<\/td><td>2.395<\/td><\/tr><\/tbody><\/table><\/figure>\n\n\n\n<figure class=\"wp-block-table\"><table><tbody><tr><td><strong>Activos<\/strong><\/td><td><strong>N\u00b0 de Casos&nbsp;<\/strong><\/td><td><strong>Porcentaje<\/strong><\/td><\/tr><tr><td>Si&nbsp;<\/td><td>594<\/td><td>0.6%<\/td><\/tr><tr><td>No<\/td><td>93.472<\/td><td>99.4%<\/td><\/tr><\/tbody><\/table><\/figure>\n\n\n\n<p>*Se excluyen del an\u00e1lisis los pacientes fallecidos.<\/p>\n\n\n\n<p><strong>Casos confirmados por sexo<\/strong><\/p>\n\n\n\n<figure class=\"wp-block-table\"><table><tbody><tr><td><strong>Sexo<\/strong><\/td><td><strong>N\u00b0 Casos<\/strong><\/td><td><strong>Porcentaje<\/strong><\/td><\/tr><tr><td>Hombre<\/td><td>46.920<\/td><td>49,2%<\/td><\/tr><tr><td>Mujer<\/td><td>48.435<\/td><td>50,8%<\/td><\/tr><\/tbody><\/table><\/figure>\n\n\n\n<figure class=\"wp-block-table\"><table><tbody><tr><td><strong>&nbsp;<\/strong><\/td><td><strong>21\/07<\/strong><\/td><td><strong>22\/07<\/strong><\/td><td><strong>Total<\/strong><\/td><\/tr><tr><td><strong>Fallecidos<\/strong><\/td><td><strong>1.330<\/strong><\/td><td><strong>+14<\/strong><\/td><td><strong>1.344<\/strong><\/td><\/tr><\/tbody><\/table><\/figure>\n\n\n\n<p>De la totalidad de casos, 247 se encuentran hospitalizados, de estos 91 en Unidades de Paciente Cr\u00edtico (UTI 29 \u2013 UCI 62) y 44 conectados a ventilador mec\u00e1nico de los cuales 44 se encuentran en establecimientos de la red p\u00fablica y 0 en cl\u00ednicas privadas.<\/p>\n","protected":false},"excerpt":{"rendered":"<div class=\"pvc_clear\"><\/div>\n<p id=\"pvc_stats_23442\" class=\"pvc_stats total_only  \" data-element-id=\"23442\" style=\"\"><i class=\"pvc-stats-icon large\" aria-hidden=\"true\"><svg aria-hidden=\"true\" focusable=\"false\" data-prefix=\"far\" data-icon=\"chart-bar\" role=\"img\" xmlns=\"http:\/\/www.w3.org\/2000\/svg\" viewBox=\"0 0 512 512\" class=\"svg-inline--fa fa-chart-bar fa-w-16 fa-2x\"><path fill=\"currentColor\" d=\"M396.8 352h22.4c6.4 0 12.8-6.4 12.8-12.8V108.8c0-6.4-6.4-12.8-12.8-12.8h-22.4c-6.4 0-12.8 6.4-12.8 12.8v230.4c0 6.4 6.4 12.8 12.8 12.8zm-192 0h22.4c6.4 0 12.8-6.4 12.8-12.8V140.8c0-6.4-6.4-12.8-12.8-12.8h-22.4c-6.4 0-12.8 6.4-12.8 12.8v198.4c0 6.4 6.4 12.8 12.8 12.8zm96 0h22.4c6.4 0 12.8-6.4 12.8-12.8V204.8c0-6.4-6.4-12.8-12.8-12.8h-22.4c-6.4 0-12.8 6.4-12.8 12.8v134.4c0 6.4 6.4 12.8 12.8 12.8zM496 400H48V80c0-8.84-7.16-16-16-16H16C7.16 64 0 71.16 0 80v336c0 17.67 14.33 32 32 32h464c8.84 0 16-7.16 16-16v-16c0-8.84-7.16-16-16-16zm-387.2-48h22.4c6.4 0 12.8-6.4 12.8-12.8v-70.4c0-6.4-6.4-12.8-12.8-12.8h-22.4c-6.4 0-12.8 6.4-12.8 12.8v70.4c0 6.4 6.4 12.8 12.8 12.8z\" class=\"\"><\/path><\/svg><\/i> <img loading=\"lazy\" decoding=\"async\" width=\"16\" height=\"16\" alt=\"Loading\" src=\"https:\/\/temucotelevision.cl\/web\/wp-content\/plugins\/page-views-count\/ajax-loader-2x.gif\" border=0 \/><\/p>\n<div class=\"pvc_clear\"><\/div>\n<p>96.015 son los casos confirmados de COVID- 19 en La Araucan\u00eda. Durante el d\u00eda ayer fueron 85 los nuevos casos<\/p>\n","protected":false},"author":1,"featured_media":21372,"comment_status":"open","ping_status":"open","sticky":false,"template":"","format":"standard","meta":{"colormag_page_container_layout":"default_layout","colormag_page_sidebar_layout":"default_layout","footnotes":""},"categories":[15],"tags":[2314,2347,2312],"class_list":["post-23442","post","type-post","status-publish","format-standard","has-post-thumbnail","hentry","category-la-araucania","tag-casos","tag-contagios","tag-pandemia"],"a3_pvc":{"activated":true,"total_views":15,"today_views":0},"_links":{"self":[{"href":"https:\/\/temucotelevision.cl\/web\/wp-json\/wp\/v2\/posts\/23442","targetHints":{"allow":["GET"]}}],"collection":[{"href":"https:\/\/temucotelevision.cl\/web\/wp-json\/wp\/v2\/posts"}],"about":[{"href":"https:\/\/temucotelevision.cl\/web\/wp-json\/wp\/v2\/types\/post"}],"author":[{"embeddable":true,"href":"https:\/\/temucotelevision.cl\/web\/wp-json\/wp\/v2\/users\/1"}],"replies":[{"embeddable":true,"href":"https:\/\/temucotelevision.cl\/web\/wp-json\/wp\/v2\/comments?post=23442"}],"version-history":[{"count":1,"href":"https:\/\/temucotelevision.cl\/web\/wp-json\/wp\/v2\/posts\/23442\/revisions"}],"predecessor-version":[{"id":23443,"href":"https:\/\/temucotelevision.cl\/web\/wp-json\/wp\/v2\/posts\/23442\/revisions\/23443"}],"wp:featuredmedia":[{"embeddable":true,"href":"https:\/\/temucotelevision.cl\/web\/wp-json\/wp\/v2\/media\/21372"}],"wp:attachment":[{"href":"https:\/\/temucotelevision.cl\/web\/wp-json\/wp\/v2\/media?parent=23442"}],"wp:term":[{"taxonomy":"category","embeddable":true,"href":"https:\/\/temucotelevision.cl\/web\/wp-json\/wp\/v2\/categories?post=23442"},{"taxonomy":"post_tag","embeddable":true,"href":"https:\/\/temucotelevision.cl\/web\/wp-json\/wp\/v2\/tags?post=23442"}],"curies":[{"name":"wp","href":"https:\/\/api.w.org\/{rel}","templated":true}]}}