{"id":23436,"date":"2021-07-22T10:23:57","date_gmt":"2021-07-22T13:23:57","guid":{"rendered":"https:\/\/temucotelevision.cl\/web\/?p=23436"},"modified":"2021-07-22T10:23:58","modified_gmt":"2021-07-22T13:23:58","slug":"lideres-sin-inteligencia-emocional-pueden-danar-el-clima-laboral-y-la-salud-mental-de-sus-equipos","status":"publish","type":"post","link":"https:\/\/temucotelevision.cl\/web\/2021\/07\/22\/lideres-sin-inteligencia-emocional-pueden-danar-el-clima-laboral-y-la-salud-mental-de-sus-equipos\/","title":{"rendered":"L\u00edderes sin inteligencia emocional pueden da\u00f1ar el clima laboral y la salud mental de sus equipos"},"content":{"rendered":"<div class=\"pvc_clear\"><\/div><p id=\"pvc_stats_23436\" class=\"pvc_stats total_only  \" data-element-id=\"23436\" style=\"\"><i class=\"pvc-stats-icon large\" aria-hidden=\"true\"><svg aria-hidden=\"true\" focusable=\"false\" data-prefix=\"far\" data-icon=\"chart-bar\" role=\"img\" xmlns=\"http:\/\/www.w3.org\/2000\/svg\" viewBox=\"0 0 512 512\" class=\"svg-inline--fa fa-chart-bar fa-w-16 fa-2x\"><path fill=\"currentColor\" d=\"M396.8 352h22.4c6.4 0 12.8-6.4 12.8-12.8V108.8c0-6.4-6.4-12.8-12.8-12.8h-22.4c-6.4 0-12.8 6.4-12.8 12.8v230.4c0 6.4 6.4 12.8 12.8 12.8zm-192 0h22.4c6.4 0 12.8-6.4 12.8-12.8V140.8c0-6.4-6.4-12.8-12.8-12.8h-22.4c-6.4 0-12.8 6.4-12.8 12.8v198.4c0 6.4 6.4 12.8 12.8 12.8zm96 0h22.4c6.4 0 12.8-6.4 12.8-12.8V204.8c0-6.4-6.4-12.8-12.8-12.8h-22.4c-6.4 0-12.8 6.4-12.8 12.8v134.4c0 6.4 6.4 12.8 12.8 12.8zM496 400H48V80c0-8.84-7.16-16-16-16H16C7.16 64 0 71.16 0 80v336c0 17.67 14.33 32 32 32h464c8.84 0 16-7.16 16-16v-16c0-8.84-7.16-16-16-16zm-387.2-48h22.4c6.4 0 12.8-6.4 12.8-12.8v-70.4c0-6.4-6.4-12.8-12.8-12.8h-22.4c-6.4 0-12.8 6.4-12.8 12.8v70.4c0 6.4 6.4 12.8 12.8 12.8z\" class=\"\"><\/path><\/svg><\/i> <img loading=\"lazy\" decoding=\"async\" width=\"16\" height=\"16\" alt=\"Loading\" src=\"https:\/\/temucotelevision.cl\/web\/wp-content\/plugins\/page-views-count\/ajax-loader-2x.gif\" border=0 \/><\/p><div class=\"pvc_clear\"><\/div>\n<ul class=\"wp-block-list\"><li><strong>Las empresas est\u00e1n cada vez m\u00e1s conscientes de los efectos de un liderazgo carente de habilidades, por lo que buscan jefaturas que puedan potenciar a sus equipos, desarroll\u00e1ndolos profesionalmente.<\/strong><\/li><\/ul>\n\n\n\n<p>No es extra\u00f1o escuchar que las personas renuncian a sus jefes, quienes se convierten en los antagonistas de los colaboradores. Un liderazgo falto de habilidades interpersonales puede afectar el clima laboral, impactando en la salud de los colaboradores y, por ende, generando consecuencias negativamente en la empresa.<\/p>\n\n\n\n<p>En este escenario, las compa\u00f1\u00edas valoran cada vez m\u00e1s las habilidades socioemocionales o interpersonales de quienes toman la direcci\u00f3n, porque las personas no s\u00f3lo logran resultados mediante el conocimiento l\u00f3gico, sino que tambi\u00e9n a trav\u00e9s de su capacidad de gestionar equipos y a s\u00ed mismos.<\/p>\n\n\n\n<p>Justamente, el an\u00e1lisis \u201cTendencias Globales en Capital Humano 2021\u201d, de Deloitte, apunta a dos de cinco estrategias donde el liderazgo es clave. De esta forma, se menciona la importancia de guiar el potencial de los trabajadores, y los s\u00faper equipos que se conformaron en las empresas como mecanismo de supervivencia durante este tiempo, lo que pueden utilizar los l\u00edderes para reinventar el trabajo.<\/p>\n\n\n\n<p>Esta b\u00fasqueda de emocionalidad de parte de los mandamases no es nueva, pero s\u00ed necesaria. Isa\u00edas Sharon, director Ejecutivo de HPI International, se\u00f1al\u00f3 que \u201chay estudios que muestran que el coeficiente intelectual se correlaciona directamente con el desempe\u00f1o laboral.&nbsp;Una vez que ocurra esto ser\u00e1 la inteligencia emocional la que ayudar\u00e1 a potenciar el desempe\u00f1o y lograr conducir bien a los equipos\u201d.&nbsp;<\/p>\n\n\n\n<p>Si bien la demanda de habilidades interpersonales va evolucionando, en estos momentos se valora la adaptabilidad, la capacidad aprender constantemente y poder liderar las emociones del equipo y las propias para gestionar los momentos complejos y construir mejores resultados.<\/p>\n\n\n\n<p>Para el ejecutivo, \u201cestas habilidades se pueden aprender, desarrollar y perder si no se entrenan continuamente, pero se debe tener cuidado de hacerlo con metodolog\u00edas adecuadas y con personas que realmente sepan como instalar nuevas competencias en las personas. De lo contrario, es posible arriesgarse a gastar mucho tiempo y dinero para que el resultado no ocurra\u201d.<\/p>\n\n\n\n<p>Sin embargo, hay algunas que son m\u00e1s complejas de desarrollar, que son el liderazgo y la inteligencia emocional.<\/p>\n\n\n\n<p><strong>Liderar sin habilidades interpersonales<\/strong><\/p>\n\n\n\n<p>Aunque es posible gestionar equipos sin tener este tipo de habilidades, que habitualmente sucede en las organizaciones, \u201cel tema es c\u00f3mo se lidera y a qu\u00e9 costo\u201d, dijo Sharon, quien agreg\u00f3 que \u201cliderar sin estas habilidades puede generar resultados a corto plazo a costa de da\u00f1ar el clima laboral, la salud mental de los equipos y hacer insostenible en el tiempo el desempe\u00f1o, es decir, se lidera \u2018pan para hoy y hambre para ma\u00f1ana\u2019\u201d.<\/p>\n\n\n\n<p>Es por esto mismo que para las organizaciones es necesario que haya l\u00edderes emp\u00e1ticos y con inteligencia emocional, capaces de promover el desarrollo de sus colaboradores.<\/p>\n","protected":false},"excerpt":{"rendered":"<div class=\"pvc_clear\"><\/div>\n<p id=\"pvc_stats_23436\" class=\"pvc_stats total_only  \" data-element-id=\"23436\" style=\"\"><i class=\"pvc-stats-icon large\" aria-hidden=\"true\"><svg aria-hidden=\"true\" focusable=\"false\" data-prefix=\"far\" data-icon=\"chart-bar\" role=\"img\" xmlns=\"http:\/\/www.w3.org\/2000\/svg\" viewBox=\"0 0 512 512\" class=\"svg-inline--fa fa-chart-bar fa-w-16 fa-2x\"><path fill=\"currentColor\" d=\"M396.8 352h22.4c6.4 0 12.8-6.4 12.8-12.8V108.8c0-6.4-6.4-12.8-12.8-12.8h-22.4c-6.4 0-12.8 6.4-12.8 12.8v230.4c0 6.4 6.4 12.8 12.8 12.8zm-192 0h22.4c6.4 0 12.8-6.4 12.8-12.8V140.8c0-6.4-6.4-12.8-12.8-12.8h-22.4c-6.4 0-12.8 6.4-12.8 12.8v198.4c0 6.4 6.4 12.8 12.8 12.8zm96 0h22.4c6.4 0 12.8-6.4 12.8-12.8V204.8c0-6.4-6.4-12.8-12.8-12.8h-22.4c-6.4 0-12.8 6.4-12.8 12.8v134.4c0 6.4 6.4 12.8 12.8 12.8zM496 400H48V80c0-8.84-7.16-16-16-16H16C7.16 64 0 71.16 0 80v336c0 17.67 14.33 32 32 32h464c8.84 0 16-7.16 16-16v-16c0-8.84-7.16-16-16-16zm-387.2-48h22.4c6.4 0 12.8-6.4 12.8-12.8v-70.4c0-6.4-6.4-12.8-12.8-12.8h-22.4c-6.4 0-12.8 6.4-12.8 12.8v70.4c0 6.4 6.4 12.8 12.8 12.8z\" class=\"\"><\/path><\/svg><\/i> <img loading=\"lazy\" decoding=\"async\" width=\"16\" height=\"16\" alt=\"Loading\" src=\"https:\/\/temucotelevision.cl\/web\/wp-content\/plugins\/page-views-count\/ajax-loader-2x.gif\" border=0 \/><\/p>\n<div class=\"pvc_clear\"><\/div>\n<p>Las empresas est\u00e1n cada vez m\u00e1s conscientes de los efectos de un liderazgo carente de habilidades, por lo que buscan<\/p>\n","protected":false},"author":1,"featured_media":23437,"comment_status":"open","ping_status":"open","sticky":false,"template":"","format":"standard","meta":{"colormag_page_container_layout":"default_layout","colormag_page_sidebar_layout":"default_layout","footnotes":""},"categories":[101],"tags":[1874,131],"class_list":["post-23436","post","type-post","status-publish","format-standard","has-post-thumbnail","hentry","category-actualidad","tag-ambiente","tag-salud"],"a3_pvc":{"activated":true,"total_views":37,"today_views":0},"_links":{"self":[{"href":"https:\/\/temucotelevision.cl\/web\/wp-json\/wp\/v2\/posts\/23436","targetHints":{"allow":["GET"]}}],"collection":[{"href":"https:\/\/temucotelevision.cl\/web\/wp-json\/wp\/v2\/posts"}],"about":[{"href":"https:\/\/temucotelevision.cl\/web\/wp-json\/wp\/v2\/types\/post"}],"author":[{"embeddable":true,"href":"https:\/\/temucotelevision.cl\/web\/wp-json\/wp\/v2\/users\/1"}],"replies":[{"embeddable":true,"href":"https:\/\/temucotelevision.cl\/web\/wp-json\/wp\/v2\/comments?post=23436"}],"version-history":[{"count":1,"href":"https:\/\/temucotelevision.cl\/web\/wp-json\/wp\/v2\/posts\/23436\/revisions"}],"predecessor-version":[{"id":23438,"href":"https:\/\/temucotelevision.cl\/web\/wp-json\/wp\/v2\/posts\/23436\/revisions\/23438"}],"wp:featuredmedia":[{"embeddable":true,"href":"https:\/\/temucotelevision.cl\/web\/wp-json\/wp\/v2\/media\/23437"}],"wp:attachment":[{"href":"https:\/\/temucotelevision.cl\/web\/wp-json\/wp\/v2\/media?parent=23436"}],"wp:term":[{"taxonomy":"category","embeddable":true,"href":"https:\/\/temucotelevision.cl\/web\/wp-json\/wp\/v2\/categories?post=23436"},{"taxonomy":"post_tag","embeddable":true,"href":"https:\/\/temucotelevision.cl\/web\/wp-json\/wp\/v2\/tags?post=23436"}],"curies":[{"name":"wp","href":"https:\/\/api.w.org\/{rel}","templated":true}]}}