{"id":23434,"date":"2021-07-22T10:17:49","date_gmt":"2021-07-22T13:17:49","guid":{"rendered":"https:\/\/temucotelevision.cl\/web\/?p=23434"},"modified":"2021-07-22T10:18:13","modified_gmt":"2021-07-22T13:18:13","slug":"diputado-rathgeb-emplaza-a-constituyentes-de-pueblos-originarios-a-pronunciarse-por-criticas-de-la-cam-a-su-representatividad","status":"publish","type":"post","link":"https:\/\/temucotelevision.cl\/web\/2021\/07\/22\/diputado-rathgeb-emplaza-a-constituyentes-de-pueblos-originarios-a-pronunciarse-por-criticas-de-la-cam-a-su-representatividad\/","title":{"rendered":"Diputado Rathgeb emplaza a constituyentes de pueblos originarios a pronunciarse por cr\u00edticas de la CAM a su representatividad"},"content":{"rendered":"<div class=\"pvc_clear\"><\/div><p id=\"pvc_stats_23434\" class=\"pvc_stats total_only  \" data-element-id=\"23434\" style=\"\"><i class=\"pvc-stats-icon large\" aria-hidden=\"true\"><svg aria-hidden=\"true\" focusable=\"false\" data-prefix=\"far\" data-icon=\"chart-bar\" role=\"img\" xmlns=\"http:\/\/www.w3.org\/2000\/svg\" viewBox=\"0 0 512 512\" class=\"svg-inline--fa fa-chart-bar fa-w-16 fa-2x\"><path fill=\"currentColor\" d=\"M396.8 352h22.4c6.4 0 12.8-6.4 12.8-12.8V108.8c0-6.4-6.4-12.8-12.8-12.8h-22.4c-6.4 0-12.8 6.4-12.8 12.8v230.4c0 6.4 6.4 12.8 12.8 12.8zm-192 0h22.4c6.4 0 12.8-6.4 12.8-12.8V140.8c0-6.4-6.4-12.8-12.8-12.8h-22.4c-6.4 0-12.8 6.4-12.8 12.8v198.4c0 6.4 6.4 12.8 12.8 12.8zm96 0h22.4c6.4 0 12.8-6.4 12.8-12.8V204.8c0-6.4-6.4-12.8-12.8-12.8h-22.4c-6.4 0-12.8 6.4-12.8 12.8v134.4c0 6.4 6.4 12.8 12.8 12.8zM496 400H48V80c0-8.84-7.16-16-16-16H16C7.16 64 0 71.16 0 80v336c0 17.67 14.33 32 32 32h464c8.84 0 16-7.16 16-16v-16c0-8.84-7.16-16-16-16zm-387.2-48h22.4c6.4 0 12.8-6.4 12.8-12.8v-70.4c0-6.4-6.4-12.8-12.8-12.8h-22.4c-6.4 0-12.8 6.4-12.8 12.8v70.4c0 6.4 6.4 12.8 12.8 12.8z\" class=\"\"><\/path><\/svg><\/i> <img loading=\"lazy\" decoding=\"async\" width=\"16\" height=\"16\" alt=\"Loading\" src=\"https:\/\/temucotelevision.cl\/web\/wp-content\/plugins\/page-views-count\/ajax-loader-2x.gif\" border=0 \/><\/p><div class=\"pvc_clear\"><\/div>\n<p><strong>El parlamentario por La Araucan\u00eda indic\u00f3 que los miembros de la asamblea que pertenecen a diferentes etnias del pa\u00eds deben salir al paso y responder a los integrantes de la Coordinadora Arauco Malleco, que simplemente y con sus dichos est\u00e1n ninguneando su trabajo.<\/strong><\/p>\n\n\n\n<p>Durante los \u00faltimos d\u00edas la CAM sac\u00f3 un comunicado reivindicando los \u00faltimos ataques incendiarios ocurridos en la macrozona sur y junto a ello tambi\u00e9n repudiando el rol que han jugado los convencionales constituyentes desde que asumieron su rol, indicando que no son representativos de los pueblos originarios.<\/p>\n\n\n\n<p>El diputado de Renovaci\u00f3n Nacional por La Araucan\u00eda, Jorge Rathgeb Schifferli, indic\u00f3 que es importante de las diferentes etnias de nuestro pa\u00eds y que fueron aludidas por la Coordinadora Arauco Malleco, saquen la voz y salgan al paso de estas cr\u00edticas y no mantener una actitud silente como lo han hecho.<\/p>\n\n\n\n<p>Rathgeb indic\u00f3 que en el parlamento se luch\u00f3 para que hubiesen constituyentes de pueblos originarios y que no es la CAM la m\u00e1s id\u00f3nea en salir a reprochar o alzar la voz considerando los hechos de violencia que han protagonizado en los \u00faltimos d\u00edas.<\/p>\n\n\n\n<p>El legislador puntualiz\u00f3 que indigna la postura que ha est\u00e1 teniendo el colectivo que en este \u00faltimo tiempo solo se ha dedicado a infundir el terror y el temor en la poblaci\u00f3n y que con sus declaraciones solo se dediquen a atacar a los pueblos originarios.<\/p>\n\n\n\n<p>&#8220;Es fustrante y decepcionante que despu\u00e9s de que hayamos impulsado y aprobado en el Congreso Nacional la posibilidad de que los pueblos originarios hayan sido incluidos en la convenci\u00f3n constitucional hayan sido ninguneados por la CAM y ellos nada hayan hecho. Despu\u00e9s de que ha transcurrido una semana, los emplazo a los constituyentes mapuche a responder a la Coordinadora Arauco Malleco si son o no representantes leg\u00edtimos de los pueblos originarios&#8221;, indic\u00f3 Rathgeb.<\/p>\n\n\n\n<p>Rathgeb tambi\u00e9n agreg\u00f3 que es momento que tambi\u00e9n alguien de los componentes de la constituyente y que dicen ser representantes de los derechos laborales, alcen su voz por el estado de salud del trabajador Ceferino Gonz\u00e1lez, quien fue herido por integrantes de la CAM en el ataque ocurrido en Carahue.<\/p>\n","protected":false},"excerpt":{"rendered":"<div class=\"pvc_clear\"><\/div>\n<p id=\"pvc_stats_23434\" class=\"pvc_stats total_only  \" data-element-id=\"23434\" style=\"\"><i class=\"pvc-stats-icon large\" aria-hidden=\"true\"><svg aria-hidden=\"true\" focusable=\"false\" data-prefix=\"far\" data-icon=\"chart-bar\" role=\"img\" xmlns=\"http:\/\/www.w3.org\/2000\/svg\" viewBox=\"0 0 512 512\" class=\"svg-inline--fa fa-chart-bar fa-w-16 fa-2x\"><path fill=\"currentColor\" d=\"M396.8 352h22.4c6.4 0 12.8-6.4 12.8-12.8V108.8c0-6.4-6.4-12.8-12.8-12.8h-22.4c-6.4 0-12.8 6.4-12.8 12.8v230.4c0 6.4 6.4 12.8 12.8 12.8zm-192 0h22.4c6.4 0 12.8-6.4 12.8-12.8V140.8c0-6.4-6.4-12.8-12.8-12.8h-22.4c-6.4 0-12.8 6.4-12.8 12.8v198.4c0 6.4 6.4 12.8 12.8 12.8zm96 0h22.4c6.4 0 12.8-6.4 12.8-12.8V204.8c0-6.4-6.4-12.8-12.8-12.8h-22.4c-6.4 0-12.8 6.4-12.8 12.8v134.4c0 6.4 6.4 12.8 12.8 12.8zM496 400H48V80c0-8.84-7.16-16-16-16H16C7.16 64 0 71.16 0 80v336c0 17.67 14.33 32 32 32h464c8.84 0 16-7.16 16-16v-16c0-8.84-7.16-16-16-16zm-387.2-48h22.4c6.4 0 12.8-6.4 12.8-12.8v-70.4c0-6.4-6.4-12.8-12.8-12.8h-22.4c-6.4 0-12.8 6.4-12.8 12.8v70.4c0 6.4 6.4 12.8 12.8 12.8z\" class=\"\"><\/path><\/svg><\/i> <img loading=\"lazy\" decoding=\"async\" width=\"16\" height=\"16\" alt=\"Loading\" src=\"https:\/\/temucotelevision.cl\/web\/wp-content\/plugins\/page-views-count\/ajax-loader-2x.gif\" border=0 \/><\/p>\n<div class=\"pvc_clear\"><\/div>\n<p>El parlamentario por La Araucan\u00eda indic\u00f3 que los miembros de la asamblea que pertenecen a diferentes etnias del pa\u00eds deben<\/p>\n","protected":false},"author":1,"featured_media":22896,"comment_status":"open","ping_status":"open","sticky":false,"template":"","format":"standard","meta":{"colormag_page_container_layout":"default_layout","colormag_page_sidebar_layout":"default_layout","footnotes":""},"categories":[84],"tags":[1296,3542,154,1693],"class_list":["post-23434","post","type-post","status-publish","format-standard","has-post-thumbnail","hentry","category-politica","tag-cam","tag-constituyentes","tag-diputado","tag-pueblos"],"a3_pvc":{"activated":true,"total_views":32,"today_views":0},"_links":{"self":[{"href":"https:\/\/temucotelevision.cl\/web\/wp-json\/wp\/v2\/posts\/23434","targetHints":{"allow":["GET"]}}],"collection":[{"href":"https:\/\/temucotelevision.cl\/web\/wp-json\/wp\/v2\/posts"}],"about":[{"href":"https:\/\/temucotelevision.cl\/web\/wp-json\/wp\/v2\/types\/post"}],"author":[{"embeddable":true,"href":"https:\/\/temucotelevision.cl\/web\/wp-json\/wp\/v2\/users\/1"}],"replies":[{"embeddable":true,"href":"https:\/\/temucotelevision.cl\/web\/wp-json\/wp\/v2\/comments?post=23434"}],"version-history":[{"count":1,"href":"https:\/\/temucotelevision.cl\/web\/wp-json\/wp\/v2\/posts\/23434\/revisions"}],"predecessor-version":[{"id":23435,"href":"https:\/\/temucotelevision.cl\/web\/wp-json\/wp\/v2\/posts\/23434\/revisions\/23435"}],"wp:featuredmedia":[{"embeddable":true,"href":"https:\/\/temucotelevision.cl\/web\/wp-json\/wp\/v2\/media\/22896"}],"wp:attachment":[{"href":"https:\/\/temucotelevision.cl\/web\/wp-json\/wp\/v2\/media?parent=23434"}],"wp:term":[{"taxonomy":"category","embeddable":true,"href":"https:\/\/temucotelevision.cl\/web\/wp-json\/wp\/v2\/categories?post=23434"},{"taxonomy":"post_tag","embeddable":true,"href":"https:\/\/temucotelevision.cl\/web\/wp-json\/wp\/v2\/tags?post=23434"}],"curies":[{"name":"wp","href":"https:\/\/api.w.org\/{rel}","templated":true}]}}