{"id":23431,"date":"2021-07-22T10:13:19","date_gmt":"2021-07-22T13:13:19","guid":{"rendered":"https:\/\/temucotelevision.cl\/web\/?p=23431"},"modified":"2021-07-22T10:13:21","modified_gmt":"2021-07-22T13:13:21","slug":"operativo-social-de-la-seremi-de-gobierno-beneficio-a-comunidad-mapuche-de-padre-las-casas","status":"publish","type":"post","link":"https:\/\/temucotelevision.cl\/web\/2021\/07\/22\/operativo-social-de-la-seremi-de-gobierno-beneficio-a-comunidad-mapuche-de-padre-las-casas\/","title":{"rendered":"Operativo social de la seremi de Gobierno benefici\u00f3 a comunidad Mapuche de Padre Las Casas"},"content":{"rendered":"<div class=\"pvc_clear\"><\/div><p id=\"pvc_stats_23431\" class=\"pvc_stats total_only  \" data-element-id=\"23431\" style=\"\"><i class=\"pvc-stats-icon large\" aria-hidden=\"true\"><svg aria-hidden=\"true\" focusable=\"false\" data-prefix=\"far\" data-icon=\"chart-bar\" role=\"img\" xmlns=\"http:\/\/www.w3.org\/2000\/svg\" viewBox=\"0 0 512 512\" class=\"svg-inline--fa fa-chart-bar fa-w-16 fa-2x\"><path fill=\"currentColor\" d=\"M396.8 352h22.4c6.4 0 12.8-6.4 12.8-12.8V108.8c0-6.4-6.4-12.8-12.8-12.8h-22.4c-6.4 0-12.8 6.4-12.8 12.8v230.4c0 6.4 6.4 12.8 12.8 12.8zm-192 0h22.4c6.4 0 12.8-6.4 12.8-12.8V140.8c0-6.4-6.4-12.8-12.8-12.8h-22.4c-6.4 0-12.8 6.4-12.8 12.8v198.4c0 6.4 6.4 12.8 12.8 12.8zm96 0h22.4c6.4 0 12.8-6.4 12.8-12.8V204.8c0-6.4-6.4-12.8-12.8-12.8h-22.4c-6.4 0-12.8 6.4-12.8 12.8v134.4c0 6.4 6.4 12.8 12.8 12.8zM496 400H48V80c0-8.84-7.16-16-16-16H16C7.16 64 0 71.16 0 80v336c0 17.67 14.33 32 32 32h464c8.84 0 16-7.16 16-16v-16c0-8.84-7.16-16-16-16zm-387.2-48h22.4c6.4 0 12.8-6.4 12.8-12.8v-70.4c0-6.4-6.4-12.8-12.8-12.8h-22.4c-6.4 0-12.8 6.4-12.8 12.8v70.4c0 6.4 6.4 12.8 12.8 12.8z\" class=\"\"><\/path><\/svg><\/i> <img loading=\"lazy\" decoding=\"async\" width=\"16\" height=\"16\" alt=\"Loading\" src=\"https:\/\/temucotelevision.cl\/web\/wp-content\/plugins\/page-views-count\/ajax-loader-2x.gif\" border=0 \/><\/p><div class=\"pvc_clear\"><\/div>\n<p>Con el fin de acercar los servicios p\u00fablicos a los sectores m\u00e1s apartados de la regi\u00f3n de La Araucan\u00eda es que la seremi de Gobierno P\u00eda Bersezio junto a profesionales de la Divisi\u00f3n de Organizaciones Sociales, lleg\u00f3 hasta la comunidad Mapuche Juan Antonio Paillalef, del sector Pulil de Padre Las Casas, para desarrollar un nuevo operativo social que busca apoyar a los habitantes en la obtenci\u00f3n del Pase de Movilidad, Clave \u00danica, y actualizaci\u00f3n del Registro Social de Hogares, entre otros tr\u00e1mites.&nbsp;<\/p>\n\n\n\n<p>\u201cPorque queremos acercar los beneficios del Estado a cada rinc\u00f3n de La Araucan\u00eda es que hoy nos encontramos en una comunidad ind\u00edgena, en la comuna de Padre Las Casas, entregando distintos beneficios del Gobierno para que lleguen ojal\u00e1 a la m\u00e1xima cantidad de vecinos y vecinos\u201d, indic\u00f3 la vocera de Gobierno, P\u00eda Bersezio.&nbsp;<\/p>\n\n\n\n<p>Por su parte Sof\u00eda Antilef, presidenta de la comunidad Juan Antonio Paillalef de Pulil, asegur\u00f3 que \u201cestamos lejos de la ciudad y lo peor de todo es que no tenemos locomoci\u00f3n, entonces eso se nos dificulta para hacer nuestros tr\u00e1mites, y lo otro que para ocupar el internet, muchos no sabemos utilizarlo, por lo mismo aprovechamos la instancia para poder gestionar esto. As\u00ed que muy agradecida de la seremi P\u00eda Bersezio, que nos trajo esto, que para el campesino es muy necesario\u201d.&nbsp;<\/p>\n\n\n\n<p>En tanto Isabel Antilef, presidenta del Club Adulto Mayor Folil Rayen, se\u00f1al\u00f3 que \u201ces tan importante hacer un tr\u00e1mite, viajar al pueblo, y sobre todo para el adulto mayor, en este tiempo de fr\u00edo, adem\u00e1s de la pandemia, entonces es muy bueno lo que se est\u00e1 haciendo. Yo pude actualizar mi Registro Social de Hogares, obtener mi Clave \u00danica y el Pase de Movilidad\u201d.&nbsp;<\/p>\n\n\n\n<p>Cabe destacar que previo a la actividad se ejecut\u00f3 un Llellipun, con la cual se dio el vamos a la iniciativa, la cual cont\u00f3 con la presencia de numerosos vecinos de este sector rural de Padre Las Casas. As\u00ed tambi\u00e9n se reconoci\u00f3 a dirigentes por su trabajo desempe\u00f1ado especialmente en periodo de pandemia. Reconocimiento que fue entregado por la propia seremi de Gobierno, P\u00eda Bersezio,<\/p>\n","protected":false},"excerpt":{"rendered":"<div class=\"pvc_clear\"><\/div>\n<p id=\"pvc_stats_23431\" class=\"pvc_stats total_only  \" data-element-id=\"23431\" style=\"\"><i class=\"pvc-stats-icon large\" aria-hidden=\"true\"><svg aria-hidden=\"true\" focusable=\"false\" data-prefix=\"far\" data-icon=\"chart-bar\" role=\"img\" xmlns=\"http:\/\/www.w3.org\/2000\/svg\" viewBox=\"0 0 512 512\" class=\"svg-inline--fa fa-chart-bar fa-w-16 fa-2x\"><path fill=\"currentColor\" d=\"M396.8 352h22.4c6.4 0 12.8-6.4 12.8-12.8V108.8c0-6.4-6.4-12.8-12.8-12.8h-22.4c-6.4 0-12.8 6.4-12.8 12.8v230.4c0 6.4 6.4 12.8 12.8 12.8zm-192 0h22.4c6.4 0 12.8-6.4 12.8-12.8V140.8c0-6.4-6.4-12.8-12.8-12.8h-22.4c-6.4 0-12.8 6.4-12.8 12.8v198.4c0 6.4 6.4 12.8 12.8 12.8zm96 0h22.4c6.4 0 12.8-6.4 12.8-12.8V204.8c0-6.4-6.4-12.8-12.8-12.8h-22.4c-6.4 0-12.8 6.4-12.8 12.8v134.4c0 6.4 6.4 12.8 12.8 12.8zM496 400H48V80c0-8.84-7.16-16-16-16H16C7.16 64 0 71.16 0 80v336c0 17.67 14.33 32 32 32h464c8.84 0 16-7.16 16-16v-16c0-8.84-7.16-16-16-16zm-387.2-48h22.4c6.4 0 12.8-6.4 12.8-12.8v-70.4c0-6.4-6.4-12.8-12.8-12.8h-22.4c-6.4 0-12.8 6.4-12.8 12.8v70.4c0 6.4 6.4 12.8 12.8 12.8z\" class=\"\"><\/path><\/svg><\/i> <img loading=\"lazy\" decoding=\"async\" width=\"16\" height=\"16\" alt=\"Loading\" src=\"https:\/\/temucotelevision.cl\/web\/wp-content\/plugins\/page-views-count\/ajax-loader-2x.gif\" border=0 \/><\/p>\n<div class=\"pvc_clear\"><\/div>\n<p>Con el fin de acercar los servicios p\u00fablicos a los sectores m\u00e1s apartados de la regi\u00f3n de La Araucan\u00eda es<\/p>\n","protected":false},"author":1,"featured_media":23432,"comment_status":"open","ping_status":"open","sticky":false,"template":"","format":"standard","meta":{"colormag_page_container_layout":"default_layout","colormag_page_sidebar_layout":"default_layout","footnotes":""},"categories":[15],"tags":[146,1038,133,999],"class_list":["post-23431","post","type-post","status-publish","format-standard","has-post-thumbnail","hentry","category-la-araucania","tag-comuna","tag-comunidad","tag-operativo","tag-plc"],"a3_pvc":{"activated":true,"total_views":60,"today_views":0},"_links":{"self":[{"href":"https:\/\/temucotelevision.cl\/web\/wp-json\/wp\/v2\/posts\/23431","targetHints":{"allow":["GET"]}}],"collection":[{"href":"https:\/\/temucotelevision.cl\/web\/wp-json\/wp\/v2\/posts"}],"about":[{"href":"https:\/\/temucotelevision.cl\/web\/wp-json\/wp\/v2\/types\/post"}],"author":[{"embeddable":true,"href":"https:\/\/temucotelevision.cl\/web\/wp-json\/wp\/v2\/users\/1"}],"replies":[{"embeddable":true,"href":"https:\/\/temucotelevision.cl\/web\/wp-json\/wp\/v2\/comments?post=23431"}],"version-history":[{"count":1,"href":"https:\/\/temucotelevision.cl\/web\/wp-json\/wp\/v2\/posts\/23431\/revisions"}],"predecessor-version":[{"id":23433,"href":"https:\/\/temucotelevision.cl\/web\/wp-json\/wp\/v2\/posts\/23431\/revisions\/23433"}],"wp:featuredmedia":[{"embeddable":true,"href":"https:\/\/temucotelevision.cl\/web\/wp-json\/wp\/v2\/media\/23432"}],"wp:attachment":[{"href":"https:\/\/temucotelevision.cl\/web\/wp-json\/wp\/v2\/media?parent=23431"}],"wp:term":[{"taxonomy":"category","embeddable":true,"href":"https:\/\/temucotelevision.cl\/web\/wp-json\/wp\/v2\/categories?post=23431"},{"taxonomy":"post_tag","embeddable":true,"href":"https:\/\/temucotelevision.cl\/web\/wp-json\/wp\/v2\/tags?post=23431"}],"curies":[{"name":"wp","href":"https:\/\/api.w.org\/{rel}","templated":true}]}}