{"id":23422,"date":"2021-07-21T22:41:10","date_gmt":"2021-07-22T01:41:10","guid":{"rendered":"https:\/\/temucotelevision.cl\/web\/?p=23422"},"modified":"2021-07-21T22:41:12","modified_gmt":"2021-07-22T01:41:12","slug":"senadora-aravena-hace-un-llamado-a-aprobar-la-reforma-al-codigo-de-aguas","status":"publish","type":"post","link":"https:\/\/temucotelevision.cl\/web\/2021\/07\/21\/senadora-aravena-hace-un-llamado-a-aprobar-la-reforma-al-codigo-de-aguas\/","title":{"rendered":"Senadora Aravena hace un llamado a aprobar la reforma al C\u00f3digo de Aguas"},"content":{"rendered":"<div class=\"pvc_clear\"><\/div><p id=\"pvc_stats_23422\" class=\"pvc_stats total_only  \" data-element-id=\"23422\" style=\"\"><i class=\"pvc-stats-icon large\" aria-hidden=\"true\"><svg aria-hidden=\"true\" focusable=\"false\" data-prefix=\"far\" data-icon=\"chart-bar\" role=\"img\" xmlns=\"http:\/\/www.w3.org\/2000\/svg\" viewBox=\"0 0 512 512\" class=\"svg-inline--fa fa-chart-bar fa-w-16 fa-2x\"><path fill=\"currentColor\" d=\"M396.8 352h22.4c6.4 0 12.8-6.4 12.8-12.8V108.8c0-6.4-6.4-12.8-12.8-12.8h-22.4c-6.4 0-12.8 6.4-12.8 12.8v230.4c0 6.4 6.4 12.8 12.8 12.8zm-192 0h22.4c6.4 0 12.8-6.4 12.8-12.8V140.8c0-6.4-6.4-12.8-12.8-12.8h-22.4c-6.4 0-12.8 6.4-12.8 12.8v198.4c0 6.4 6.4 12.8 12.8 12.8zm96 0h22.4c6.4 0 12.8-6.4 12.8-12.8V204.8c0-6.4-6.4-12.8-12.8-12.8h-22.4c-6.4 0-12.8 6.4-12.8 12.8v134.4c0 6.4 6.4 12.8 12.8 12.8zM496 400H48V80c0-8.84-7.16-16-16-16H16C7.16 64 0 71.16 0 80v336c0 17.67 14.33 32 32 32h464c8.84 0 16-7.16 16-16v-16c0-8.84-7.16-16-16-16zm-387.2-48h22.4c6.4 0 12.8-6.4 12.8-12.8v-70.4c0-6.4-6.4-12.8-12.8-12.8h-22.4c-6.4 0-12.8 6.4-12.8 12.8v70.4c0 6.4 6.4 12.8 12.8 12.8z\" class=\"\"><\/path><\/svg><\/i> <img loading=\"lazy\" decoding=\"async\" width=\"16\" height=\"16\" alt=\"Loading\" src=\"https:\/\/temucotelevision.cl\/web\/wp-content\/plugins\/page-views-count\/ajax-loader-2x.gif\" border=0 \/><\/p><div class=\"pvc_clear\"><\/div>\n<p><em>La parlamentaria, que integra la Comisi\u00f3n de Agricultura, explic\u00f3 que se logr\u00f3 un adecuado balance&nbsp;entre la funciones de subsistencia, productivas y ecosist\u00e9mica del recurso h\u00eddrico.<\/em><\/p>\n\n\n\n<p>En el inicio de la discusi\u00f3n de la reforma al C\u00f3digo de Aguas en la Sala del Senado, en su segundo tr\u00e1mite constitucional, la senadora Carmen Gloria Aravena&nbsp;<strong>hizo un llamado a debatir con seriedad y aprobar en general un proyecto que se ha trabajado por m\u00e1s de una d\u00e9cada en el Congreso<\/strong>, sobretodo, en el contexto de cambio clim\u00e1tico que enfrenta nuestro pa\u00eds.<\/p>\n\n\n\n<p>Al respecto, la parlamentaria que integra la Comisi\u00f3n de Agricultura y le toc\u00f3 presidir la instancia durante el proceso de discusi\u00f3n de la iniciativa, explic\u00f3 que&nbsp;<strong>se recibi\u00f3 a m\u00e1s de 80 expositores de diversas organizaciones, autoridades, acad\u00e9micos y profesionales, quienes manifestaron sus observaciones&nbsp;<\/strong>sobre el proyecto que fue aprobado en general por la unanimidad de los miembros de la Comisi\u00f3n.<\/p>\n\n\n\n<p>\u201cLe pido a mis colegas que puedan tener en consideraci\u00f3n el enorme trabajo que se ha realizado en las distintas comisiones para sacar adelante el nuevo C\u00f3digo de Aguas. En la Reforma,&nbsp;<strong>se establece que el agua, como un bien nacional de uso p\u00fablico, es un derecho humano irrenunciable, por lo que se garantiza el consumo humano por sobre todos los otros usos.<\/strong>&nbsp;Adem\u00e1s, logramos un adecuado balance&nbsp;entre las funciones de subsistencia, saneamiento, productivas, de preservaci\u00f3n ecosist\u00e9mica y sustentabilidad del recurso\u201d.<\/p>\n\n\n\n<p>Dentro de los aspectos a destacar, la senadora indic\u00f3 que&nbsp;<strong>se incorporan normas como los planes de gesti\u00f3n estrat\u00e9gica para las 101 cuencas presentes en Chile, con el fin de mantener un estudio sistematizado de ellas<\/strong>, m\u00e1s all\u00e1 de las aguas superficiales.<\/p>\n\n\n\n<p>Asimismo, la senadora por La Araucan\u00eda, quien es ingeniero agr\u00f3nomo de profesi\u00f3n, sostuvo que respecto a la conservaci\u00f3n del recurso,&nbsp;<strong>se estableci\u00f3 el fortalecimiento del caudal ecol\u00f3gico para todos los derechos de agua que se entreguen bajo la vigencia de este C\u00f3digo<\/strong>, para la conservaci\u00f3n del recurso y evitar la sobre explotaci\u00f3n de \u00e9ste.<\/p>\n\n\n\n<p>Cabe se\u00f1alar que&nbsp;<strong>en la Comisi\u00f3n de Constituci\u00f3n del Senado, se aprob\u00f3 que los nuevos derechos de aprovechamiento sean otorgados como concesiones temporales de 30 a\u00f1os y se avanz\u00f3 en la extinci\u00f3n de los derechos<\/strong>&nbsp;(tanto antiguos como nuevos) si no se hace un uso efectivo del caudal otorgado, en un plazo de 5 a\u00f1os para los consuntivos y 10 para los no consuntivos.<\/p>\n\n\n\n<p>Finalmente, se elimina la especulaci\u00f3n por medio de un incremento en la patente por no uso, adem\u00e1s de ampliar la facultad de expropiar para priorizar el consumo humano, mejorando tambi\u00e9n la facultad sancionatoria de la Direcci\u00f3n General de Aguas, entidad donde se tendr\u00e1 que inscribir obligatoriamente los derechos de uso.<\/p>\n","protected":false},"excerpt":{"rendered":"<div class=\"pvc_clear\"><\/div>\n<p id=\"pvc_stats_23422\" class=\"pvc_stats total_only  \" data-element-id=\"23422\" style=\"\"><i class=\"pvc-stats-icon large\" aria-hidden=\"true\"><svg aria-hidden=\"true\" focusable=\"false\" data-prefix=\"far\" data-icon=\"chart-bar\" role=\"img\" xmlns=\"http:\/\/www.w3.org\/2000\/svg\" viewBox=\"0 0 512 512\" class=\"svg-inline--fa fa-chart-bar fa-w-16 fa-2x\"><path fill=\"currentColor\" d=\"M396.8 352h22.4c6.4 0 12.8-6.4 12.8-12.8V108.8c0-6.4-6.4-12.8-12.8-12.8h-22.4c-6.4 0-12.8 6.4-12.8 12.8v230.4c0 6.4 6.4 12.8 12.8 12.8zm-192 0h22.4c6.4 0 12.8-6.4 12.8-12.8V140.8c0-6.4-6.4-12.8-12.8-12.8h-22.4c-6.4 0-12.8 6.4-12.8 12.8v198.4c0 6.4 6.4 12.8 12.8 12.8zm96 0h22.4c6.4 0 12.8-6.4 12.8-12.8V204.8c0-6.4-6.4-12.8-12.8-12.8h-22.4c-6.4 0-12.8 6.4-12.8 12.8v134.4c0 6.4 6.4 12.8 12.8 12.8zM496 400H48V80c0-8.84-7.16-16-16-16H16C7.16 64 0 71.16 0 80v336c0 17.67 14.33 32 32 32h464c8.84 0 16-7.16 16-16v-16c0-8.84-7.16-16-16-16zm-387.2-48h22.4c6.4 0 12.8-6.4 12.8-12.8v-70.4c0-6.4-6.4-12.8-12.8-12.8h-22.4c-6.4 0-12.8 6.4-12.8 12.8v70.4c0 6.4 6.4 12.8 12.8 12.8z\" class=\"\"><\/path><\/svg><\/i> <img loading=\"lazy\" decoding=\"async\" width=\"16\" height=\"16\" alt=\"Loading\" src=\"https:\/\/temucotelevision.cl\/web\/wp-content\/plugins\/page-views-count\/ajax-loader-2x.gif\" border=0 \/><\/p>\n<div class=\"pvc_clear\"><\/div>\n<p>La parlamentaria, que integra la Comisi\u00f3n de Agricultura, explic\u00f3 que se logr\u00f3 un adecuado balance&nbsp;entre la funciones de subsistencia, productivas<\/p>\n","protected":false},"author":1,"featured_media":15469,"comment_status":"open","ping_status":"open","sticky":false,"template":"","format":"standard","meta":{"colormag_page_container_layout":"default_layout","colormag_page_sidebar_layout":"default_layout","footnotes":""},"categories":[84],"tags":[4014,2065],"class_list":["post-23422","post","type-post","status-publish","format-standard","has-post-thumbnail","hentry","category-politica","tag-codigoaguas","tag-senadora"],"a3_pvc":{"activated":true,"total_views":25,"today_views":0},"_links":{"self":[{"href":"https:\/\/temucotelevision.cl\/web\/wp-json\/wp\/v2\/posts\/23422","targetHints":{"allow":["GET"]}}],"collection":[{"href":"https:\/\/temucotelevision.cl\/web\/wp-json\/wp\/v2\/posts"}],"about":[{"href":"https:\/\/temucotelevision.cl\/web\/wp-json\/wp\/v2\/types\/post"}],"author":[{"embeddable":true,"href":"https:\/\/temucotelevision.cl\/web\/wp-json\/wp\/v2\/users\/1"}],"replies":[{"embeddable":true,"href":"https:\/\/temucotelevision.cl\/web\/wp-json\/wp\/v2\/comments?post=23422"}],"version-history":[{"count":1,"href":"https:\/\/temucotelevision.cl\/web\/wp-json\/wp\/v2\/posts\/23422\/revisions"}],"predecessor-version":[{"id":23423,"href":"https:\/\/temucotelevision.cl\/web\/wp-json\/wp\/v2\/posts\/23422\/revisions\/23423"}],"wp:featuredmedia":[{"embeddable":true,"href":"https:\/\/temucotelevision.cl\/web\/wp-json\/wp\/v2\/media\/15469"}],"wp:attachment":[{"href":"https:\/\/temucotelevision.cl\/web\/wp-json\/wp\/v2\/media?parent=23422"}],"wp:term":[{"taxonomy":"category","embeddable":true,"href":"https:\/\/temucotelevision.cl\/web\/wp-json\/wp\/v2\/categories?post=23422"},{"taxonomy":"post_tag","embeddable":true,"href":"https:\/\/temucotelevision.cl\/web\/wp-json\/wp\/v2\/tags?post=23422"}],"curies":[{"name":"wp","href":"https:\/\/api.w.org\/{rel}","templated":true}]}}