{"id":23419,"date":"2021-07-21T22:35:56","date_gmt":"2021-07-22T01:35:56","guid":{"rendered":"https:\/\/temucotelevision.cl\/web\/?p=23419"},"modified":"2021-07-21T22:35:59","modified_gmt":"2021-07-22T01:35:59","slug":"cuarentena-en-tolten-responsabilidad-de-todos","status":"publish","type":"post","link":"https:\/\/temucotelevision.cl\/web\/2021\/07\/21\/cuarentena-en-tolten-responsabilidad-de-todos\/","title":{"rendered":"Cuarentena en Tolt\u00e9n: responsabilidad de todos"},"content":{"rendered":"<div class=\"pvc_clear\"><\/div><p id=\"pvc_stats_23419\" class=\"pvc_stats total_only  \" data-element-id=\"23419\" style=\"\"><i class=\"pvc-stats-icon large\" aria-hidden=\"true\"><svg aria-hidden=\"true\" focusable=\"false\" data-prefix=\"far\" data-icon=\"chart-bar\" role=\"img\" xmlns=\"http:\/\/www.w3.org\/2000\/svg\" viewBox=\"0 0 512 512\" class=\"svg-inline--fa fa-chart-bar fa-w-16 fa-2x\"><path fill=\"currentColor\" d=\"M396.8 352h22.4c6.4 0 12.8-6.4 12.8-12.8V108.8c0-6.4-6.4-12.8-12.8-12.8h-22.4c-6.4 0-12.8 6.4-12.8 12.8v230.4c0 6.4 6.4 12.8 12.8 12.8zm-192 0h22.4c6.4 0 12.8-6.4 12.8-12.8V140.8c0-6.4-6.4-12.8-12.8-12.8h-22.4c-6.4 0-12.8 6.4-12.8 12.8v198.4c0 6.4 6.4 12.8 12.8 12.8zm96 0h22.4c6.4 0 12.8-6.4 12.8-12.8V204.8c0-6.4-6.4-12.8-12.8-12.8h-22.4c-6.4 0-12.8 6.4-12.8 12.8v134.4c0 6.4 6.4 12.8 12.8 12.8zM496 400H48V80c0-8.84-7.16-16-16-16H16C7.16 64 0 71.16 0 80v336c0 17.67 14.33 32 32 32h464c8.84 0 16-7.16 16-16v-16c0-8.84-7.16-16-16-16zm-387.2-48h22.4c6.4 0 12.8-6.4 12.8-12.8v-70.4c0-6.4-6.4-12.8-12.8-12.8h-22.4c-6.4 0-12.8 6.4-12.8 12.8v70.4c0 6.4 6.4 12.8 12.8 12.8z\" class=\"\"><\/path><\/svg><\/i> <img loading=\"lazy\" decoding=\"async\" width=\"16\" height=\"16\" alt=\"Loading\" src=\"https:\/\/temucotelevision.cl\/web\/wp-content\/plugins\/page-views-count\/ajax-loader-2x.gif\" border=0 \/><\/p><div class=\"pvc_clear\"><\/div>\n<p>Salir de cuarentena en la comuna de Tolt\u00e9n es responsabilidad de todos. As\u00ed qued\u00f3 descrito ayer luego de una serie de reuniones entre autoridades de salud local y regional. Actualmente el territorio de Tolt\u00e9n &nbsp;lleva m\u00e1s de tres meses sin poder avanzar de fase y as\u00ed normalizar los &nbsp;desplazamientos y funcionamiento del comercio. Por eso, ayer la seremi de salud Gloria Rodr\u00edguez Moretiti se reuni\u00f3 &nbsp;con el alcalde de Tolt\u00e9n y el equipo de Salud Municipal.&nbsp;<\/p>\n\n\n\n<p>A trav\u00e9s de diversas iniciativas que fortalecer\u00e1n con el &nbsp;personal del Departamento de Salud Municipal (DSM) y Hospital Familiar de Tolt\u00e9n se mejoraran las estrategias y esfuerzos para&nbsp; ayudar a bajar tasas de incidencia del Covid 19 en la comuna. Esto tiene como finalidad&nbsp; poder subir de fase, pero esta iniciativa no se lograr\u00e1 si los vecinos y vecinas de la comuna&nbsp; no&nbsp; ayudan a bajar los contagios. &nbsp;<\/p>\n\n\n\n<p>Actualmente los altos niveles de contagios que posee la comuna por cantidad de habitantes hace necesario&nbsp; la colaboraci\u00f3n de la comunidad. Por eso, el personal de salud aumentar\u00e1 la estrategia de b\u00fasqueda activa&nbsp; en los diversos sectores de la comuna. Guillermo Mart\u00ednez Soto, alcalde de Tolt\u00e9n, &nbsp;expres\u00f3 que \u201chemos solicitado a la seremi de salud un explicaci\u00f3n por la constante de nuestra cuarentena como territorio y se nos&nbsp; ratific\u00f3 que lamentablemente los altos \u00edndices de contagio&nbsp; y falta de medidas de protecci\u00f3n de la comunidad nos ha permitido avanzar a fase 2\u201d.<\/p>\n\n\n\n<p>Con un trabajo mancomunado entre el Hospital y DMS &nbsp;m\u00e1s el apoyo de la seremi se va trabajar en bajar los \u00edndices de contagio para permitir una mejor trazabilidad y seguimiento de los casos Covid en la comuna.&nbsp; Una de las medidas ser\u00e1 el aumento de tomas de ex\u00e1menes PCR y ant\u00edgenos con resultado inmediato tanto por personal del Hospital como DSM. En Nueva Tolt\u00e9n los lunes, mi\u00e9rcoles y viernes de 10:00 a 13.00 horas se tomar\u00e1n ex\u00e1menes PCR en el Frontis del Banco Estado por funcionarios del Hospital Tolt\u00e9n.<\/p>\n\n\n\n<p>El alcalde de Tolt\u00e9n reiter\u00f3 que \u201cvolvemos hacer un llamado a la comunidad a mantener las medidas de prevenci\u00f3n y evitar desplazamientos innecesarios, el no poder salir de cuarentena est\u00e1 perjudicando a diversos emprendimientos y emprendedores de la comuna que se ven&nbsp; imposibilitados de trabajar. Por eso, si no trabajamos unidos y en conciencia&nbsp;&nbsp; no podremos salir de Fase 1. Estamos ante una pandemia que afecta nuestra salud p\u00fablica y no podemos dejar desprotegidos a nuestros vecinos por conductas irresponsables\u201d.<\/p>\n\n\n\n<p><strong>Estrategias a seguir&nbsp;<\/strong><\/p>\n\n\n\n<p>Actualmente la comuna de Tolt\u00e9n presenta un 85.1 por ciento de vacunados con las 2 dosis y en el rango de adultos mayores un 91 por ciento.&nbsp; El trabajo incesante y profesionalismo de los funcionarios de salud permite a la comuna contar con un alto \u00edndice de inoculados, por eso en las postas rurales y gimnasio municipal se encuentran los vacunatorios gratuitos para la comunidad.&nbsp;<\/p>\n\n\n\n<p>Ante esto se sigue con las estrategias de&nbsp; aumento de testeo, disminuir los contagios, aislamiento efectivo de positivos en residencias sanitarias, y el autocuidado de cada uno de los vecinos de la comuna de Tolt\u00e9n. Adem\u00e1s, se aument\u00f3 a 6 fiscalizadores del servicio de salud quienes junto a personal de carabineros&nbsp; reforzar\u00e1n las fiscalizaciones de desplazamientos en el territorio.&nbsp;<\/p>\n","protected":false},"excerpt":{"rendered":"<div class=\"pvc_clear\"><\/div>\n<p id=\"pvc_stats_23419\" class=\"pvc_stats total_only  \" data-element-id=\"23419\" style=\"\"><i class=\"pvc-stats-icon large\" aria-hidden=\"true\"><svg aria-hidden=\"true\" focusable=\"false\" data-prefix=\"far\" data-icon=\"chart-bar\" role=\"img\" xmlns=\"http:\/\/www.w3.org\/2000\/svg\" viewBox=\"0 0 512 512\" class=\"svg-inline--fa fa-chart-bar fa-w-16 fa-2x\"><path fill=\"currentColor\" d=\"M396.8 352h22.4c6.4 0 12.8-6.4 12.8-12.8V108.8c0-6.4-6.4-12.8-12.8-12.8h-22.4c-6.4 0-12.8 6.4-12.8 12.8v230.4c0 6.4 6.4 12.8 12.8 12.8zm-192 0h22.4c6.4 0 12.8-6.4 12.8-12.8V140.8c0-6.4-6.4-12.8-12.8-12.8h-22.4c-6.4 0-12.8 6.4-12.8 12.8v198.4c0 6.4 6.4 12.8 12.8 12.8zm96 0h22.4c6.4 0 12.8-6.4 12.8-12.8V204.8c0-6.4-6.4-12.8-12.8-12.8h-22.4c-6.4 0-12.8 6.4-12.8 12.8v134.4c0 6.4 6.4 12.8 12.8 12.8zM496 400H48V80c0-8.84-7.16-16-16-16H16C7.16 64 0 71.16 0 80v336c0 17.67 14.33 32 32 32h464c8.84 0 16-7.16 16-16v-16c0-8.84-7.16-16-16-16zm-387.2-48h22.4c6.4 0 12.8-6.4 12.8-12.8v-70.4c0-6.4-6.4-12.8-12.8-12.8h-22.4c-6.4 0-12.8 6.4-12.8 12.8v70.4c0 6.4 6.4 12.8 12.8 12.8z\" class=\"\"><\/path><\/svg><\/i> <img loading=\"lazy\" decoding=\"async\" width=\"16\" height=\"16\" alt=\"Loading\" src=\"https:\/\/temucotelevision.cl\/web\/wp-content\/plugins\/page-views-count\/ajax-loader-2x.gif\" border=0 \/><\/p>\n<div class=\"pvc_clear\"><\/div>\n<p>Salir de cuarentena en la comuna de Tolt\u00e9n es responsabilidad de todos. As\u00ed qued\u00f3 descrito ayer luego de una serie<\/p>\n","protected":false},"author":1,"featured_media":23420,"comment_status":"open","ping_status":"open","sticky":false,"template":"","format":"standard","meta":{"colormag_page_container_layout":"default_layout","colormag_page_sidebar_layout":"default_layout","footnotes":""},"categories":[15],"tags":[202,2322,2312,567],"class_list":["post-23419","post","type-post","status-publish","format-standard","has-post-thumbnail","hentry","category-la-araucania","tag-alcalde","tag-cuarentena","tag-pandemia","tag-vecinos"],"a3_pvc":{"activated":true,"total_views":86,"today_views":0},"_links":{"self":[{"href":"https:\/\/temucotelevision.cl\/web\/wp-json\/wp\/v2\/posts\/23419","targetHints":{"allow":["GET"]}}],"collection":[{"href":"https:\/\/temucotelevision.cl\/web\/wp-json\/wp\/v2\/posts"}],"about":[{"href":"https:\/\/temucotelevision.cl\/web\/wp-json\/wp\/v2\/types\/post"}],"author":[{"embeddable":true,"href":"https:\/\/temucotelevision.cl\/web\/wp-json\/wp\/v2\/users\/1"}],"replies":[{"embeddable":true,"href":"https:\/\/temucotelevision.cl\/web\/wp-json\/wp\/v2\/comments?post=23419"}],"version-history":[{"count":1,"href":"https:\/\/temucotelevision.cl\/web\/wp-json\/wp\/v2\/posts\/23419\/revisions"}],"predecessor-version":[{"id":23421,"href":"https:\/\/temucotelevision.cl\/web\/wp-json\/wp\/v2\/posts\/23419\/revisions\/23421"}],"wp:featuredmedia":[{"embeddable":true,"href":"https:\/\/temucotelevision.cl\/web\/wp-json\/wp\/v2\/media\/23420"}],"wp:attachment":[{"href":"https:\/\/temucotelevision.cl\/web\/wp-json\/wp\/v2\/media?parent=23419"}],"wp:term":[{"taxonomy":"category","embeddable":true,"href":"https:\/\/temucotelevision.cl\/web\/wp-json\/wp\/v2\/categories?post=23419"},{"taxonomy":"post_tag","embeddable":true,"href":"https:\/\/temucotelevision.cl\/web\/wp-json\/wp\/v2\/tags?post=23419"}],"curies":[{"name":"wp","href":"https:\/\/api.w.org\/{rel}","templated":true}]}}