{"id":23412,"date":"2021-07-21T16:35:47","date_gmt":"2021-07-21T19:35:47","guid":{"rendered":"https:\/\/temucotelevision.cl\/web\/?p=23412"},"modified":"2021-07-21T16:35:54","modified_gmt":"2021-07-21T19:35:54","slug":"con-la-patriota-y-ningun-pajaro-canta-por-cantar-continua-el-recorrido-online-del-festival-escenica-araucania","status":"publish","type":"post","link":"https:\/\/temucotelevision.cl\/web\/2021\/07\/21\/con-la-patriota-y-ningun-pajaro-canta-por-cantar-continua-el-recorrido-online-del-festival-escenica-araucania\/","title":{"rendered":"Con \u201cLa patriota\u201d y \u201cNing\u00fan p\u00e1jaro canta por cantar\u201d contin\u00faa el recorrido online del Festival Esc\u00e9nica Araucan\u00eda"},"content":{"rendered":"<div class=\"pvc_clear\"><\/div><p id=\"pvc_stats_23412\" class=\"pvc_stats total_only  \" data-element-id=\"23412\" style=\"\"><i class=\"pvc-stats-icon large\" aria-hidden=\"true\"><svg aria-hidden=\"true\" focusable=\"false\" data-prefix=\"far\" data-icon=\"chart-bar\" role=\"img\" xmlns=\"http:\/\/www.w3.org\/2000\/svg\" viewBox=\"0 0 512 512\" class=\"svg-inline--fa fa-chart-bar fa-w-16 fa-2x\"><path fill=\"currentColor\" d=\"M396.8 352h22.4c6.4 0 12.8-6.4 12.8-12.8V108.8c0-6.4-6.4-12.8-12.8-12.8h-22.4c-6.4 0-12.8 6.4-12.8 12.8v230.4c0 6.4 6.4 12.8 12.8 12.8zm-192 0h22.4c6.4 0 12.8-6.4 12.8-12.8V140.8c0-6.4-6.4-12.8-12.8-12.8h-22.4c-6.4 0-12.8 6.4-12.8 12.8v198.4c0 6.4 6.4 12.8 12.8 12.8zm96 0h22.4c6.4 0 12.8-6.4 12.8-12.8V204.8c0-6.4-6.4-12.8-12.8-12.8h-22.4c-6.4 0-12.8 6.4-12.8 12.8v134.4c0 6.4 6.4 12.8 12.8 12.8zM496 400H48V80c0-8.84-7.16-16-16-16H16C7.16 64 0 71.16 0 80v336c0 17.67 14.33 32 32 32h464c8.84 0 16-7.16 16-16v-16c0-8.84-7.16-16-16-16zm-387.2-48h22.4c6.4 0 12.8-6.4 12.8-12.8v-70.4c0-6.4-6.4-12.8-12.8-12.8h-22.4c-6.4 0-12.8 6.4-12.8 12.8v70.4c0 6.4 6.4 12.8 12.8 12.8z\" class=\"\"><\/path><\/svg><\/i> <img loading=\"lazy\" decoding=\"async\" width=\"16\" height=\"16\" alt=\"Loading\" src=\"https:\/\/temucotelevision.cl\/web\/wp-content\/plugins\/page-views-count\/ajax-loader-2x.gif\" border=0 \/><\/p><div class=\"pvc_clear\"><\/div>\n<p><em>Este s\u00e1bado y domingo el teatro llegar\u00e1 hasta Puc\u00f3n, Renaico, Nueva Imperial y Padre Las Casas junto a Teatro La Heroica y \u00d1eque Teatral. Adem\u00e1s, este jueves 22, a las 19.00 horas, se realizar\u00e1 un laboratorio de \u201cCuerpo y Movimiento\u201d abierto a todo p\u00fablico, previa inscripci\u00f3n en asociacionescenicaaraucania@gmail.com.<\/em><\/p>\n\n\n\n<p>Este fin de semana contin\u00faa el recorrido&nbsp;<em>online<\/em>&nbsp;de la primera versi\u00f3n del Festival Esc\u00e9nica Araucan\u00eda, que desde el 03 de julio viaja por ocho comunas de Caut\u00edn y Malleco, llevando teatro, circo, t\u00edteres y danza a diversos centros culturales y espacios autogestionados, de manera gratuita.<\/p>\n\n\n\n<p>Financiado por el Fondo de Artes Esc\u00e9nicas, l\u00ednea Festivales y Encuentros, modalidad Regional, del ministerio de las Culturas, las Artes y el Patrimonio, el certamen presenta este s\u00e1bado 24, a las 20.00 horas, la obra \u201cLa patriota\u201d, espect\u00e1culo para adultos de Teatro La Heroica.<\/p>\n\n\n\n<p>Este montaje, que rescata la participaci\u00f3n de Javiera Carrera en el periodo independentista, tendr\u00e1 una funci\u00f3n doble en el Campus Puc\u00f3n de la Universidad de La Frontera y en el Observatorio Regional de Renaico, dando paso a un conversatorio posfunci\u00f3n, a las 21.00 horas, por Zoom.&nbsp;<\/p>\n\n\n\n<p>Para la creaci\u00f3n de esta obra la compa\u00f1\u00eda utiliz\u00f3, a modo de soporte textual: &#8220;Papeles de Do\u00f1a Javiera&#8221;, una compilaci\u00f3n de Enrique Matta Vial que contiene documentos hist\u00f3ricos, como las cartas escritas entre Javiera Carrera y su familia, entre 1814 y 1817, mientras viv\u00eda en el exilio junto a sus hermanos.&nbsp;<\/p>\n\n\n\n<p>\u201cEn una sociedad regida por el patriarcado, nos abanderamos por la historiograf\u00eda no tradicional que ubica a Javiera Carrera como la principal impulsora de las ideas independistas de los Carrera. Planteando la historia con una visi\u00f3n alternativa y distinta, reconociendo valores y debilidades de nuestros pr\u00f3ceres\u201d, dicen.&nbsp;<\/p>\n\n\n\n<p><strong>\u00dc\u00f1\u00fcmche<\/strong><\/p>\n\n\n\n<p>El d\u00eda en que muere el \u00dc\u00f1\u00fcmche, hombre p\u00e1jaro mapuche, tanto \u00e1rboles como animales quedan hu\u00e9rfanos de su protecci\u00f3n. Sin embargo, antes de trascender anuncia que otro aparecer\u00e1 para ocupar su puesto. As\u00ed comienza la historia de \u201cNing\u00fan p\u00e1jaro canta por cantar\u201d, de \u00d1eque teatral.&nbsp;<\/p>\n\n\n\n<p>Esta obra familiar tiene como protagonista al hombre p\u00e1jaro mapuche y tesoro humano vivo, Lorenzo Aillap\u00e1n, quien es consagrado como \u00dc\u00f1\u00fcmche de su comunidad cuando era ni\u00f1o, debiendo enfrentar la devastaci\u00f3n del bosque nativo del Lago Budi por la mano del hombre.<\/p>\n\n\n\n<p>La cita es para este domingo 25 de julio, a las 17.00 horas, a trav\u00e9s de las redes de la Municipalidad de Nueva Imperial y de Espacio Txaw\u00fcn de la Organizaci\u00f3n Cultural En Tr\u00e1nsito de Padre Las Casas. Tras ello la compa\u00f1\u00eda participar\u00e1 en un conversatorio posfunci\u00f3n, a las 18.00 horas.<\/p>\n\n\n\n<p>Quienes deseen conectarse a las funciones gratuitas podr\u00e1n hacerlo desde las redes sociales de Esc\u00e9nica Araucan\u00eda, Campus Puc\u00f3n de la Universidad de La Frontera, Observatorio Regional de Renaico, Municipalidad de Nueva Imperial y Espacio Txaw\u00fcn de la Organizaci\u00f3n Cultural En Tr\u00e1nsito de Padre Las Casas.<\/p>\n\n\n\n<p>Adem\u00e1s, este jueves 22 de julio, a las 19.00 horas, se llevar\u00e1 a cabo un laboratorio denominado: \u201cCuerpo y Movimiento\u201d, abierto a todo p\u00fablico y que ser\u00e1 impartido por la artista regional, Macarena B\u00e9jares. Las inscripciones gratuitas deben realizarse al correo: asociacionescenicaaraucania@gmail.com.&nbsp;&nbsp;<\/p>\n\n\n\n<p><strong>Trabajo colaborativo<\/strong><\/p>\n\n\n\n<p>Esc\u00e9nica Araucan\u00eda surge por el inter\u00e9s de generar alianzas entre compa\u00f1\u00edas teatrales de La Araucan\u00eda, donde el Colectivo Didaskalia, Teatro La Heroica y la Compa\u00f1\u00eda \u00d1eque Teatral, se transforman en parte del equipo ejecutor del proyecto.<\/p>\n\n\n\n<p>As\u00ed lo explican sus organizadores, quienes buscan generar a futuro un festival itinerante con base en esta primera versi\u00f3n digital.&nbsp;<\/p>\n\n\n\n<p>\u201cLa idea es crecer en el trabajo asociativo, fortaleciendo lazos y redes con otras agrupaciones y organizaciones art\u00edsticas, promoviendo la difusi\u00f3n de la creaci\u00f3n local y fomentando el intercambio de saberes y metodolog\u00edas, a trav\u00e9s de instancias de encuentro en el \u00e1mbito del arte y la gesti\u00f3n. Queremos generar un espacio de intercambio\u201d, aseguran.<\/p>\n\n\n\n<figure class=\"wp-block-table\"><table><tbody><tr><td>Jueves 22<\/td><td>Laboratorio:<strong>&nbsp;\u201cCuerpo y Movimiento\u201d<\/strong><\/td><\/tr><tr><td>S\u00e1bado 24<\/td><td><strong>\u201cLa Patriota\u201d<\/strong>, Compa\u00f1\u00eda Didaskalia (Puc\u00f3n\/Renaico)<\/td><\/tr><tr><td>Domingo 25<\/td><td><strong>\u201cNing\u00fan P\u00e1jaro Canta por Cantar\u201d<\/strong>, Compa\u00f1\u00eda \u00d1eque Teatral (Nueva Imperial\/Padre Las Casas)<\/td><\/tr><tr><td>Viernes 30<\/td><td>Di\u00e1logos con Directores \u2013 Concierto \u2013 Cierre del Festival<\/td><\/tr><\/tbody><\/table><\/figure>\n\n\n\n<div class=\"wp-block-image\"><figure class=\"aligncenter size-large\"><img loading=\"lazy\" decoding=\"async\" width=\"478\" height=\"640\" src=\"https:\/\/temucotelevision.cl\/web\/wp-content\/uploads\/2021\/07\/Foto-Ningun-Pajaro-Canta-por-Cantar-2.jpg\" alt=\"\" class=\"wp-image-23414\"\/><\/figure><\/div>\n","protected":false},"excerpt":{"rendered":"<div class=\"pvc_clear\"><\/div>\n<p id=\"pvc_stats_23412\" class=\"pvc_stats total_only  \" data-element-id=\"23412\" style=\"\"><i class=\"pvc-stats-icon large\" aria-hidden=\"true\"><svg aria-hidden=\"true\" focusable=\"false\" data-prefix=\"far\" data-icon=\"chart-bar\" role=\"img\" xmlns=\"http:\/\/www.w3.org\/2000\/svg\" viewBox=\"0 0 512 512\" class=\"svg-inline--fa fa-chart-bar fa-w-16 fa-2x\"><path fill=\"currentColor\" d=\"M396.8 352h22.4c6.4 0 12.8-6.4 12.8-12.8V108.8c0-6.4-6.4-12.8-12.8-12.8h-22.4c-6.4 0-12.8 6.4-12.8 12.8v230.4c0 6.4 6.4 12.8 12.8 12.8zm-192 0h22.4c6.4 0 12.8-6.4 12.8-12.8V140.8c0-6.4-6.4-12.8-12.8-12.8h-22.4c-6.4 0-12.8 6.4-12.8 12.8v198.4c0 6.4 6.4 12.8 12.8 12.8zm96 0h22.4c6.4 0 12.8-6.4 12.8-12.8V204.8c0-6.4-6.4-12.8-12.8-12.8h-22.4c-6.4 0-12.8 6.4-12.8 12.8v134.4c0 6.4 6.4 12.8 12.8 12.8zM496 400H48V80c0-8.84-7.16-16-16-16H16C7.16 64 0 71.16 0 80v336c0 17.67 14.33 32 32 32h464c8.84 0 16-7.16 16-16v-16c0-8.84-7.16-16-16-16zm-387.2-48h22.4c6.4 0 12.8-6.4 12.8-12.8v-70.4c0-6.4-6.4-12.8-12.8-12.8h-22.4c-6.4 0-12.8 6.4-12.8 12.8v70.4c0 6.4 6.4 12.8 12.8 12.8z\" class=\"\"><\/path><\/svg><\/i> <img loading=\"lazy\" decoding=\"async\" width=\"16\" height=\"16\" alt=\"Loading\" src=\"https:\/\/temucotelevision.cl\/web\/wp-content\/plugins\/page-views-count\/ajax-loader-2x.gif\" border=0 \/><\/p>\n<div class=\"pvc_clear\"><\/div>\n<p>Este s\u00e1bado y domingo el teatro llegar\u00e1 hasta Puc\u00f3n, Renaico, Nueva Imperial y Padre Las Casas junto a Teatro La<\/p>\n","protected":false},"author":1,"featured_media":23413,"comment_status":"open","ping_status":"open","sticky":false,"template":"","format":"standard","meta":{"colormag_page_container_layout":"default_layout","colormag_page_sidebar_layout":"default_layout","footnotes":""},"categories":[86],"tags":[141,2134,283],"class_list":["post-23412","post","type-post","status-publish","format-standard","has-post-thumbnail","hentry","category-panoramas","tag-festival","tag-online","tag-teatro"],"a3_pvc":{"activated":true,"total_views":25,"today_views":0},"_links":{"self":[{"href":"https:\/\/temucotelevision.cl\/web\/wp-json\/wp\/v2\/posts\/23412","targetHints":{"allow":["GET"]}}],"collection":[{"href":"https:\/\/temucotelevision.cl\/web\/wp-json\/wp\/v2\/posts"}],"about":[{"href":"https:\/\/temucotelevision.cl\/web\/wp-json\/wp\/v2\/types\/post"}],"author":[{"embeddable":true,"href":"https:\/\/temucotelevision.cl\/web\/wp-json\/wp\/v2\/users\/1"}],"replies":[{"embeddable":true,"href":"https:\/\/temucotelevision.cl\/web\/wp-json\/wp\/v2\/comments?post=23412"}],"version-history":[{"count":1,"href":"https:\/\/temucotelevision.cl\/web\/wp-json\/wp\/v2\/posts\/23412\/revisions"}],"predecessor-version":[{"id":23415,"href":"https:\/\/temucotelevision.cl\/web\/wp-json\/wp\/v2\/posts\/23412\/revisions\/23415"}],"wp:featuredmedia":[{"embeddable":true,"href":"https:\/\/temucotelevision.cl\/web\/wp-json\/wp\/v2\/media\/23413"}],"wp:attachment":[{"href":"https:\/\/temucotelevision.cl\/web\/wp-json\/wp\/v2\/media?parent=23412"}],"wp:term":[{"taxonomy":"category","embeddable":true,"href":"https:\/\/temucotelevision.cl\/web\/wp-json\/wp\/v2\/categories?post=23412"},{"taxonomy":"post_tag","embeddable":true,"href":"https:\/\/temucotelevision.cl\/web\/wp-json\/wp\/v2\/tags?post=23412"}],"curies":[{"name":"wp","href":"https:\/\/api.w.org\/{rel}","templated":true}]}}