{"id":23405,"date":"2021-07-21T16:27:22","date_gmt":"2021-07-21T19:27:22","guid":{"rendered":"https:\/\/temucotelevision.cl\/web\/?p=23405"},"modified":"2021-07-21T16:27:46","modified_gmt":"2021-07-21T19:27:46","slug":"001-records-presenta-recopilatorio-de-musica-electronicadesierto-compilado-2021","status":"publish","type":"post","link":"https:\/\/temucotelevision.cl\/web\/2021\/07\/21\/001-records-presenta-recopilatorio-de-musica-electronicadesierto-compilado-2021\/","title":{"rendered":"001 Records presenta recopilatorio de m\u00fasica electr\u00f3nica&#8221;Desierto compilado 2021&#8243;"},"content":{"rendered":"<div class=\"pvc_clear\"><\/div><p id=\"pvc_stats_23405\" class=\"pvc_stats total_only  \" data-element-id=\"23405\" style=\"\"><i class=\"pvc-stats-icon large\" aria-hidden=\"true\"><svg aria-hidden=\"true\" focusable=\"false\" data-prefix=\"far\" data-icon=\"chart-bar\" role=\"img\" xmlns=\"http:\/\/www.w3.org\/2000\/svg\" viewBox=\"0 0 512 512\" class=\"svg-inline--fa fa-chart-bar fa-w-16 fa-2x\"><path fill=\"currentColor\" d=\"M396.8 352h22.4c6.4 0 12.8-6.4 12.8-12.8V108.8c0-6.4-6.4-12.8-12.8-12.8h-22.4c-6.4 0-12.8 6.4-12.8 12.8v230.4c0 6.4 6.4 12.8 12.8 12.8zm-192 0h22.4c6.4 0 12.8-6.4 12.8-12.8V140.8c0-6.4-6.4-12.8-12.8-12.8h-22.4c-6.4 0-12.8 6.4-12.8 12.8v198.4c0 6.4 6.4 12.8 12.8 12.8zm96 0h22.4c6.4 0 12.8-6.4 12.8-12.8V204.8c0-6.4-6.4-12.8-12.8-12.8h-22.4c-6.4 0-12.8 6.4-12.8 12.8v134.4c0 6.4 6.4 12.8 12.8 12.8zM496 400H48V80c0-8.84-7.16-16-16-16H16C7.16 64 0 71.16 0 80v336c0 17.67 14.33 32 32 32h464c8.84 0 16-7.16 16-16v-16c0-8.84-7.16-16-16-16zm-387.2-48h22.4c6.4 0 12.8-6.4 12.8-12.8v-70.4c0-6.4-6.4-12.8-12.8-12.8h-22.4c-6.4 0-12.8 6.4-12.8 12.8v70.4c0 6.4 6.4 12.8 12.8 12.8z\" class=\"\"><\/path><\/svg><\/i> <img loading=\"lazy\" decoding=\"async\" width=\"16\" height=\"16\" alt=\"Loading\" src=\"https:\/\/temucotelevision.cl\/web\/wp-content\/plugins\/page-views-count\/ajax-loader-2x.gif\" border=0 \/><\/p><div class=\"pvc_clear\"><\/div>\n<p><strong>Destacados m\u00fasicos chilenos son parte de este nuevo compilado del netlabel con m\u00e1s de 10 a\u00f1os de trayectoria.<\/strong><\/p>\n\n\n\n<p>Fundado el 2017 por el m\u00fasico, artista visual y dise\u00f1ador chileno\u00a0<strong>Claudio P\u00e9rez\u00a0<\/strong>(<strong>Usted No!<\/strong>), el\u00a0sello\u00a0<strong>001\u00a0Records\u00a0<\/strong>naci\u00f3 para difundir libremente\u00a0proyectos de m\u00fasica electr\u00f3nica y grupos de jazz. M\u00e1s de 400 mil descargas de su cat\u00e1logo y varios discos editados hasta la fecha, el netlabel hoy celebra el lanzamiento de un nuevo recopilatorio de artistas. Se trata de<strong>\u00a0&#8220;Desierto Compilado 2021&#8221;<\/strong>, \u00e1lbum con el cual el\u00a0sello\u00a0llega por primera vez a plataformas tradicionales de streaming.\u00a0<br><br>En este nuevo compilado de\u00a0001\u00a0Records\u00a0se pueden encontrar g\u00e9neros como el\u00a0downtempo,\u00a0trip hop, IDM, tecno y hip hop instrumental. La variedad de estilos y artistas presentes le da un toque muy especial al recopilatorio, destacando por una\u00a0impecable y fina curator\u00eda realizada por\u00a0<strong>Pablo Cornejo, Rodrigo Arriagada y Claudio P\u00e9rez<\/strong>.<br><br><strong>Alfredo Ibarra<\/strong>\u00a0(Lainus), el ex Lucybell\u00a0<strong>Francisco Gonz\u00e1lez<\/strong>\u00a0(\u00d3valo), el tr\u00edo\u00a0interdisciplinario\u00a0<strong>A+<\/strong>, que mezcla arte lum\u00ednico y electr\u00f3nica y en el que participa el multintrumentista\u00a0<strong>Cuti Aste<\/strong>, y los grupos de Concepci\u00f3n\u00a0<strong>Duo Odio\u00a0<\/strong>y\u00a0<strong>Garay Palma<\/strong>, son solo algunos de los proyectos que dan vida\u00a0 a\u00a0<strong>&#8220;Desierto Compilado 2021&#8221;,\u00a0<\/strong>disco que marca un hito en la trayectoria de\u00a0001\u00a0Records\u00a0al ser el primer \u00e1lbum de su cat\u00e1logo que llega a plataformas de streaming como Spotify y Apple Music, Tidal, entre otros.<br><br>Las novedades del netlabel chileno no concluyen con el lanzamiento de este nuevo compilado, ya que el\u00a0sello\u00a0tiene otras novedades para estrenar en los pr\u00f3ximos meses. Uno de ellos es \u201c<strong>SPIN-OFF. La Moni. Banda sonora imaginaria<\/strong>\u201d de\u00a0<strong>Usted No!<\/strong>, trabajo que toma como base la pel\u00edcula &#8220;<strong>La Ver\u00f3nica&#8221;\u00a0<\/strong>del director\u00a0<strong>Leo Medel<\/strong>\u00a0y en el que participan connotados m\u00fasicos chilenos como el bajista<strong>\u00a0Jorge Campos<\/strong>\u00a0(Congreso, Fulano),\u00a0<strong>Ernesto Medina<\/strong>\u00a0(Electrodom\u00e9sticos, Los Mismos), el trompetista\u00a0<strong>Michel Durot<\/strong>\u00a0y los productores\u00a0<strong>Richi Tunacola<\/strong>,\u00a0<strong>Ren\u00e9 Roco<\/strong>, ganador de la reciente versi\u00f3n de los<strong>\u00a0Premios Pulsar,<\/strong>\u00a0categor\u00eda m\u00fasica electr\u00f3nica, y las voces de la actriz chilena\u00a0<strong>Coco P\u00e1ez<\/strong>. Tambi\u00e9n\u00a0est\u00e1n agendadas las entregas de los productores\u00a0<strong>Pablo Cornejo<\/strong>\u00a0(Cafe\u00edna Kid) y\u00a0<strong>Rodrigo Arriagada<\/strong>\u00a0(Unknown Dancer) con su proyecto downtempo y ambient\u00a0<strong>Duo Odio<\/strong>\u00a0y la banda\u00a0<strong>Garay Palma Sindicato de Estafadores<\/strong>, donde milita el reconocido gestor cultural de la regi\u00f3n del B\u00edoB\u00edo,\u00a0<strong>Germ\u00e1n Estrada<\/strong>\u00a0alias Negro P\u00e9simo.<\/p>\n\n\n\n<p><strong>Sitio web:<\/strong><br><a href=\"https:\/\/001records.com\/\" target=\"_blank\" rel=\"noreferrer noopener\">https:\/\/001records.com\/<\/a><br><strong>Bandcamp:<\/strong><br><a href=\"https:\/\/001records.bandcamp.com\/\" target=\"_blank\" rel=\"noreferrer noopener\">https:\/\/001records.bandcamp.com\/<\/a><\/p>\n\n\n\n<p><strong>Escucha &#8220;Desierto Compilado 2021&#8221; en Spotify:<\/strong><br><a href=\"https:\/\/spoti.fi\/3guAvWg\" target=\"_blank\" rel=\"noreferrer noopener\">https:\/\/spoti.fi\/3guAvWg<\/a><\/p>\n\n\n\n<p><strong>Escucha en Apple Music:<\/strong><br><a href=\"https:\/\/music.apple.com\/cl\/album\/desierto\/1572294256\" target=\"_blank\" rel=\"noreferrer noopener\">https:\/\/music.apple.com\/cl\/album\/desierto\/1572294256<\/a><\/p>\n","protected":false},"excerpt":{"rendered":"<div class=\"pvc_clear\"><\/div>\n<p id=\"pvc_stats_23405\" class=\"pvc_stats total_only  \" data-element-id=\"23405\" style=\"\"><i class=\"pvc-stats-icon large\" aria-hidden=\"true\"><svg aria-hidden=\"true\" focusable=\"false\" data-prefix=\"far\" data-icon=\"chart-bar\" role=\"img\" xmlns=\"http:\/\/www.w3.org\/2000\/svg\" viewBox=\"0 0 512 512\" class=\"svg-inline--fa fa-chart-bar fa-w-16 fa-2x\"><path fill=\"currentColor\" d=\"M396.8 352h22.4c6.4 0 12.8-6.4 12.8-12.8V108.8c0-6.4-6.4-12.8-12.8-12.8h-22.4c-6.4 0-12.8 6.4-12.8 12.8v230.4c0 6.4 6.4 12.8 12.8 12.8zm-192 0h22.4c6.4 0 12.8-6.4 12.8-12.8V140.8c0-6.4-6.4-12.8-12.8-12.8h-22.4c-6.4 0-12.8 6.4-12.8 12.8v198.4c0 6.4 6.4 12.8 12.8 12.8zm96 0h22.4c6.4 0 12.8-6.4 12.8-12.8V204.8c0-6.4-6.4-12.8-12.8-12.8h-22.4c-6.4 0-12.8 6.4-12.8 12.8v134.4c0 6.4 6.4 12.8 12.8 12.8zM496 400H48V80c0-8.84-7.16-16-16-16H16C7.16 64 0 71.16 0 80v336c0 17.67 14.33 32 32 32h464c8.84 0 16-7.16 16-16v-16c0-8.84-7.16-16-16-16zm-387.2-48h22.4c6.4 0 12.8-6.4 12.8-12.8v-70.4c0-6.4-6.4-12.8-12.8-12.8h-22.4c-6.4 0-12.8 6.4-12.8 12.8v70.4c0 6.4 6.4 12.8 12.8 12.8z\" class=\"\"><\/path><\/svg><\/i> <img loading=\"lazy\" decoding=\"async\" width=\"16\" height=\"16\" alt=\"Loading\" src=\"https:\/\/temucotelevision.cl\/web\/wp-content\/plugins\/page-views-count\/ajax-loader-2x.gif\" border=0 \/><\/p>\n<div class=\"pvc_clear\"><\/div>\n<p>Destacados m\u00fasicos chilenos son parte de este nuevo compilado del netlabel con m\u00e1s de 10 a\u00f1os de trayectoria. Fundado el<\/p>\n","protected":false},"author":1,"featured_media":23406,"comment_status":"open","ping_status":"open","sticky":false,"template":"","format":"standard","meta":{"colormag_page_container_layout":"default_layout","colormag_page_sidebar_layout":"default_layout","footnotes":""},"categories":[369],"tags":[2513,4011,4012,223],"class_list":["post-23405","post","type-post","status-publish","format-standard","has-post-thumbnail","hentry","category-musica","tag-chilenos","tag-compilado","tag-desierto","tag-musicos"],"a3_pvc":{"activated":true,"total_views":99,"today_views":0},"_links":{"self":[{"href":"https:\/\/temucotelevision.cl\/web\/wp-json\/wp\/v2\/posts\/23405","targetHints":{"allow":["GET"]}}],"collection":[{"href":"https:\/\/temucotelevision.cl\/web\/wp-json\/wp\/v2\/posts"}],"about":[{"href":"https:\/\/temucotelevision.cl\/web\/wp-json\/wp\/v2\/types\/post"}],"author":[{"embeddable":true,"href":"https:\/\/temucotelevision.cl\/web\/wp-json\/wp\/v2\/users\/1"}],"replies":[{"embeddable":true,"href":"https:\/\/temucotelevision.cl\/web\/wp-json\/wp\/v2\/comments?post=23405"}],"version-history":[{"count":2,"href":"https:\/\/temucotelevision.cl\/web\/wp-json\/wp\/v2\/posts\/23405\/revisions"}],"predecessor-version":[{"id":23408,"href":"https:\/\/temucotelevision.cl\/web\/wp-json\/wp\/v2\/posts\/23405\/revisions\/23408"}],"wp:featuredmedia":[{"embeddable":true,"href":"https:\/\/temucotelevision.cl\/web\/wp-json\/wp\/v2\/media\/23406"}],"wp:attachment":[{"href":"https:\/\/temucotelevision.cl\/web\/wp-json\/wp\/v2\/media?parent=23405"}],"wp:term":[{"taxonomy":"category","embeddable":true,"href":"https:\/\/temucotelevision.cl\/web\/wp-json\/wp\/v2\/categories?post=23405"},{"taxonomy":"post_tag","embeddable":true,"href":"https:\/\/temucotelevision.cl\/web\/wp-json\/wp\/v2\/tags?post=23405"}],"curies":[{"name":"wp","href":"https:\/\/api.w.org\/{rel}","templated":true}]}}