{"id":23401,"date":"2021-07-21T13:44:54","date_gmt":"2021-07-21T16:44:54","guid":{"rendered":"https:\/\/temucotelevision.cl\/web\/?p=23401"},"modified":"2021-07-21T13:44:56","modified_gmt":"2021-07-21T16:44:56","slug":"fchd-interpuso-recurso-contra-el-senadis-para-fiscalizar-ingreso-e-inversion-de-recursos-publicos","status":"publish","type":"post","link":"https:\/\/temucotelevision.cl\/web\/2021\/07\/21\/fchd-interpuso-recurso-contra-el-senadis-para-fiscalizar-ingreso-e-inversion-de-recursos-publicos\/","title":{"rendered":"FCHD interpuso recurso contra el Senadis para fiscalizar ingreso e inversi\u00f3n de recursos p\u00fablicos"},"content":{"rendered":"<div class=\"pvc_clear\"><\/div><p id=\"pvc_stats_23401\" class=\"pvc_stats total_only  \" data-element-id=\"23401\" style=\"\"><i class=\"pvc-stats-icon large\" aria-hidden=\"true\"><svg aria-hidden=\"true\" focusable=\"false\" data-prefix=\"far\" data-icon=\"chart-bar\" role=\"img\" xmlns=\"http:\/\/www.w3.org\/2000\/svg\" viewBox=\"0 0 512 512\" class=\"svg-inline--fa fa-chart-bar fa-w-16 fa-2x\"><path fill=\"currentColor\" d=\"M396.8 352h22.4c6.4 0 12.8-6.4 12.8-12.8V108.8c0-6.4-6.4-12.8-12.8-12.8h-22.4c-6.4 0-12.8 6.4-12.8 12.8v230.4c0 6.4 6.4 12.8 12.8 12.8zm-192 0h22.4c6.4 0 12.8-6.4 12.8-12.8V140.8c0-6.4-6.4-12.8-12.8-12.8h-22.4c-6.4 0-12.8 6.4-12.8 12.8v198.4c0 6.4 6.4 12.8 12.8 12.8zm96 0h22.4c6.4 0 12.8-6.4 12.8-12.8V204.8c0-6.4-6.4-12.8-12.8-12.8h-22.4c-6.4 0-12.8 6.4-12.8 12.8v134.4c0 6.4 6.4 12.8 12.8 12.8zM496 400H48V80c0-8.84-7.16-16-16-16H16C7.16 64 0 71.16 0 80v336c0 17.67 14.33 32 32 32h464c8.84 0 16-7.16 16-16v-16c0-8.84-7.16-16-16-16zm-387.2-48h22.4c6.4 0 12.8-6.4 12.8-12.8v-70.4c0-6.4-6.4-12.8-12.8-12.8h-22.4c-6.4 0-12.8 6.4-12.8 12.8v70.4c0 6.4 6.4 12.8 12.8 12.8z\" class=\"\"><\/path><\/svg><\/i> <img loading=\"lazy\" decoding=\"async\" width=\"16\" height=\"16\" alt=\"Loading\" src=\"https:\/\/temucotelevision.cl\/web\/wp-content\/plugins\/page-views-count\/ajax-loader-2x.gif\" border=0 \/><\/p><div class=\"pvc_clear\"><\/div>\n<ul class=\"wp-block-list\"><li><strong>De acuerdo con la Fundaci\u00f3n Chilena para la Discapacidad (FChD), el Servicio Nacional de la Discapacidad (Senadis) estar\u00eda incumpliendo con sus deberes, ya sea por ineficiencia o negligencia.&nbsp;&nbsp;<\/strong><\/li><\/ul>\n\n\n\n<p>La Fundaci\u00f3n Chilena para la Discapacidad interpuso un requerimiento ante la Contralor\u00eda General de la Rep\u00fablica, debido a la grave problem\u00e1tica que existe por el retraso en la entrega de ayudas t\u00e9cnicas a m\u00e1s de 25.000 personas en situaci\u00f3n de discapacidad. La FCHD solicit\u00f3 que se lleve a cabo un proceso de fiscalizaci\u00f3n del ingreso e inversi\u00f3n de los recursos p\u00fablicos del Servicio Nacional para la Discapacidad (Senadis) a\u00f1o presupuestario 2021 y anteriores.<\/p>\n\n\n\n<p>\u201cExiste un problema hist\u00f3rico donde el Senadis no ha podido dar cobertura a las necesidades, y ayudas t\u00e9cnicas que presentan las personas con alg\u00fan tipo de discapacidad, generando una gran problem\u00e1tica a nivel nacional. Esto hace que la independencia de este grupo de personas, la educaci\u00f3n e integraci\u00f3n laboral sea mucho m\u00e1s compleja, y esto debe terminar\u201d, enfatiz\u00f3 Mat\u00edas Poblete, presidente de la FChD.<\/p>\n\n\n\n<p>En el documento presentado, la FChD ha instado a que se investigue cu\u00e1l es la causa por los retrasos de las entregas de recursos por parte del&nbsp;Senadis, ya que este problema es hist\u00f3rico y no necesariamente por la pandemia. Por otro lado, se evidencia la negligencia en gesti\u00f3n econ\u00f3mica y de personal, por lo que las ayudas t\u00e9cnicas llegan tarde o simplemente no llegan.<\/p>\n\n\n\n<p>Cabe recordar que el 20% de la poblaci\u00f3n chilena presenta alg\u00fan tipo de discapacidad, seg\u00fan el II Estudio Nacional de la Discapacidad de 2015. Adem\u00e1s, en un futuro pr\u00f3ximo el pa\u00eds se enfrentar\u00e1 a un notorio envejecimiento de la poblaci\u00f3n. Para todo ellos es fundamental acceder a ayudas t\u00e9cnicas, \u201cimplementos para prevenir la progresi\u00f3n de la misma, mejorar o recuperar su funcionalidad, a fin de mejorar su autonom\u00eda personal y desarrollar una vida independiente\u201d, seg\u00fan indic\u00f3 Senadis en su sitio web, encargado de entregar las ayudas que otorga el Estado a quienes no reciben apoyo de privados.<\/p>\n\n\n\n<p>Desde la FCHD observan con recelo este punto, ya que explican que las ayudas t\u00e9cnicas pueden tardar hasta cuatro a\u00f1os en ser entregadas por Senadis, \u201clo que se explica, seg\u00fan la autoridad institucional, por la falta de recursos humanos y financieros\u201d. Esta realidad, adem\u00e1s, se ha visto agravada por la pandemia, producto del cierre de fronteras y el respectivo retraso en la importaci\u00f3n de equipos t\u00e9cnicos necesarios para la rehabilitaci\u00f3n.<\/p>\n\n\n\n<p>\u201cEsperamos que al presentar este requerimiento la Contralor\u00eda investigue y esto se pueda convertir en una iniciativa de ley, o bien, en una mejora notoria a la forma en que se est\u00e1 trabajando con los dineros que nos involucra como personas en situaci\u00f3n de discapacidad, m\u00e1s a\u00fan quienes no cuentan con los recursos para ayudas t\u00e9cnicas\u201d, agreg\u00f3 Poblete.<\/p>\n\n\n\n<p>En su documento, la FChD detalla que Senadis cuenta con un presupuesto de 28.703 millones de pesos, \u201cde los cuales el 17% se destina al financiamiento de las ayudas t\u00e9cnicas durante el a\u00f1o en curso, que, con el rezago existente, solo y con razonable prognosis, permitir\u00e1 atender hasta no m\u00e1s de un 50% de las postulaciones planteadas el a\u00f1o pasado\u201d.<\/p>\n\n\n\n<p>Finalmente, a trav\u00e9s de este recurso se espera que Senadis sea m\u00e1s eficiente, transparente, proactivo y presupuestariamente capacitado. Aunque desde la FCHD asumen que no se puede lograr todo mediante la fiscalizaci\u00f3n, desean que al menos los recursos ya dispuestos sean ejecutados y que las ayudas t\u00e9cnicas puedan ser entregadas a sus destinatarios finales.<\/p>\n","protected":false},"excerpt":{"rendered":"<div class=\"pvc_clear\"><\/div>\n<p id=\"pvc_stats_23401\" class=\"pvc_stats total_only  \" data-element-id=\"23401\" style=\"\"><i class=\"pvc-stats-icon large\" aria-hidden=\"true\"><svg aria-hidden=\"true\" focusable=\"false\" data-prefix=\"far\" data-icon=\"chart-bar\" role=\"img\" xmlns=\"http:\/\/www.w3.org\/2000\/svg\" viewBox=\"0 0 512 512\" class=\"svg-inline--fa fa-chart-bar fa-w-16 fa-2x\"><path fill=\"currentColor\" d=\"M396.8 352h22.4c6.4 0 12.8-6.4 12.8-12.8V108.8c0-6.4-6.4-12.8-12.8-12.8h-22.4c-6.4 0-12.8 6.4-12.8 12.8v230.4c0 6.4 6.4 12.8 12.8 12.8zm-192 0h22.4c6.4 0 12.8-6.4 12.8-12.8V140.8c0-6.4-6.4-12.8-12.8-12.8h-22.4c-6.4 0-12.8 6.4-12.8 12.8v198.4c0 6.4 6.4 12.8 12.8 12.8zm96 0h22.4c6.4 0 12.8-6.4 12.8-12.8V204.8c0-6.4-6.4-12.8-12.8-12.8h-22.4c-6.4 0-12.8 6.4-12.8 12.8v134.4c0 6.4 6.4 12.8 12.8 12.8zM496 400H48V80c0-8.84-7.16-16-16-16H16C7.16 64 0 71.16 0 80v336c0 17.67 14.33 32 32 32h464c8.84 0 16-7.16 16-16v-16c0-8.84-7.16-16-16-16zm-387.2-48h22.4c6.4 0 12.8-6.4 12.8-12.8v-70.4c0-6.4-6.4-12.8-12.8-12.8h-22.4c-6.4 0-12.8 6.4-12.8 12.8v70.4c0 6.4 6.4 12.8 12.8 12.8z\" class=\"\"><\/path><\/svg><\/i> <img loading=\"lazy\" decoding=\"async\" width=\"16\" height=\"16\" alt=\"Loading\" src=\"https:\/\/temucotelevision.cl\/web\/wp-content\/plugins\/page-views-count\/ajax-loader-2x.gif\" border=0 \/><\/p>\n<div class=\"pvc_clear\"><\/div>\n<p>De acuerdo con la Fundaci\u00f3n Chilena para la Discapacidad (FChD), el Servicio Nacional de la Discapacidad (Senadis) estar\u00eda incumpliendo con<\/p>\n","protected":false},"author":1,"featured_media":23403,"comment_status":"open","ping_status":"open","sticky":false,"template":"","format":"standard","meta":{"colormag_page_container_layout":"default_layout","colormag_page_sidebar_layout":"default_layout","footnotes":""},"categories":[101],"tags":[1131,4010,210,4009],"class_list":["post-23401","post","type-post","status-publish","format-standard","has-post-thumbnail","hentry","category-actualidad","tag-discapacidad","tag-negligencia","tag-recursos","tag-senadis"],"a3_pvc":{"activated":true,"total_views":29,"today_views":0},"_links":{"self":[{"href":"https:\/\/temucotelevision.cl\/web\/wp-json\/wp\/v2\/posts\/23401","targetHints":{"allow":["GET"]}}],"collection":[{"href":"https:\/\/temucotelevision.cl\/web\/wp-json\/wp\/v2\/posts"}],"about":[{"href":"https:\/\/temucotelevision.cl\/web\/wp-json\/wp\/v2\/types\/post"}],"author":[{"embeddable":true,"href":"https:\/\/temucotelevision.cl\/web\/wp-json\/wp\/v2\/users\/1"}],"replies":[{"embeddable":true,"href":"https:\/\/temucotelevision.cl\/web\/wp-json\/wp\/v2\/comments?post=23401"}],"version-history":[{"count":1,"href":"https:\/\/temucotelevision.cl\/web\/wp-json\/wp\/v2\/posts\/23401\/revisions"}],"predecessor-version":[{"id":23404,"href":"https:\/\/temucotelevision.cl\/web\/wp-json\/wp\/v2\/posts\/23401\/revisions\/23404"}],"wp:featuredmedia":[{"embeddable":true,"href":"https:\/\/temucotelevision.cl\/web\/wp-json\/wp\/v2\/media\/23403"}],"wp:attachment":[{"href":"https:\/\/temucotelevision.cl\/web\/wp-json\/wp\/v2\/media?parent=23401"}],"wp:term":[{"taxonomy":"category","embeddable":true,"href":"https:\/\/temucotelevision.cl\/web\/wp-json\/wp\/v2\/categories?post=23401"},{"taxonomy":"post_tag","embeddable":true,"href":"https:\/\/temucotelevision.cl\/web\/wp-json\/wp\/v2\/tags?post=23401"}],"curies":[{"name":"wp","href":"https:\/\/api.w.org\/{rel}","templated":true}]}}