{"id":23399,"date":"2021-07-21T12:40:37","date_gmt":"2021-07-21T15:40:37","guid":{"rendered":"https:\/\/temucotelevision.cl\/web\/?p=23399"},"modified":"2021-07-21T12:40:40","modified_gmt":"2021-07-21T15:40:40","slug":"para-hoy-el-informe-por-covid-19-suma-40-nuevos-casos-en-la-araucania-temuco-registro-16-y-plc-2","status":"publish","type":"post","link":"https:\/\/temucotelevision.cl\/web\/2021\/07\/21\/para-hoy-el-informe-por-covid-19-suma-40-nuevos-casos-en-la-araucania-temuco-registro-16-y-plc-2\/","title":{"rendered":"Para hoy el informe por Covid-19 suma 40 nuevos casos en La Araucan\u00eda, Temuco registr\u00f3 16 y PLC 2"},"content":{"rendered":"<div class=\"pvc_clear\"><\/div><p id=\"pvc_stats_23399\" class=\"pvc_stats total_only  \" data-element-id=\"23399\" style=\"\"><i class=\"pvc-stats-icon large\" aria-hidden=\"true\"><svg aria-hidden=\"true\" focusable=\"false\" data-prefix=\"far\" data-icon=\"chart-bar\" role=\"img\" xmlns=\"http:\/\/www.w3.org\/2000\/svg\" viewBox=\"0 0 512 512\" class=\"svg-inline--fa fa-chart-bar fa-w-16 fa-2x\"><path fill=\"currentColor\" d=\"M396.8 352h22.4c6.4 0 12.8-6.4 12.8-12.8V108.8c0-6.4-6.4-12.8-12.8-12.8h-22.4c-6.4 0-12.8 6.4-12.8 12.8v230.4c0 6.4 6.4 12.8 12.8 12.8zm-192 0h22.4c6.4 0 12.8-6.4 12.8-12.8V140.8c0-6.4-6.4-12.8-12.8-12.8h-22.4c-6.4 0-12.8 6.4-12.8 12.8v198.4c0 6.4 6.4 12.8 12.8 12.8zm96 0h22.4c6.4 0 12.8-6.4 12.8-12.8V204.8c0-6.4-6.4-12.8-12.8-12.8h-22.4c-6.4 0-12.8 6.4-12.8 12.8v134.4c0 6.4 6.4 12.8 12.8 12.8zM496 400H48V80c0-8.84-7.16-16-16-16H16C7.16 64 0 71.16 0 80v336c0 17.67 14.33 32 32 32h464c8.84 0 16-7.16 16-16v-16c0-8.84-7.16-16-16-16zm-387.2-48h22.4c6.4 0 12.8-6.4 12.8-12.8v-70.4c0-6.4-6.4-12.8-12.8-12.8h-22.4c-6.4 0-12.8 6.4-12.8 12.8v70.4c0 6.4 6.4 12.8 12.8 12.8z\" class=\"\"><\/path><\/svg><\/i> <img loading=\"lazy\" decoding=\"async\" width=\"16\" height=\"16\" alt=\"Loading\" src=\"https:\/\/temucotelevision.cl\/web\/wp-content\/plugins\/page-views-count\/ajax-loader-2x.gif\" border=0 \/><\/p><div class=\"pvc_clear\"><\/div>\n<p><strong>95.929 son los casos confirmados de COVID- 19 en La Araucan\u00eda.<\/strong><\/p>\n\n\n\n<p>Durante el d\u00eda ayer fueron 40 los nuevos casos confirmados de COVID- 19 en la regi\u00f3n. Estos nuevos casos sumados a los confirmados anteriormente, nos entregan la siguiente distribuci\u00f3n comunal:<\/p>\n\n\n\n<figure class=\"wp-block-table\"><table><tbody><tr><td><strong>Comuna de residencia *<\/strong><\/td><td><strong>N\u00b0 de casos<\/strong><\/td><td><strong>Casos nuevos<\/strong><\/td><td><strong>Casos activos<\/strong><\/td><\/tr><tr><td>Angol<\/td><td>5.186<\/td><td>&#8211;<\/td><td>10<\/td><\/tr><tr><td>Carahue<\/td><td>2.355<\/td><td>&#8211;<\/td><td>7<\/td><\/tr><tr><td>Chol-Chol<\/td><td>1.105<\/td><td>&#8211;<\/td><td>4<\/td><\/tr><tr><td>Collipulli<\/td><td>3.113<\/td><td>&#8211;<\/td><td>7<\/td><\/tr><tr><td>Cunco<\/td><td>1.528<\/td><td>&#8211;<\/td><td>11<\/td><\/tr><tr><td>Curacaut\u00edn<\/td><td>1.173<\/td><td>1<\/td><td>9<\/td><\/tr><tr><td>Curarrehue<\/td><td>759<\/td><td>1<\/td><td>7<\/td><\/tr><tr><td>Ercilla<\/td><td>1.171<\/td><td>&#8211;<\/td><td>6<\/td><\/tr><tr><td>Freire<\/td><td>2.433<\/td><td>&#8211;<\/td><td>6<\/td><\/tr><tr><td>Galvarino<\/td><td>2.189<\/td><td>&#8211;<\/td><td>4<\/td><\/tr><tr><td>Gorbea<\/td><td>1.294<\/td><td>&#8211;<\/td><td>11<\/td><\/tr><tr><td>Lautaro<\/td><td>4.250<\/td><td>1<\/td><td>16<\/td><\/tr><tr><td>Loncoche<\/td><td>1.978<\/td><td>&#8211;<\/td><td>12<\/td><\/tr><tr><td>Lonquimay<\/td><td>889<\/td><td>4<\/td><td>38<\/td><\/tr><tr><td>Los Sauces<\/td><td>884<\/td><td>&#8211;<\/td><td>1<\/td><\/tr><tr><td>Lumaco<\/td><td>1.035<\/td><td>&#8211;<\/td><td>10<\/td><\/tr><tr><td>Melipeuco<\/td><td>486<\/td><td>1<\/td><td>11<\/td><\/tr><tr><td>Nueva Imperial<\/td><td>2.890<\/td><td>1<\/td><td>12<\/td><\/tr><tr><td>Padre Las Casas<\/td><td>7.491<\/td><td>2<\/td><td>37<\/td><\/tr><tr><td>Perquenco<\/td><td>1.004<\/td><td>&#8211;<\/td><td>3<\/td><\/tr><tr><td>Pitrufqu\u00e9n<\/td><td>2.402<\/td><td>2<\/td><td>20<\/td><\/tr><tr><td>Puc\u00f3n<\/td><td>2.862<\/td><td>4<\/td><td>33<\/td><\/tr><tr><td>Pur\u00e9n<\/td><td>896<\/td><td>&#8211;<\/td><td>17<\/td><\/tr><tr><td>Renaico<\/td><td>1.448<\/td><td>1<\/td><td>2<\/td><\/tr><tr><td>Saavedra<\/td><td>1.465<\/td><td>&#8211;<\/td><td>9<\/td><\/tr><tr><td>Temuco<\/td><td>27.324<\/td><td>16<\/td><td>174<\/td><\/tr><tr><td>Teodoro Schmidt<\/td><td>1.400<\/td><td>1<\/td><td>32<\/td><\/tr><tr><td>Tolt\u00e9n<\/td><td>1.031<\/td><td>&#8211;<\/td><td>22<\/td><\/tr><tr><td>Traigu\u00e9n<\/td><td>1.642<\/td><td>1<\/td><td>11<\/td><\/tr><tr><td>Victoria<\/td><td>3.214<\/td><td>&#8211;<\/td><td>6<\/td><\/tr><tr><td>Vilc\u00fan<\/td><td>2.951<\/td><td>&#8211;<\/td><td>17<\/td><\/tr><tr><td>Villarrica<\/td><td>5.424<\/td><td>4<\/td><td>56<\/td><\/tr><tr><td><strong>Total General<\/strong><\/td><td><strong>95.272<\/strong><\/td><td><strong>40<\/strong><\/td><td><strong>621<\/strong><\/td><\/tr><tr><td>*Informaci\u00f3n susceptible de ser modificada, en relaci\u00f3n a los resultados de las investigaciones Epidemiol\u00f3gicas.<strong><\/strong><\/td><td>(Se extraen 657 casos del an\u00e1lisis, puesto que presentan residencia en otras regiones).&nbsp;&nbsp;<\/td><td>&nbsp;<\/td><td>** Se extraen 0&nbsp;del total de activos que presentan domicilio en otra regi\u00f3n<\/td><\/tr><\/tbody><\/table><\/figure>\n\n\n\n<figure class=\"wp-block-table\"><table><tbody><tr><td><strong>Casos nuevos<\/strong><\/td><td><strong>Sintom\u00e1ticos&nbsp;<\/strong><\/td><td><strong>Asintom\u00e1ticos<\/strong><\/td><td><strong>Casos nuevos no notificados<\/strong><strong><\/strong><\/td><\/tr><tr><td><strong>40<\/strong><\/td><td><strong>25<\/strong><\/td><td><strong>15<\/strong><\/td><td><strong>0<\/strong><\/td><\/tr><\/tbody><\/table><\/figure>\n\n\n\n<p><strong>Cambios de Residencia<\/strong><\/p>\n\n\n\n<figure class=\"wp-block-table\"><table><tbody><tr><td><strong>Intercomunal<\/strong><\/td><td>1<\/td><td>1 caso de Teodoro a Saavedra.&nbsp;<\/td><td><em>Se mantienen en el detalle comunal.<\/em><\/td><\/tr><tr><td><strong>Ajuste Minsal<\/strong><\/td><td>-1<\/td><td>1 caso de Pitrufqu\u00e9n.<\/td><td><em>Se resta en ambos detalles.<\/em><\/td><\/tr><tr><td><strong>Ajuste Minsal<\/strong><\/td><td>-6<\/td><td>1 caso a Puc\u00f3n.1 caso a Cunco.3 casos a Temuco.1 caso a Vilc\u00fan.<\/td><td><em>Se suma en ambos detalles.&nbsp;<\/em><\/td><\/tr><\/tbody><\/table><\/figure>\n\n\n\n<p><strong>Ex\u00e1menes PCR procesados en las \u00faltimas 24 hrs.<\/strong><\/p>\n\n\n\n<figure class=\"wp-block-table\"><table><tbody><tr><td>N\u00b0 de Muestras procesadas (20.07.2021)<\/td><td>1.213<\/td><\/tr><\/tbody><\/table><\/figure>\n\n\n\n<figure class=\"wp-block-table\"><table><tbody><tr><td><strong>Activos<\/strong><\/td><td><strong>N\u00b0 de Casos&nbsp;<\/strong><\/td><td><strong>Porcentaje<\/strong><\/td><\/tr><tr><td>Si&nbsp;<\/td><td>621<\/td><td>0.7%<\/td><\/tr><tr><td>No<\/td><td>93.363<\/td><td>99.3%<\/td><\/tr><\/tbody><\/table><\/figure>\n\n\n\n<p>*Se excluyen del an\u00e1lisis los pacientes fallecidos.<\/p>\n\n\n\n<p><strong>Casos confirmados por sexo<\/strong><\/p>\n\n\n\n<figure class=\"wp-block-table\"><table><tbody><tr><td><strong>Sexo<\/strong><\/td><td><strong>N\u00b0 Casos<\/strong><\/td><td><strong>Porcentaje<\/strong><\/td><\/tr><tr><td>Hombre<\/td><td>46.882<\/td><td>49,2%<\/td><\/tr><tr><td>Mujer<\/td><td>48.390<\/td><td>50,8%<\/td><\/tr><\/tbody><\/table><\/figure>\n\n\n\n<figure class=\"wp-block-table\"><table><tbody><tr><td><strong>&nbsp;<\/strong><\/td><td><strong>20\/07<\/strong><\/td><td><strong>21\/07<\/strong><\/td><td><strong>Total<\/strong><\/td><\/tr><tr><td><strong>Fallecidos<\/strong><\/td><td><strong>1.328<\/strong><\/td><td><strong>+2<\/strong><\/td><td><strong>1.330<\/strong><\/td><\/tr><\/tbody><\/table><\/figure>\n\n\n\n<p>De la totalidad de casos, 246 se encuentran hospitalizados, de estos 92 en Unidades de Paciente Cr\u00edtico (UTI 32 \u2013 UCI 60) y 43 conectados a ventilador mec\u00e1nico de los cuales 43 se encuentran en establecimientos de la red p\u00fablica y 0 en cl\u00ednicas privadas.<\/p>\n","protected":false},"excerpt":{"rendered":"<div class=\"pvc_clear\"><\/div>\n<p id=\"pvc_stats_23399\" class=\"pvc_stats total_only  \" data-element-id=\"23399\" style=\"\"><i class=\"pvc-stats-icon large\" aria-hidden=\"true\"><svg aria-hidden=\"true\" focusable=\"false\" data-prefix=\"far\" data-icon=\"chart-bar\" role=\"img\" xmlns=\"http:\/\/www.w3.org\/2000\/svg\" viewBox=\"0 0 512 512\" class=\"svg-inline--fa fa-chart-bar fa-w-16 fa-2x\"><path fill=\"currentColor\" d=\"M396.8 352h22.4c6.4 0 12.8-6.4 12.8-12.8V108.8c0-6.4-6.4-12.8-12.8-12.8h-22.4c-6.4 0-12.8 6.4-12.8 12.8v230.4c0 6.4 6.4 12.8 12.8 12.8zm-192 0h22.4c6.4 0 12.8-6.4 12.8-12.8V140.8c0-6.4-6.4-12.8-12.8-12.8h-22.4c-6.4 0-12.8 6.4-12.8 12.8v198.4c0 6.4 6.4 12.8 12.8 12.8zm96 0h22.4c6.4 0 12.8-6.4 12.8-12.8V204.8c0-6.4-6.4-12.8-12.8-12.8h-22.4c-6.4 0-12.8 6.4-12.8 12.8v134.4c0 6.4 6.4 12.8 12.8 12.8zM496 400H48V80c0-8.84-7.16-16-16-16H16C7.16 64 0 71.16 0 80v336c0 17.67 14.33 32 32 32h464c8.84 0 16-7.16 16-16v-16c0-8.84-7.16-16-16-16zm-387.2-48h22.4c6.4 0 12.8-6.4 12.8-12.8v-70.4c0-6.4-6.4-12.8-12.8-12.8h-22.4c-6.4 0-12.8 6.4-12.8 12.8v70.4c0 6.4 6.4 12.8 12.8 12.8z\" class=\"\"><\/path><\/svg><\/i> <img loading=\"lazy\" decoding=\"async\" width=\"16\" height=\"16\" alt=\"Loading\" src=\"https:\/\/temucotelevision.cl\/web\/wp-content\/plugins\/page-views-count\/ajax-loader-2x.gif\" border=0 \/><\/p>\n<div class=\"pvc_clear\"><\/div>\n<p>95.929 son los casos confirmados de COVID- 19 en La Araucan\u00eda. Durante el d\u00eda ayer fueron 40 los nuevos casos<\/p>\n","protected":false},"author":1,"featured_media":23169,"comment_status":"open","ping_status":"open","sticky":false,"template":"","format":"standard","meta":{"colormag_page_container_layout":"default_layout","colormag_page_sidebar_layout":"default_layout","footnotes":""},"categories":[15],"tags":[2216,2326,2432,2312],"class_list":["post-23399","post","type-post","status-publish","format-standard","has-post-thumbnail","hentry","category-la-araucania","tag-coronavirus","tag-covid","tag-informe","tag-pandemia"],"a3_pvc":{"activated":true,"total_views":11,"today_views":1},"_links":{"self":[{"href":"https:\/\/temucotelevision.cl\/web\/wp-json\/wp\/v2\/posts\/23399","targetHints":{"allow":["GET"]}}],"collection":[{"href":"https:\/\/temucotelevision.cl\/web\/wp-json\/wp\/v2\/posts"}],"about":[{"href":"https:\/\/temucotelevision.cl\/web\/wp-json\/wp\/v2\/types\/post"}],"author":[{"embeddable":true,"href":"https:\/\/temucotelevision.cl\/web\/wp-json\/wp\/v2\/users\/1"}],"replies":[{"embeddable":true,"href":"https:\/\/temucotelevision.cl\/web\/wp-json\/wp\/v2\/comments?post=23399"}],"version-history":[{"count":1,"href":"https:\/\/temucotelevision.cl\/web\/wp-json\/wp\/v2\/posts\/23399\/revisions"}],"predecessor-version":[{"id":23400,"href":"https:\/\/temucotelevision.cl\/web\/wp-json\/wp\/v2\/posts\/23399\/revisions\/23400"}],"wp:featuredmedia":[{"embeddable":true,"href":"https:\/\/temucotelevision.cl\/web\/wp-json\/wp\/v2\/media\/23169"}],"wp:attachment":[{"href":"https:\/\/temucotelevision.cl\/web\/wp-json\/wp\/v2\/media?parent=23399"}],"wp:term":[{"taxonomy":"category","embeddable":true,"href":"https:\/\/temucotelevision.cl\/web\/wp-json\/wp\/v2\/categories?post=23399"},{"taxonomy":"post_tag","embeddable":true,"href":"https:\/\/temucotelevision.cl\/web\/wp-json\/wp\/v2\/tags?post=23399"}],"curies":[{"name":"wp","href":"https:\/\/api.w.org\/{rel}","templated":true}]}}