{"id":23395,"date":"2021-07-21T12:33:50","date_gmt":"2021-07-21T15:33:50","guid":{"rendered":"https:\/\/temucotelevision.cl\/web\/?p=23395"},"modified":"2021-07-21T12:33:53","modified_gmt":"2021-07-21T15:33:53","slug":"brigada-antinarcoticos-temuco-incauta-mas-de-10-millones-de-pesos-en-drogas-2","status":"publish","type":"post","link":"https:\/\/temucotelevision.cl\/web\/2021\/07\/21\/brigada-antinarcoticos-temuco-incauta-mas-de-10-millones-de-pesos-en-drogas-2\/","title":{"rendered":"Brigada Antinarc\u00f3ticos Temuco incauta m\u00e1s de 10 millones de pesos en drogas"},"content":{"rendered":"<div class=\"pvc_clear\"><\/div><p id=\"pvc_stats_23395\" class=\"pvc_stats total_only  \" data-element-id=\"23395\" style=\"\"><i class=\"pvc-stats-icon large\" aria-hidden=\"true\"><svg aria-hidden=\"true\" focusable=\"false\" data-prefix=\"far\" data-icon=\"chart-bar\" role=\"img\" xmlns=\"http:\/\/www.w3.org\/2000\/svg\" viewBox=\"0 0 512 512\" class=\"svg-inline--fa fa-chart-bar fa-w-16 fa-2x\"><path fill=\"currentColor\" d=\"M396.8 352h22.4c6.4 0 12.8-6.4 12.8-12.8V108.8c0-6.4-6.4-12.8-12.8-12.8h-22.4c-6.4 0-12.8 6.4-12.8 12.8v230.4c0 6.4 6.4 12.8 12.8 12.8zm-192 0h22.4c6.4 0 12.8-6.4 12.8-12.8V140.8c0-6.4-6.4-12.8-12.8-12.8h-22.4c-6.4 0-12.8 6.4-12.8 12.8v198.4c0 6.4 6.4 12.8 12.8 12.8zm96 0h22.4c6.4 0 12.8-6.4 12.8-12.8V204.8c0-6.4-6.4-12.8-12.8-12.8h-22.4c-6.4 0-12.8 6.4-12.8 12.8v134.4c0 6.4 6.4 12.8 12.8 12.8zM496 400H48V80c0-8.84-7.16-16-16-16H16C7.16 64 0 71.16 0 80v336c0 17.67 14.33 32 32 32h464c8.84 0 16-7.16 16-16v-16c0-8.84-7.16-16-16-16zm-387.2-48h22.4c6.4 0 12.8-6.4 12.8-12.8v-70.4c0-6.4-6.4-12.8-12.8-12.8h-22.4c-6.4 0-12.8 6.4-12.8 12.8v70.4c0 6.4 6.4 12.8 12.8 12.8z\" class=\"\"><\/path><\/svg><\/i> <img loading=\"lazy\" decoding=\"async\" width=\"16\" height=\"16\" alt=\"Loading\" src=\"https:\/\/temucotelevision.cl\/web\/wp-content\/plugins\/page-views-count\/ajax-loader-2x.gif\" border=0 \/><\/p><div class=\"pvc_clear\"><\/div>\n<p>Una persona detenida y la incautaci\u00f3n de m\u00e1s de 10 millones de pesos en drogas, fue el resultado de un operativo realizado en la capital regional por la Brigada Antinarc\u00f3ticos y Contra el Crimen Organizado (Brianco) Temuco en&nbsp;&nbsp;coordinaci\u00f3n con la Fiscal\u00eda Local de la misma comuna.<\/p>\n\n\n\n<p>El subprefecto Freddy Ag\u00fcero, jefe de la Brianco Temuco, explic\u00f3 que los oficiales recuperaron antecedentes de un sujeto que se trasladaba desde la regi\u00f3n Metropolitana a La Araucan\u00eda, con distintos tipos de sustancias il\u00edcitas para comercializarlas a trav\u00e9s de aplicaciones telef\u00f3nicas.<\/p>\n\n\n\n<p>\u201cSe lograron incautar m\u00e1s de 5.000 dosis de coca\u00edna base, 537 dosis de clorhidrato de coca\u00edna, droga avaluada en m\u00e1s de 10 millones de pesos\u201d se\u00f1al\u00f3 Ag\u00fcero.<\/p>\n\n\n\n<p>El detenido fue puesto a disposici\u00f3n del Juzgado de Garant\u00eda para el correspondiente control de detenci\u00f3n quedando detenido y decret\u00e1ndose 4 meses de investigaci\u00f3n.<\/p>\n\n\n\n<div class=\"wp-block-image\"><figure class=\"aligncenter size-large\"><img loading=\"lazy\" decoding=\"async\" width=\"1024\" height=\"753\" src=\"https:\/\/temucotelevision.cl\/web\/wp-content\/uploads\/2021\/07\/Captura-de-pantalla-2021-07-21-a-las-11.32.58-1024x753.png\" alt=\"\" class=\"wp-image-23397\" srcset=\"https:\/\/temucotelevision.cl\/web\/wp-content\/uploads\/2021\/07\/Captura-de-pantalla-2021-07-21-a-las-11.32.58-1024x753.png 1024w, https:\/\/temucotelevision.cl\/web\/wp-content\/uploads\/2021\/07\/Captura-de-pantalla-2021-07-21-a-las-11.32.58-768x565.png 768w, https:\/\/temucotelevision.cl\/web\/wp-content\/uploads\/2021\/07\/Captura-de-pantalla-2021-07-21-a-las-11.32.58.png 1324w\" sizes=\"auto, (max-width: 1024px) 100vw, 1024px\" \/><\/figure><\/div>\n","protected":false},"excerpt":{"rendered":"<div class=\"pvc_clear\"><\/div>\n<p id=\"pvc_stats_23395\" class=\"pvc_stats total_only  \" data-element-id=\"23395\" style=\"\"><i class=\"pvc-stats-icon large\" aria-hidden=\"true\"><svg aria-hidden=\"true\" focusable=\"false\" data-prefix=\"far\" data-icon=\"chart-bar\" role=\"img\" xmlns=\"http:\/\/www.w3.org\/2000\/svg\" viewBox=\"0 0 512 512\" class=\"svg-inline--fa fa-chart-bar fa-w-16 fa-2x\"><path fill=\"currentColor\" d=\"M396.8 352h22.4c6.4 0 12.8-6.4 12.8-12.8V108.8c0-6.4-6.4-12.8-12.8-12.8h-22.4c-6.4 0-12.8 6.4-12.8 12.8v230.4c0 6.4 6.4 12.8 12.8 12.8zm-192 0h22.4c6.4 0 12.8-6.4 12.8-12.8V140.8c0-6.4-6.4-12.8-12.8-12.8h-22.4c-6.4 0-12.8 6.4-12.8 12.8v198.4c0 6.4 6.4 12.8 12.8 12.8zm96 0h22.4c6.4 0 12.8-6.4 12.8-12.8V204.8c0-6.4-6.4-12.8-12.8-12.8h-22.4c-6.4 0-12.8 6.4-12.8 12.8v134.4c0 6.4 6.4 12.8 12.8 12.8zM496 400H48V80c0-8.84-7.16-16-16-16H16C7.16 64 0 71.16 0 80v336c0 17.67 14.33 32 32 32h464c8.84 0 16-7.16 16-16v-16c0-8.84-7.16-16-16-16zm-387.2-48h22.4c6.4 0 12.8-6.4 12.8-12.8v-70.4c0-6.4-6.4-12.8-12.8-12.8h-22.4c-6.4 0-12.8 6.4-12.8 12.8v70.4c0 6.4 6.4 12.8 12.8 12.8z\" class=\"\"><\/path><\/svg><\/i> <img loading=\"lazy\" decoding=\"async\" width=\"16\" height=\"16\" alt=\"Loading\" src=\"https:\/\/temucotelevision.cl\/web\/wp-content\/plugins\/page-views-count\/ajax-loader-2x.gif\" border=0 \/><\/p>\n<div class=\"pvc_clear\"><\/div>\n<p>Una persona detenida y la incautaci\u00f3n de m\u00e1s de 10 millones de pesos en drogas, fue el resultado de un<\/p>\n","protected":false},"author":1,"featured_media":23396,"comment_status":"open","ping_status":"open","sticky":false,"template":"","format":"standard","meta":{"colormag_page_container_layout":"default_layout","colormag_page_sidebar_layout":"default_layout","footnotes":""},"categories":[16],"tags":[448],"class_list":["post-23395","post","type-post","status-publish","format-standard","has-post-thumbnail","hentry","category-policial","tag-fiscalia"],"a3_pvc":{"activated":true,"total_views":37,"today_views":0},"_links":{"self":[{"href":"https:\/\/temucotelevision.cl\/web\/wp-json\/wp\/v2\/posts\/23395","targetHints":{"allow":["GET"]}}],"collection":[{"href":"https:\/\/temucotelevision.cl\/web\/wp-json\/wp\/v2\/posts"}],"about":[{"href":"https:\/\/temucotelevision.cl\/web\/wp-json\/wp\/v2\/types\/post"}],"author":[{"embeddable":true,"href":"https:\/\/temucotelevision.cl\/web\/wp-json\/wp\/v2\/users\/1"}],"replies":[{"embeddable":true,"href":"https:\/\/temucotelevision.cl\/web\/wp-json\/wp\/v2\/comments?post=23395"}],"version-history":[{"count":1,"href":"https:\/\/temucotelevision.cl\/web\/wp-json\/wp\/v2\/posts\/23395\/revisions"}],"predecessor-version":[{"id":23398,"href":"https:\/\/temucotelevision.cl\/web\/wp-json\/wp\/v2\/posts\/23395\/revisions\/23398"}],"wp:featuredmedia":[{"embeddable":true,"href":"https:\/\/temucotelevision.cl\/web\/wp-json\/wp\/v2\/media\/23396"}],"wp:attachment":[{"href":"https:\/\/temucotelevision.cl\/web\/wp-json\/wp\/v2\/media?parent=23395"}],"wp:term":[{"taxonomy":"category","embeddable":true,"href":"https:\/\/temucotelevision.cl\/web\/wp-json\/wp\/v2\/categories?post=23395"},{"taxonomy":"post_tag","embeddable":true,"href":"https:\/\/temucotelevision.cl\/web\/wp-json\/wp\/v2\/tags?post=23395"}],"curies":[{"name":"wp","href":"https:\/\/api.w.org\/{rel}","templated":true}]}}