{"id":22396,"date":"2021-06-11T12:23:43","date_gmt":"2021-06-11T15:23:43","guid":{"rendered":"https:\/\/temucotelevision.cl\/web\/?p=22396"},"modified":"2021-06-11T12:34:39","modified_gmt":"2021-06-11T15:34:39","slug":"propuesta-presentada-por-la-corporacion-educacional-el-bosque-busca-disolver-al-sindicato-de-liceo-camilo-henriquez-de-temuco","status":"publish","type":"post","link":"https:\/\/temucotelevision.cl\/web\/2021\/06\/11\/propuesta-presentada-por-la-corporacion-educacional-el-bosque-busca-disolver-al-sindicato-de-liceo-camilo-henriquez-de-temuco\/","title":{"rendered":"Propuesta presentada por la Corporaci\u00f3n Educacional El Bosque busca disolver al sindicato de Liceo Camilo Henr\u00edquez de Temuco"},"content":{"rendered":"<div class=\"pvc_clear\"><\/div><p id=\"pvc_stats_22396\" class=\"pvc_stats total_only  \" data-element-id=\"22396\" style=\"\"><i class=\"pvc-stats-icon large\" aria-hidden=\"true\"><svg aria-hidden=\"true\" focusable=\"false\" data-prefix=\"far\" data-icon=\"chart-bar\" role=\"img\" xmlns=\"http:\/\/www.w3.org\/2000\/svg\" viewBox=\"0 0 512 512\" class=\"svg-inline--fa fa-chart-bar fa-w-16 fa-2x\"><path fill=\"currentColor\" d=\"M396.8 352h22.4c6.4 0 12.8-6.4 12.8-12.8V108.8c0-6.4-6.4-12.8-12.8-12.8h-22.4c-6.4 0-12.8 6.4-12.8 12.8v230.4c0 6.4 6.4 12.8 12.8 12.8zm-192 0h22.4c6.4 0 12.8-6.4 12.8-12.8V140.8c0-6.4-6.4-12.8-12.8-12.8h-22.4c-6.4 0-12.8 6.4-12.8 12.8v198.4c0 6.4 6.4 12.8 12.8 12.8zm96 0h22.4c6.4 0 12.8-6.4 12.8-12.8V204.8c0-6.4-6.4-12.8-12.8-12.8h-22.4c-6.4 0-12.8 6.4-12.8 12.8v134.4c0 6.4 6.4 12.8 12.8 12.8zM496 400H48V80c0-8.84-7.16-16-16-16H16C7.16 64 0 71.16 0 80v336c0 17.67 14.33 32 32 32h464c8.84 0 16-7.16 16-16v-16c0-8.84-7.16-16-16-16zm-387.2-48h22.4c6.4 0 12.8-6.4 12.8-12.8v-70.4c0-6.4-6.4-12.8-12.8-12.8h-22.4c-6.4 0-12.8 6.4-12.8 12.8v70.4c0 6.4 6.4 12.8 12.8 12.8z\" class=\"\"><\/path><\/svg><\/i> <img loading=\"lazy\" decoding=\"async\" width=\"16\" height=\"16\" alt=\"Loading\" src=\"https:\/\/temucotelevision.cl\/web\/wp-content\/plugins\/page-views-count\/ajax-loader-2x.gif\" border=0 \/><\/p><div class=\"pvc_clear\"><\/div>\n<p>Un contrato individual, que incluye solo algunas de las peticiones de los trabajadores sindicalizados, es la propuesta realizada por la Corporaci\u00f3n Educacional El Bosque, con la que busca finalizar la huelga legal de funcionarios a 95 d\u00edas desde su inicio.<\/p>\n\n\n\n<p>El sindicato del Liceo Camilo Henr\u00edquez de Temuco rechaz\u00f3 la oferta, considerando que no solo se aleja de los puntos del contrato colectivo, sino que adem\u00e1s se incurre en una pr\u00e1ctica desleal, ya que responde a una acci\u00f3n que atenta contra la libertad sindical.<\/p>\n\n\n\n<p>El asesor jur\u00eddico del Sindicato de Trabajadores del Liceo Camilo Henr\u00edquez de Temuco, Pablo Palacios, se\u00f1ala que como parte negociadora consideran que la propuesta atenta contra el sindicato en s\u00ed. \u201cLo que ellos hicieron es una pr\u00e1ctica desleal antisindical, debido a que contestan el contrato colectivo como un anexo de contrato, lo que significa destruir el sindicato y el contrato colectivo. Pasar los beneficios a un anexo, significa que los trabajadores, m\u00e1s adelante tampoco podr\u00edan negociar ninguno de los beneficios que est\u00e1n ah\u00ed\u201d, se\u00f1al\u00f3 el abogado.<\/p>\n\n\n\n<p>El anexo de contrato individual ofrecido por la entidad sostenedora, se entrega a modo de respuesta al proyecto de contrato colectivo presentado por el Sindicato el pasado mi\u00e9rcoles 9 de junio, el que adem\u00e1s se enmarca en una serie de encuentros dirigidos por una mediadora, la abogada Viviana P\u00e9rez Ort\u00edz, designada por la Direcci\u00f3n Nacional del Trabajo, con el fin de intentar encontrar un punto de acuerdo entre las partes, el cual no se logr\u00f3.<\/p>\n\n\n\n<p>El Presidente del Sindicato de Trabajadores del Liceo Camilo Henr\u00edquez de Temuco, Eugenio L\u00f3pez, asegura que mantienen la esperanza en el di\u00e1logo por parte de la Corporaci\u00f3n. \u201cNosotros queremos que esto se destrabe lo antes posible. La mediadora pidi\u00f3 a ambas partes gestos para lograr la conciliaci\u00f3n. Por lo mismo, modificamos nuestro proyecto de contrato colectivo original, acerc\u00e1ndonos incluso al piso de la negociaci\u00f3n colectiva anterior, ofreciendo las mayores posibilidades para que la corporaci\u00f3n pudiese firmar un verdadero contrato colectivo \u201d, asegur\u00f3 el dirigente.<\/p>\n\n\n\n<p>Para el Sindicato de Trabajadores del Liceo Camilo Henr\u00edquez de Temuco, esta oferta por parte de los sostenedores, no solo busca quitar algunos derechos obtenidos incluso desde hace 32 a\u00f1os, sino que adem\u00e1s tiene como prop\u00f3sito disolver la agrupaci\u00f3n, mostrando que no existe la intenci\u00f3n de resolver un conflicto, que afecta no solo a los trabajadores sino tambi\u00e9n a estudiantes y apoderados.<\/p>\n\n\n\n<p>El sindicato del Liceo Camilo Henr\u00edquez se encuentra en huelga legal desde el d\u00eda 9 de marzo de 2021, llegando a esta instancia tras la negativa del sostenedor de realizar un contrato colectivo el a\u00f1o 2019.&nbsp;<\/p>\n\n\n\n<figure class=\"wp-block-image size-large\"><img loading=\"lazy\" decoding=\"async\" width=\"800\" height=\"455\" src=\"https:\/\/temucotelevision.cl\/web\/wp-content\/uploads\/2021\/06\/Huelga-Liceo.jpg\" alt=\"\" class=\"wp-image-22288\" srcset=\"https:\/\/temucotelevision.cl\/web\/wp-content\/uploads\/2021\/06\/Huelga-Liceo.jpg 800w, https:\/\/temucotelevision.cl\/web\/wp-content\/uploads\/2021\/06\/Huelga-Liceo-768x437.jpg 768w\" sizes=\"auto, (max-width: 800px) 100vw, 800px\" \/><\/figure>\n","protected":false},"excerpt":{"rendered":"<div class=\"pvc_clear\"><\/div>\n<p id=\"pvc_stats_22396\" class=\"pvc_stats total_only  \" data-element-id=\"22396\" style=\"\"><i class=\"pvc-stats-icon large\" aria-hidden=\"true\"><svg aria-hidden=\"true\" focusable=\"false\" data-prefix=\"far\" data-icon=\"chart-bar\" role=\"img\" xmlns=\"http:\/\/www.w3.org\/2000\/svg\" viewBox=\"0 0 512 512\" class=\"svg-inline--fa fa-chart-bar fa-w-16 fa-2x\"><path fill=\"currentColor\" d=\"M396.8 352h22.4c6.4 0 12.8-6.4 12.8-12.8V108.8c0-6.4-6.4-12.8-12.8-12.8h-22.4c-6.4 0-12.8 6.4-12.8 12.8v230.4c0 6.4 6.4 12.8 12.8 12.8zm-192 0h22.4c6.4 0 12.8-6.4 12.8-12.8V140.8c0-6.4-6.4-12.8-12.8-12.8h-22.4c-6.4 0-12.8 6.4-12.8 12.8v198.4c0 6.4 6.4 12.8 12.8 12.8zm96 0h22.4c6.4 0 12.8-6.4 12.8-12.8V204.8c0-6.4-6.4-12.8-12.8-12.8h-22.4c-6.4 0-12.8 6.4-12.8 12.8v134.4c0 6.4 6.4 12.8 12.8 12.8zM496 400H48V80c0-8.84-7.16-16-16-16H16C7.16 64 0 71.16 0 80v336c0 17.67 14.33 32 32 32h464c8.84 0 16-7.16 16-16v-16c0-8.84-7.16-16-16-16zm-387.2-48h22.4c6.4 0 12.8-6.4 12.8-12.8v-70.4c0-6.4-6.4-12.8-12.8-12.8h-22.4c-6.4 0-12.8 6.4-12.8 12.8v70.4c0 6.4 6.4 12.8 12.8 12.8z\" class=\"\"><\/path><\/svg><\/i> <img loading=\"lazy\" decoding=\"async\" width=\"16\" height=\"16\" alt=\"Loading\" src=\"https:\/\/temucotelevision.cl\/web\/wp-content\/plugins\/page-views-count\/ajax-loader-2x.gif\" border=0 \/><\/p>\n<div class=\"pvc_clear\"><\/div>\n<p>Un contrato individual, que incluye solo algunas de las peticiones de los trabajadores sindicalizados, es la propuesta realizada por la<\/p>\n","protected":false},"author":1,"featured_media":22397,"comment_status":"open","ping_status":"open","sticky":false,"template":"","format":"standard","meta":{"colormag_page_container_layout":"default_layout","colormag_page_sidebar_layout":"default_layout","footnotes":""},"categories":[14],"tags":[3894,150,302,2575,3877],"class_list":["post-22396","post","type-post","status-publish","format-standard","has-post-thumbnail","hentry","category-temuco","tag-el-bosque","tag-estudiantes","tag-liceo","tag-propuesta","tag-sindicato"],"a3_pvc":{"activated":true,"total_views":75,"today_views":0},"_links":{"self":[{"href":"https:\/\/temucotelevision.cl\/web\/wp-json\/wp\/v2\/posts\/22396","targetHints":{"allow":["GET"]}}],"collection":[{"href":"https:\/\/temucotelevision.cl\/web\/wp-json\/wp\/v2\/posts"}],"about":[{"href":"https:\/\/temucotelevision.cl\/web\/wp-json\/wp\/v2\/types\/post"}],"author":[{"embeddable":true,"href":"https:\/\/temucotelevision.cl\/web\/wp-json\/wp\/v2\/users\/1"}],"replies":[{"embeddable":true,"href":"https:\/\/temucotelevision.cl\/web\/wp-json\/wp\/v2\/comments?post=22396"}],"version-history":[{"count":2,"href":"https:\/\/temucotelevision.cl\/web\/wp-json\/wp\/v2\/posts\/22396\/revisions"}],"predecessor-version":[{"id":22401,"href":"https:\/\/temucotelevision.cl\/web\/wp-json\/wp\/v2\/posts\/22396\/revisions\/22401"}],"wp:featuredmedia":[{"embeddable":true,"href":"https:\/\/temucotelevision.cl\/web\/wp-json\/wp\/v2\/media\/22397"}],"wp:attachment":[{"href":"https:\/\/temucotelevision.cl\/web\/wp-json\/wp\/v2\/media?parent=22396"}],"wp:term":[{"taxonomy":"category","embeddable":true,"href":"https:\/\/temucotelevision.cl\/web\/wp-json\/wp\/v2\/categories?post=22396"},{"taxonomy":"post_tag","embeddable":true,"href":"https:\/\/temucotelevision.cl\/web\/wp-json\/wp\/v2\/tags?post=22396"}],"curies":[{"name":"wp","href":"https:\/\/api.w.org\/{rel}","templated":true}]}}