{"id":22393,"date":"2021-06-11T12:12:53","date_gmt":"2021-06-11T15:12:53","guid":{"rendered":"https:\/\/temucotelevision.cl\/web\/?p=22393"},"modified":"2021-06-11T12:12:56","modified_gmt":"2021-06-11T15:12:56","slug":"diputado-mellado-pide-cambio-en-plan-paso-a-paso-en-apoyo-a-pymes-debemos-recuperar-la-libertad-de-trabajar","status":"publish","type":"post","link":"https:\/\/temucotelevision.cl\/web\/2021\/06\/11\/diputado-mellado-pide-cambio-en-plan-paso-a-paso-en-apoyo-a-pymes-debemos-recuperar-la-libertad-de-trabajar\/","title":{"rendered":"Diputado Mellado pide cambio en Plan Paso a Paso en apoyo a Pymes: \u201cDebemos recuperar la libertad de trabajar\u201d"},"content":{"rendered":"<div class=\"pvc_clear\"><\/div><p id=\"pvc_stats_22393\" class=\"pvc_stats total_only  \" data-element-id=\"22393\" style=\"\"><i class=\"pvc-stats-icon large\" aria-hidden=\"true\"><svg aria-hidden=\"true\" focusable=\"false\" data-prefix=\"far\" data-icon=\"chart-bar\" role=\"img\" xmlns=\"http:\/\/www.w3.org\/2000\/svg\" viewBox=\"0 0 512 512\" class=\"svg-inline--fa fa-chart-bar fa-w-16 fa-2x\"><path fill=\"currentColor\" d=\"M396.8 352h22.4c6.4 0 12.8-6.4 12.8-12.8V108.8c0-6.4-6.4-12.8-12.8-12.8h-22.4c-6.4 0-12.8 6.4-12.8 12.8v230.4c0 6.4 6.4 12.8 12.8 12.8zm-192 0h22.4c6.4 0 12.8-6.4 12.8-12.8V140.8c0-6.4-6.4-12.8-12.8-12.8h-22.4c-6.4 0-12.8 6.4-12.8 12.8v198.4c0 6.4 6.4 12.8 12.8 12.8zm96 0h22.4c6.4 0 12.8-6.4 12.8-12.8V204.8c0-6.4-6.4-12.8-12.8-12.8h-22.4c-6.4 0-12.8 6.4-12.8 12.8v134.4c0 6.4 6.4 12.8 12.8 12.8zM496 400H48V80c0-8.84-7.16-16-16-16H16C7.16 64 0 71.16 0 80v336c0 17.67 14.33 32 32 32h464c8.84 0 16-7.16 16-16v-16c0-8.84-7.16-16-16-16zm-387.2-48h22.4c6.4 0 12.8-6.4 12.8-12.8v-70.4c0-6.4-6.4-12.8-12.8-12.8h-22.4c-6.4 0-12.8 6.4-12.8 12.8v70.4c0 6.4 6.4 12.8 12.8 12.8z\" class=\"\"><\/path><\/svg><\/i> <img loading=\"lazy\" decoding=\"async\" width=\"16\" height=\"16\" alt=\"Loading\" src=\"https:\/\/temucotelevision.cl\/web\/wp-content\/plugins\/page-views-count\/ajax-loader-2x.gif\" border=0 \/><\/p><div class=\"pvc_clear\"><\/div>\n<p>El parlamentario manifest\u00f3 su postura, en el marco de la sesi\u00f3n realizada este jueves en la C\u00e1mara de Diputados, donde se discute el proyecto el de ley que otorga bonos de apoyo a las Pymes.<\/p>\n\n\n\n<p>En una sentida intervenci\u00f3n, el diputado Miguel Mellado (RN), llam\u00f3 al gobierno a cambiar el Plan Paso a Paso, aludiendo a que ya es extempor\u00e1neo y no se respeta. Las declaraciones las realiz\u00f3 en el marco de la sesi\u00f3n donde se discute la entrega de bonos a las Pymes, que se han visto perjudicadas por la pandemia y las restricciones sanitarias.<\/p>\n\n\n\n<p>\u201cYo felicito al gobierno por este proyecto que es importante para ir en apoyo de las Pymes, pero no perdamos la vista de lo que ellos quieren, que es abrir y trabajar, para que en el futuro por ellos mismos puedan salir adelante, sin bonos y transferencias, lo cual no han podido hacer en estos casi 450 d\u00edas, teniendo un grave perjuicio\u201d, se\u00f1al\u00f3 el legislador.<\/p>\n\n\n\n<p>\u201cLas restricciones eran justificadas anteriormente y hoy pr\u00e1cticamente nadie las respeta, y resulta que tenemos a las pymes en la UCI y sin respiradores, est\u00e1n muy complicadas y nosotros en regiones estamos pagando el pato porque en Santiago la gente no se vacuna o porque hay m\u00e1s contagios, cuando la realidad en regiones es distinta. Yo llamo al presidente Pi\u00f1era, antes que se vaya a Europa y que con eso nos dice que est\u00e1 m\u00e1s menos bien la cosa ac\u00e1, a los ministros de Salud y Econom\u00eda, que cambien el plan Paso a Paso, que las pymes, el comercio, la hoteler\u00eda, gastronom\u00eda, el turismo ya nos han dicho que necesitan abrir, atender en interiores a sus clientes que tengan las dos vacunas. Es necesario recuperar nuestra libertad, la libertad de trabajar, la libertad de abrir el comercio, la libertad de transitar, creo que es el momento porque van a haber 11 millones y medio de chilenos con las dos dosis a fines de junio, ya es momento de dejar atr\u00e1s lo que antes era importante y que hoy no se respeta, y ya tenemos el pase verde para que el comercio pueda levantarse. Recuperemos la libertad de trabajar, de transitar, de recorrer Chile, pero tambi\u00e9n de las pymes, y al comercio de abrir\u201d, manifest\u00f3 Mellado.<\/p>\n\n\n\n<p>El parlamentario adem\u00e1s, destac\u00f3 el proyecto de ley que permitir\u00e1 ir en apoyo de las pymes, con bonos y transferencias.<br>\u201cAyer estuve en la Comisi\u00f3n de Hacienda de oyente y me parece muy bueno que bonos de alivio a 820 mil pymes, lleguen. Va a llegar flujo de caja, anticipo para imposiciones que no se han pagado, 20% m\u00e1s para mujeres, y hay una base de recuperaci\u00f3n que hay que mejorar un poco y creo que ah\u00ed los ministros podr\u00edan meter un poco m\u00e1s de mano\u201d, dijo el diputado Miguel Mellado.<\/p>\n","protected":false},"excerpt":{"rendered":"<div class=\"pvc_clear\"><\/div>\n<p id=\"pvc_stats_22393\" class=\"pvc_stats total_only  \" data-element-id=\"22393\" style=\"\"><i class=\"pvc-stats-icon large\" aria-hidden=\"true\"><svg aria-hidden=\"true\" focusable=\"false\" data-prefix=\"far\" data-icon=\"chart-bar\" role=\"img\" xmlns=\"http:\/\/www.w3.org\/2000\/svg\" viewBox=\"0 0 512 512\" class=\"svg-inline--fa fa-chart-bar fa-w-16 fa-2x\"><path fill=\"currentColor\" d=\"M396.8 352h22.4c6.4 0 12.8-6.4 12.8-12.8V108.8c0-6.4-6.4-12.8-12.8-12.8h-22.4c-6.4 0-12.8 6.4-12.8 12.8v230.4c0 6.4 6.4 12.8 12.8 12.8zm-192 0h22.4c6.4 0 12.8-6.4 12.8-12.8V140.8c0-6.4-6.4-12.8-12.8-12.8h-22.4c-6.4 0-12.8 6.4-12.8 12.8v198.4c0 6.4 6.4 12.8 12.8 12.8zm96 0h22.4c6.4 0 12.8-6.4 12.8-12.8V204.8c0-6.4-6.4-12.8-12.8-12.8h-22.4c-6.4 0-12.8 6.4-12.8 12.8v134.4c0 6.4 6.4 12.8 12.8 12.8zM496 400H48V80c0-8.84-7.16-16-16-16H16C7.16 64 0 71.16 0 80v336c0 17.67 14.33 32 32 32h464c8.84 0 16-7.16 16-16v-16c0-8.84-7.16-16-16-16zm-387.2-48h22.4c6.4 0 12.8-6.4 12.8-12.8v-70.4c0-6.4-6.4-12.8-12.8-12.8h-22.4c-6.4 0-12.8 6.4-12.8 12.8v70.4c0 6.4 6.4 12.8 12.8 12.8z\" class=\"\"><\/path><\/svg><\/i> <img loading=\"lazy\" decoding=\"async\" width=\"16\" height=\"16\" alt=\"Loading\" src=\"https:\/\/temucotelevision.cl\/web\/wp-content\/plugins\/page-views-count\/ajax-loader-2x.gif\" border=0 \/><\/p>\n<div class=\"pvc_clear\"><\/div>\n<p>El parlamentario manifest\u00f3 su postura, en el marco de la sesi\u00f3n realizada este jueves en la C\u00e1mara de Diputados, donde<\/p>\n","protected":false},"author":1,"featured_media":22394,"comment_status":"open","ping_status":"open","sticky":false,"template":"","format":"standard","meta":{"colormag_page_container_layout":"default_layout","colormag_page_sidebar_layout":"default_layout","footnotes":""},"categories":[84],"tags":[154,205,2032,2133],"class_list":["post-22393","post","type-post","status-publish","format-standard","has-post-thumbnail","hentry","category-politica","tag-diputado","tag-plan","tag-pymes","tag-trabajos"],"a3_pvc":{"activated":true,"total_views":18,"today_views":0},"_links":{"self":[{"href":"https:\/\/temucotelevision.cl\/web\/wp-json\/wp\/v2\/posts\/22393","targetHints":{"allow":["GET"]}}],"collection":[{"href":"https:\/\/temucotelevision.cl\/web\/wp-json\/wp\/v2\/posts"}],"about":[{"href":"https:\/\/temucotelevision.cl\/web\/wp-json\/wp\/v2\/types\/post"}],"author":[{"embeddable":true,"href":"https:\/\/temucotelevision.cl\/web\/wp-json\/wp\/v2\/users\/1"}],"replies":[{"embeddable":true,"href":"https:\/\/temucotelevision.cl\/web\/wp-json\/wp\/v2\/comments?post=22393"}],"version-history":[{"count":1,"href":"https:\/\/temucotelevision.cl\/web\/wp-json\/wp\/v2\/posts\/22393\/revisions"}],"predecessor-version":[{"id":22395,"href":"https:\/\/temucotelevision.cl\/web\/wp-json\/wp\/v2\/posts\/22393\/revisions\/22395"}],"wp:featuredmedia":[{"embeddable":true,"href":"https:\/\/temucotelevision.cl\/web\/wp-json\/wp\/v2\/media\/22394"}],"wp:attachment":[{"href":"https:\/\/temucotelevision.cl\/web\/wp-json\/wp\/v2\/media?parent=22393"}],"wp:term":[{"taxonomy":"category","embeddable":true,"href":"https:\/\/temucotelevision.cl\/web\/wp-json\/wp\/v2\/categories?post=22393"},{"taxonomy":"post_tag","embeddable":true,"href":"https:\/\/temucotelevision.cl\/web\/wp-json\/wp\/v2\/tags?post=22393"}],"curies":[{"name":"wp","href":"https:\/\/api.w.org\/{rel}","templated":true}]}}