{"id":22388,"date":"2021-06-10T22:50:52","date_gmt":"2021-06-11T01:50:52","guid":{"rendered":"https:\/\/temucotelevision.cl\/web\/?p=22388"},"modified":"2021-06-10T22:50:55","modified_gmt":"2021-06-11T01:50:55","slug":"mtt-y-efe-anuncian-nuevo-servicio-ferroviario-entre-temuco-y-plc-y-llegada-de-primeros-buses-electricos-a-la-araucania","status":"publish","type":"post","link":"https:\/\/temucotelevision.cl\/web\/2021\/06\/10\/mtt-y-efe-anuncian-nuevo-servicio-ferroviario-entre-temuco-y-plc-y-llegada-de-primeros-buses-electricos-a-la-araucania\/","title":{"rendered":"MTT y EFE anuncian nuevo servicio ferroviario entre Temuco y PLC y llegada de primeros buses el\u00e9ctricos a La Araucan\u00eda"},"content":{"rendered":"<div class=\"pvc_clear\"><\/div><p id=\"pvc_stats_22388\" class=\"pvc_stats total_only  \" data-element-id=\"22388\" style=\"\"><i class=\"pvc-stats-icon large\" aria-hidden=\"true\"><svg aria-hidden=\"true\" focusable=\"false\" data-prefix=\"far\" data-icon=\"chart-bar\" role=\"img\" xmlns=\"http:\/\/www.w3.org\/2000\/svg\" viewBox=\"0 0 512 512\" class=\"svg-inline--fa fa-chart-bar fa-w-16 fa-2x\"><path fill=\"currentColor\" d=\"M396.8 352h22.4c6.4 0 12.8-6.4 12.8-12.8V108.8c0-6.4-6.4-12.8-12.8-12.8h-22.4c-6.4 0-12.8 6.4-12.8 12.8v230.4c0 6.4 6.4 12.8 12.8 12.8zm-192 0h22.4c6.4 0 12.8-6.4 12.8-12.8V140.8c0-6.4-6.4-12.8-12.8-12.8h-22.4c-6.4 0-12.8 6.4-12.8 12.8v198.4c0 6.4 6.4 12.8 12.8 12.8zm96 0h22.4c6.4 0 12.8-6.4 12.8-12.8V204.8c0-6.4-6.4-12.8-12.8-12.8h-22.4c-6.4 0-12.8 6.4-12.8 12.8v134.4c0 6.4 6.4 12.8 12.8 12.8zM496 400H48V80c0-8.84-7.16-16-16-16H16C7.16 64 0 71.16 0 80v336c0 17.67 14.33 32 32 32h464c8.84 0 16-7.16 16-16v-16c0-8.84-7.16-16-16-16zm-387.2-48h22.4c6.4 0 12.8-6.4 12.8-12.8v-70.4c0-6.4-6.4-12.8-12.8-12.8h-22.4c-6.4 0-12.8 6.4-12.8 12.8v70.4c0 6.4 6.4 12.8 12.8 12.8z\" class=\"\"><\/path><\/svg><\/i> <img loading=\"lazy\" decoding=\"async\" width=\"16\" height=\"16\" alt=\"Loading\" src=\"https:\/\/temucotelevision.cl\/web\/wp-content\/plugins\/page-views-count\/ajax-loader-2x.gif\" border=0 \/><\/p><div class=\"pvc_clear\"><\/div>\n<ul class=\"wp-block-list\"><li><strong>El Subsecretario de Transportes, Jos\u00e9 Luis Dom\u00ednguez, junto a la Ministra de Medio Ambiente, Carolina Schmidt, supervisaron en terreno el proyecto anunciado por el Presidente Sebasti\u00e1n Pi\u00f1era, que conectar\u00e1 a ambas comunas en 7 minutos.<\/strong><\/li><li><strong>La extensi\u00f3n ferroviaria permitir\u00e1 transportar hasta 500 mil pasajeros al a\u00f1o y tendr\u00e1 conectividad con el centro de Temuco a trav\u00e9s de un electrocorredor con buses est\u00e1ndar Red.<\/strong><\/li><\/ul>\n\n\n\n<p>Esta ma\u00f1ana, el Subsecretario de Transportes, Jos\u00e9 Luis Dom\u00ednguez; junto a la Ministra de Medio Ambiente, Carolina Schmidt; el Intendente de La Araucan\u00eda, V\u00edctor Manoli; el Presidente de EFE, Pedro Pablo Err\u00e1zuriz, junto a autoridades regionales,<strong>\u00a0<\/strong>viajaron desde Temuco hasta la localidad de Padre Las Casas, para dar a conocer los detalles de la conexi\u00f3n ferroviaria que permitir\u00e1 unir ambas comunas en tan s\u00f3lo 7 minutos.<\/p>\n\n\n\n<p>El proyecto considera la construcci\u00f3n de cuatro nuevas estaciones, dos en la zona norte de la capital regional y dos al sur del r\u00edo Caut\u00edn, que complementar\u00e1 el actual servicio Victoria \u2013 Temuco, que anualmente transporta a 500 mil pasajeros. El objetivo es unir la comuna de Padre Las Casas, llegando hasta el sector de La Virgen-Maquehue, con una frecuencia de 2 trenes por hora en punta ma\u00f1ana y otros dos en punta tarde de lunes a viernes.<\/p>\n\n\n\n<p>El Subsecretario Dom\u00ednguez se\u00f1al\u00f3 que \u201cel servicio ferroviario ser\u00e1 una alternativa realmente competitiva para trasladarse entre ambas comunas y contar\u00e1 con cuatro estaciones: dos en Temuco, al norte de la estaci\u00f3n actual, y dos en Padre Las Casas. Adem\u00e1s, todo el trazado estar\u00e1 confinado y se habilitar\u00e1n mejoras en 14 pasos peatonales\u201d.<\/p>\n\n\n\n<p>Por su parte, el Presidente de EFE, Pedro Pablo Err\u00e1zuriz, manifest\u00f3 que la habilitaci\u00f3n de este tren \u201ces clave para mejorar la conectividad y calidad de vida de los vecinos de Padre Las Casas, ya que el hecho de que un servicio conecte en apenas 7 minutos las dos comunas en un sector caracterizado por su alta congesti\u00f3n es realmente imbatible\u201d. En ese sentido a\u00f1adi\u00f3 que \u201cpara EFE, la regi\u00f3n de La Araucan\u00eda es uno de los puntos m\u00e1s importantes de nuestra red y donde estamos haciendo grandes inversiones para contribuir a mejorar la calidad de vida de los chilenos, a trav\u00e9s de nuevos trenes, nueva v\u00eda f\u00e9rrea y nuevos servicios concretos\u201d.<\/p>\n\n\n\n<p>A trav\u00e9s de esta extensi\u00f3n se espera movilizar a m\u00e1s 500 mil nuevos pasajeros que se sumar\u00e1n al transporte actual, con lo cual EFE transportar\u00e1 a m\u00e1s de un mill\u00f3n de pasajeros al a\u00f1o en La Araucan\u00eda.<\/p>\n\n\n\n<p>Asimismo, el Intendente de La Araucan\u00eda, V\u00edctor Manoli destac\u00f3 que esta importante iniciativa \u201cnos permitir\u00e1 generar mejoras en la calidad de vida de las personas en materia de transporte y en cuanto al desplazamiento, entre las comunas de Temuco y Padre Las Casas. Pero este tren va a efectuar el recorrido entre Victoria, Temuco y Padre Las Casas lo que permitir\u00e1 transportar una gran cantidad de pasajeros\u201d.&nbsp;<\/p>\n\n\n\n<p>El proyecto se suma al pronto arribo de tres nuevos trenes para el servicio Victoria \u2013 Temuco que, junto con mayores prestaciones para los usuarios, implicar\u00e1n un ahorro de tiempo de viaje de 30 minutos en tramos de ida y vuelta, gracias a las inversiones realizadas por la empresa para el mejoramiento de v\u00eda.<\/p>\n\n\n\n<p>Para la habilitaci\u00f3n de este servicio fue clave concluir la construcci\u00f3n del nuevo puente ferroviario sobre el r\u00edo Caut\u00edn, que fue hecho a trav\u00e9s de 15 bloques de hormig\u00f3n, con un costo cercano a los $20 mil millones, y que permiti\u00f3 retomar el transporte de carga hacia la regi\u00f3n de Los R\u00edos.<\/p>\n\n\n\n<figure class=\"wp-block-image size-large\"><img loading=\"lazy\" decoding=\"async\" width=\"1024\" height=\"768\" src=\"https:\/\/temucotelevision.cl\/web\/wp-content\/uploads\/2021\/06\/Trenes2.jpg\" alt=\"\" class=\"wp-image-22390\" srcset=\"https:\/\/temucotelevision.cl\/web\/wp-content\/uploads\/2021\/06\/Trenes2.jpg 1024w, https:\/\/temucotelevision.cl\/web\/wp-content\/uploads\/2021\/06\/Trenes2-768x576.jpg 768w\" sizes=\"auto, (max-width: 1024px) 100vw, 1024px\" \/><\/figure>\n\n\n\n<p><strong>ELECTROCORREDOR Y NUEVA FLOTA DE BUSES<\/strong><\/p>\n\n\n\n<p>Durante la jornada, en el exterior de la Estaci\u00f3n de Temuco, se present\u00f3 un bus piloto el\u00e9ctrico con est\u00e1ndar Red, que operar\u00e1 integrado al servicio ferroviario y conectar\u00e1 ese sector con el centro de la ciudad y Avenida Alemania, a trav\u00e9s de un electrocorredor por donde circular\u00e1n diez nuevos veh\u00edculos.<\/p>\n\n\n\n<p>Los buses contar\u00e1n con entrada baja, acceso universal para personas con discapacidad, puertos USB para la carga de dispositivos electr\u00f3nicos y servicio wifi. El proyecto tambi\u00e9n contempla la construcci\u00f3n e implementaci\u00f3n de paraderos est\u00e1ndar Red con caracter\u00edsticas especiales, tales como mejor accesibilidad y paneles digitales informativos, para mejorar el confort y seguridad de los usuarios del sistema.<\/p>\n\n\n\n<p>La Ministra de Medio Ambiente, Carolina Schmidt, mencion\u00f3 que \u201cla electromovilidad est\u00e1 en el coraz\u00f3n de la transformaci\u00f3n de Chile a un desarrollo limpio. Nosotros nos hemos puesto como meta ser carbono neutral, no s\u00f3lo porque queremos combatir el cambio clim\u00e1tico, sino porque est\u00e1 \u00edntimamente ligado a mejorar la calidad de vida de las personas en las ciudades y los territorios\u201d.<\/p>\n\n\n\n<p>La iniciativa incluir\u00e1 la ejecuci\u00f3n de obras de mejoramiento de la infraestructura vial y demarcaci\u00f3n en los trazados definidos para la operaci\u00f3n de los servicios de buses el\u00e9ctricos, a trav\u00e9s de la implementaci\u00f3n de v\u00edas de uso exclusivo para transporte p\u00fablico, cuyo correcto uso se controlar\u00e1 a trav\u00e9s de un sistema autom\u00e1tico de fiscalizaci\u00f3n con c\u00e1maras.<\/p>\n\n\n\n<p>\u201cEn Temuco daremos un paso importante al transformar a la capital regional en una de las primeras ciudades del pa\u00eds con buses el\u00e9ctricos con est\u00e1ndar Red. Estas mejoras en materia de conectividad y movilidad, buscan elevar la calidad de servicio a los usuarios con la implementaci\u00f3n de un electrocorredor y 10 buses el\u00e9ctricos, que permitir\u00e1n conectar con el servicio del metrotren Temuco \u2013 Padre Las Casas\u201d, indic\u00f3 el Subsecretario de Transportes.<\/p>\n\n\n\n<p>Actualmente, tanto el proyecto a Padre Las Casas como la intermodalidad el\u00e9ctrica se encuentran en etapa final de estudio. En el caso del tren, se determinar\u00e1 la mejor alternativa de conectividad y obras de infraestructura requeridas para la puesta en marcha del servicio.<\/p>\n","protected":false},"excerpt":{"rendered":"<div class=\"pvc_clear\"><\/div>\n<p id=\"pvc_stats_22388\" class=\"pvc_stats total_only  \" data-element-id=\"22388\" style=\"\"><i class=\"pvc-stats-icon large\" aria-hidden=\"true\"><svg aria-hidden=\"true\" focusable=\"false\" data-prefix=\"far\" data-icon=\"chart-bar\" role=\"img\" xmlns=\"http:\/\/www.w3.org\/2000\/svg\" viewBox=\"0 0 512 512\" class=\"svg-inline--fa fa-chart-bar fa-w-16 fa-2x\"><path fill=\"currentColor\" d=\"M396.8 352h22.4c6.4 0 12.8-6.4 12.8-12.8V108.8c0-6.4-6.4-12.8-12.8-12.8h-22.4c-6.4 0-12.8 6.4-12.8 12.8v230.4c0 6.4 6.4 12.8 12.8 12.8zm-192 0h22.4c6.4 0 12.8-6.4 12.8-12.8V140.8c0-6.4-6.4-12.8-12.8-12.8h-22.4c-6.4 0-12.8 6.4-12.8 12.8v198.4c0 6.4 6.4 12.8 12.8 12.8zm96 0h22.4c6.4 0 12.8-6.4 12.8-12.8V204.8c0-6.4-6.4-12.8-12.8-12.8h-22.4c-6.4 0-12.8 6.4-12.8 12.8v134.4c0 6.4 6.4 12.8 12.8 12.8zM496 400H48V80c0-8.84-7.16-16-16-16H16C7.16 64 0 71.16 0 80v336c0 17.67 14.33 32 32 32h464c8.84 0 16-7.16 16-16v-16c0-8.84-7.16-16-16-16zm-387.2-48h22.4c6.4 0 12.8-6.4 12.8-12.8v-70.4c0-6.4-6.4-12.8-12.8-12.8h-22.4c-6.4 0-12.8 6.4-12.8 12.8v70.4c0 6.4 6.4 12.8 12.8 12.8z\" class=\"\"><\/path><\/svg><\/i> <img loading=\"lazy\" decoding=\"async\" width=\"16\" height=\"16\" alt=\"Loading\" src=\"https:\/\/temucotelevision.cl\/web\/wp-content\/plugins\/page-views-count\/ajax-loader-2x.gif\" border=0 \/><\/p>\n<div class=\"pvc_clear\"><\/div>\n<p>El Subsecretario de Transportes, Jos\u00e9 Luis Dom\u00ednguez, junto a la Ministra de Medio Ambiente, Carolina Schmidt, supervisaron en terreno el<\/p>\n","protected":false},"author":1,"featured_media":22389,"comment_status":"open","ping_status":"open","sticky":false,"template":"","format":"standard","meta":{"colormag_page_container_layout":"default_layout","colormag_page_sidebar_layout":"default_layout","footnotes":""},"categories":[15],"tags":[744],"class_list":["post-22388","post","type-post","status-publish","format-standard","has-post-thumbnail","hentry","category-la-araucania","tag-buses"],"a3_pvc":{"activated":true,"total_views":77,"today_views":0},"_links":{"self":[{"href":"https:\/\/temucotelevision.cl\/web\/wp-json\/wp\/v2\/posts\/22388","targetHints":{"allow":["GET"]}}],"collection":[{"href":"https:\/\/temucotelevision.cl\/web\/wp-json\/wp\/v2\/posts"}],"about":[{"href":"https:\/\/temucotelevision.cl\/web\/wp-json\/wp\/v2\/types\/post"}],"author":[{"embeddable":true,"href":"https:\/\/temucotelevision.cl\/web\/wp-json\/wp\/v2\/users\/1"}],"replies":[{"embeddable":true,"href":"https:\/\/temucotelevision.cl\/web\/wp-json\/wp\/v2\/comments?post=22388"}],"version-history":[{"count":1,"href":"https:\/\/temucotelevision.cl\/web\/wp-json\/wp\/v2\/posts\/22388\/revisions"}],"predecessor-version":[{"id":22391,"href":"https:\/\/temucotelevision.cl\/web\/wp-json\/wp\/v2\/posts\/22388\/revisions\/22391"}],"wp:featuredmedia":[{"embeddable":true,"href":"https:\/\/temucotelevision.cl\/web\/wp-json\/wp\/v2\/media\/22389"}],"wp:attachment":[{"href":"https:\/\/temucotelevision.cl\/web\/wp-json\/wp\/v2\/media?parent=22388"}],"wp:term":[{"taxonomy":"category","embeddable":true,"href":"https:\/\/temucotelevision.cl\/web\/wp-json\/wp\/v2\/categories?post=22388"},{"taxonomy":"post_tag","embeddable":true,"href":"https:\/\/temucotelevision.cl\/web\/wp-json\/wp\/v2\/tags?post=22388"}],"curies":[{"name":"wp","href":"https:\/\/api.w.org\/{rel}","templated":true}]}}