{"id":22385,"date":"2021-06-10T22:41:56","date_gmt":"2021-06-11T01:41:56","guid":{"rendered":"https:\/\/temucotelevision.cl\/web\/?p=22385"},"modified":"2021-06-10T22:41:59","modified_gmt":"2021-06-11T01:41:59","slug":"alejandro-gaete-presenta-su-nuevo-disco-y-agrupacion-acero-jazz","status":"publish","type":"post","link":"https:\/\/temucotelevision.cl\/web\/2021\/06\/10\/alejandro-gaete-presenta-su-nuevo-disco-y-agrupacion-acero-jazz\/","title":{"rendered":"Alejandro Gaete presenta su nuevo disco y agrupaci\u00f3n &#8220;Acero Jazz&#8221;"},"content":{"rendered":"<div class=\"pvc_clear\"><\/div><p id=\"pvc_stats_22385\" class=\"pvc_stats total_only  \" data-element-id=\"22385\" style=\"\"><i class=\"pvc-stats-icon large\" aria-hidden=\"true\"><svg aria-hidden=\"true\" focusable=\"false\" data-prefix=\"far\" data-icon=\"chart-bar\" role=\"img\" xmlns=\"http:\/\/www.w3.org\/2000\/svg\" viewBox=\"0 0 512 512\" class=\"svg-inline--fa fa-chart-bar fa-w-16 fa-2x\"><path fill=\"currentColor\" d=\"M396.8 352h22.4c6.4 0 12.8-6.4 12.8-12.8V108.8c0-6.4-6.4-12.8-12.8-12.8h-22.4c-6.4 0-12.8 6.4-12.8 12.8v230.4c0 6.4 6.4 12.8 12.8 12.8zm-192 0h22.4c6.4 0 12.8-6.4 12.8-12.8V140.8c0-6.4-6.4-12.8-12.8-12.8h-22.4c-6.4 0-12.8 6.4-12.8 12.8v198.4c0 6.4 6.4 12.8 12.8 12.8zm96 0h22.4c6.4 0 12.8-6.4 12.8-12.8V204.8c0-6.4-6.4-12.8-12.8-12.8h-22.4c-6.4 0-12.8 6.4-12.8 12.8v134.4c0 6.4 6.4 12.8 12.8 12.8zM496 400H48V80c0-8.84-7.16-16-16-16H16C7.16 64 0 71.16 0 80v336c0 17.67 14.33 32 32 32h464c8.84 0 16-7.16 16-16v-16c0-8.84-7.16-16-16-16zm-387.2-48h22.4c6.4 0 12.8-6.4 12.8-12.8v-70.4c0-6.4-6.4-12.8-12.8-12.8h-22.4c-6.4 0-12.8 6.4-12.8 12.8v70.4c0 6.4 6.4 12.8 12.8 12.8z\" class=\"\"><\/path><\/svg><\/i> <img loading=\"lazy\" decoding=\"async\" width=\"16\" height=\"16\" alt=\"Loading\" src=\"https:\/\/temucotelevision.cl\/web\/wp-content\/plugins\/page-views-count\/ajax-loader-2x.gif\" border=0 \/><\/p><div class=\"pvc_clear\"><\/div>\n<p><strong>Seis m\u00fasicos de amplia trayectoria se re\u00fanen para registrar este disco inspirado en diferentes lugares de Chile.<\/strong><\/p>\n\n\n\n<p>Despu\u00e9s de una variada cantidad de producciones musicales propias y con otros artistas como\u00a0<strong>Fernando Ubiergo, Jorge Guerra Pin Pon\u00a0<\/strong>y\u00a0<strong>&#8220;Canciones Retocadas&#8221; de Chilevisi\u00f3n<\/strong>, entre muchos otros,\u00a0<strong>Alejandro Gaete<\/strong>\u00a0presenta<strong>\u00a0&#8220;Acero Jazz&#8221;,\u00a0<\/strong>un nuevo proyecto en formato banda de tipo instrumental que se enmarca en un estilo muy singular y con gran afinidad hacia el jazz fusi\u00f3n.<br><br>Diez canciones dedicadas a diferentes lugares de Chile son\u00a0interpretadas por una agrupaci\u00f3n denominada con el mismo nombre que lleva el \u00e1lbum: &#8220;Acero Jazz&#8221;. En la formaci\u00f3n, liderada por el destacado guitarrista, compositor\u00a0y productor\u00a0Alejandro Gaete, podemos encontrar a connotados profesionales de la m\u00fasica:\u00a0<strong>Marcelo Giolito<\/strong>\u00a0(baterista que\u00a0cuenta con una gran trayectoria art\u00edstica con\u00a0una reconocida presencia en todos los escenarios del pa\u00eds),<strong>\u00a0Hern\u00e1n Jara<\/strong>\u00a0(flautista\u00a0integrante de la Orquesta Sinf\u00f3nica de Chile, que ha dado\u00a0conciertos, tanto en Chile como en el extranjero),\u00a0<strong>Camilo Atria<\/strong>, (joven bajista y productor musical, que se desempe\u00f1a en diferentes orquestas y bandas),\u00a0<strong>Felipe Gonz\u00e1lez<\/strong>\u00a0(pianista, compositor y arreglador musical) y\u00a0<strong>Manuel Torres<\/strong>\u00a0(gran percusionista y profesor de m\u00fasica).<br><br>El primer single de Acero Jazz se titula\u00a0<strong>&#8220;Canci\u00f3n Pa&#8217;l Maipo&#8221;\u00a0<\/strong>y est\u00e1 inspirado en los maravillosos lugares que existen en el\u00a0<strong>Caj\u00f3n del Maipo<\/strong>.\u00a0<em>&#8220;He tenido durante mi vida la posibilidad de estar en ese lugar much\u00edsimas veces, incluso viv\u00ed m\u00e1s de tres a\u00f1os en Pirque, por esta raz\u00f3n sent\u00eda una gran atracci\u00f3n por sus maravillosos paisajes que inspiran esta composici\u00f3n musical&#8221;<\/em>,\u00a0cuenta Alejandro Gaete.<br><br>Este lanzamiento cuenta adem\u00e1s con un video producido por el cineasta\u00a0<strong>Rodrigo N\u00fa\u00f1ez<\/strong>,\u00a0donde se muestra la calidad interpretativa de los m\u00fasicos que integran el proyecto. Sobre la realizaci\u00f3n, Gaete explica que\u00a0<em>&#8220;esta producci\u00f3n audiovisual fue hecha en pandemia, por lo tanto fue imposible juntarnos todos para poder grabar los diferentes planos indispensables que dar\u00edan forma al video. Esto hizo necesario hacer muchas tomas por separado para lograr los objetivos&#8221;.<\/em><br><br>Desde hoy puedes descubrir\u00a0&#8220;Acero Jazz&#8221; en Spotify, Deezer, entre otras\u00a0plataformas de streaming, mientras que el video &#8220;Canci\u00f3n Pa&#8217;l Maipo&#8221; ya est\u00e1 disponible en YouTube.<\/p>\n\n\n\n<iframe loading=\"lazy\" width=\"560\" height=\"315\" src=\"https:\/\/www.youtube.com\/embed\/ag0m4w4Q8Wg\" title=\"YouTube video player\" frameborder=\"0\" allow=\"accelerometer; autoplay; clipboard-write; encrypted-media; gyroscope; picture-in-picture\" allowfullscreen><\/iframe>\n","protected":false},"excerpt":{"rendered":"<div class=\"pvc_clear\"><\/div>\n<p id=\"pvc_stats_22385\" class=\"pvc_stats total_only  \" data-element-id=\"22385\" style=\"\"><i class=\"pvc-stats-icon large\" aria-hidden=\"true\"><svg aria-hidden=\"true\" focusable=\"false\" data-prefix=\"far\" data-icon=\"chart-bar\" role=\"img\" xmlns=\"http:\/\/www.w3.org\/2000\/svg\" viewBox=\"0 0 512 512\" class=\"svg-inline--fa fa-chart-bar fa-w-16 fa-2x\"><path fill=\"currentColor\" d=\"M396.8 352h22.4c6.4 0 12.8-6.4 12.8-12.8V108.8c0-6.4-6.4-12.8-12.8-12.8h-22.4c-6.4 0-12.8 6.4-12.8 12.8v230.4c0 6.4 6.4 12.8 12.8 12.8zm-192 0h22.4c6.4 0 12.8-6.4 12.8-12.8V140.8c0-6.4-6.4-12.8-12.8-12.8h-22.4c-6.4 0-12.8 6.4-12.8 12.8v198.4c0 6.4 6.4 12.8 12.8 12.8zm96 0h22.4c6.4 0 12.8-6.4 12.8-12.8V204.8c0-6.4-6.4-12.8-12.8-12.8h-22.4c-6.4 0-12.8 6.4-12.8 12.8v134.4c0 6.4 6.4 12.8 12.8 12.8zM496 400H48V80c0-8.84-7.16-16-16-16H16C7.16 64 0 71.16 0 80v336c0 17.67 14.33 32 32 32h464c8.84 0 16-7.16 16-16v-16c0-8.84-7.16-16-16-16zm-387.2-48h22.4c6.4 0 12.8-6.4 12.8-12.8v-70.4c0-6.4-6.4-12.8-12.8-12.8h-22.4c-6.4 0-12.8 6.4-12.8 12.8v70.4c0 6.4 6.4 12.8 12.8 12.8z\" class=\"\"><\/path><\/svg><\/i> <img loading=\"lazy\" decoding=\"async\" width=\"16\" height=\"16\" alt=\"Loading\" src=\"https:\/\/temucotelevision.cl\/web\/wp-content\/plugins\/page-views-count\/ajax-loader-2x.gif\" border=0 \/><\/p>\n<div class=\"pvc_clear\"><\/div>\n<p>Seis m\u00fasicos de amplia trayectoria se re\u00fanen para registrar este disco inspirado en diferentes lugares de Chile. Despu\u00e9s de una<\/p>\n","protected":false},"author":1,"featured_media":22386,"comment_status":"open","ping_status":"open","sticky":false,"template":"","format":"standard","meta":{"colormag_page_container_layout":"default_layout","colormag_page_sidebar_layout":"default_layout","footnotes":""},"categories":[369],"tags":[377,222],"class_list":["post-22385","post","type-post","status-publish","format-standard","has-post-thumbnail","hentry","category-musica","tag-agrupacion","tag-jazz"],"a3_pvc":{"activated":true,"total_views":12,"today_views":0},"_links":{"self":[{"href":"https:\/\/temucotelevision.cl\/web\/wp-json\/wp\/v2\/posts\/22385","targetHints":{"allow":["GET"]}}],"collection":[{"href":"https:\/\/temucotelevision.cl\/web\/wp-json\/wp\/v2\/posts"}],"about":[{"href":"https:\/\/temucotelevision.cl\/web\/wp-json\/wp\/v2\/types\/post"}],"author":[{"embeddable":true,"href":"https:\/\/temucotelevision.cl\/web\/wp-json\/wp\/v2\/users\/1"}],"replies":[{"embeddable":true,"href":"https:\/\/temucotelevision.cl\/web\/wp-json\/wp\/v2\/comments?post=22385"}],"version-history":[{"count":1,"href":"https:\/\/temucotelevision.cl\/web\/wp-json\/wp\/v2\/posts\/22385\/revisions"}],"predecessor-version":[{"id":22387,"href":"https:\/\/temucotelevision.cl\/web\/wp-json\/wp\/v2\/posts\/22385\/revisions\/22387"}],"wp:featuredmedia":[{"embeddable":true,"href":"https:\/\/temucotelevision.cl\/web\/wp-json\/wp\/v2\/media\/22386"}],"wp:attachment":[{"href":"https:\/\/temucotelevision.cl\/web\/wp-json\/wp\/v2\/media?parent=22385"}],"wp:term":[{"taxonomy":"category","embeddable":true,"href":"https:\/\/temucotelevision.cl\/web\/wp-json\/wp\/v2\/categories?post=22385"},{"taxonomy":"post_tag","embeddable":true,"href":"https:\/\/temucotelevision.cl\/web\/wp-json\/wp\/v2\/tags?post=22385"}],"curies":[{"name":"wp","href":"https:\/\/api.w.org\/{rel}","templated":true}]}}