{"id":22381,"date":"2021-06-10T17:32:42","date_gmt":"2021-06-10T20:32:42","guid":{"rendered":"https:\/\/temucotelevision.cl\/web\/?p=22381"},"modified":"2021-06-10T17:32:48","modified_gmt":"2021-06-10T20:32:48","slug":"traiguen-avanzara-a-transicion-paso-2-desde-este-lunes-14-de-junio","status":"publish","type":"post","link":"https:\/\/temucotelevision.cl\/web\/2021\/06\/10\/traiguen-avanzara-a-transicion-paso-2-desde-este-lunes-14-de-junio\/","title":{"rendered":"Traigu\u00e9n avanzar\u00e1 a Transici\u00f3n (Paso 2) desde este lunes 14 de junio"},"content":{"rendered":"<div class=\"pvc_clear\"><\/div><p id=\"pvc_stats_22381\" class=\"pvc_stats total_only  \" data-element-id=\"22381\" style=\"\"><i class=\"pvc-stats-icon large\" aria-hidden=\"true\"><svg aria-hidden=\"true\" focusable=\"false\" data-prefix=\"far\" data-icon=\"chart-bar\" role=\"img\" xmlns=\"http:\/\/www.w3.org\/2000\/svg\" viewBox=\"0 0 512 512\" class=\"svg-inline--fa fa-chart-bar fa-w-16 fa-2x\"><path fill=\"currentColor\" d=\"M396.8 352h22.4c6.4 0 12.8-6.4 12.8-12.8V108.8c0-6.4-6.4-12.8-12.8-12.8h-22.4c-6.4 0-12.8 6.4-12.8 12.8v230.4c0 6.4 6.4 12.8 12.8 12.8zm-192 0h22.4c6.4 0 12.8-6.4 12.8-12.8V140.8c0-6.4-6.4-12.8-12.8-12.8h-22.4c-6.4 0-12.8 6.4-12.8 12.8v198.4c0 6.4 6.4 12.8 12.8 12.8zm96 0h22.4c6.4 0 12.8-6.4 12.8-12.8V204.8c0-6.4-6.4-12.8-12.8-12.8h-22.4c-6.4 0-12.8 6.4-12.8 12.8v134.4c0 6.4 6.4 12.8 12.8 12.8zM496 400H48V80c0-8.84-7.16-16-16-16H16C7.16 64 0 71.16 0 80v336c0 17.67 14.33 32 32 32h464c8.84 0 16-7.16 16-16v-16c0-8.84-7.16-16-16-16zm-387.2-48h22.4c6.4 0 12.8-6.4 12.8-12.8v-70.4c0-6.4-6.4-12.8-12.8-12.8h-22.4c-6.4 0-12.8 6.4-12.8 12.8v70.4c0 6.4 6.4 12.8 12.8 12.8z\" class=\"\"><\/path><\/svg><\/i> <img loading=\"lazy\" decoding=\"async\" width=\"16\" height=\"16\" alt=\"Loading\" src=\"https:\/\/temucotelevision.cl\/web\/wp-content\/plugins\/page-views-count\/ajax-loader-2x.gif\" border=0 \/><\/p><div class=\"pvc_clear\"><\/div>\n<p> As\u00ed lo inform\u00f3 el Ministerio de Salud este jueves durante el punto de prensa nacional.\u00a0<\/p>\n\n\n\n<p>De esta forma, la Regi\u00f3n mantiene 6 comunas en Cuarentena y 26 en Transici\u00f3n. Es importante recordar que las comunas que se encuentran en Paso 2, tienen libre movilidad dentro de la comuna de lunes a viernes, sin embargo, los fines de semana deber\u00e1n permanecer en cuarentena, la medida m\u00e1s estricta del Plan Paso a Paso.&nbsp;<\/p>\n\n\n\n<p>En este sentido, el intendente V\u00edctor Manoli, se\u00f1al\u00f3 que reiteran el llamado a la responsabilidad y el autocuidado. \u201cTraigu\u00e9n avanza de Cuarentena a Transici\u00f3n, lo que no significa relajarse, muy por el contrario, se deben extremar los cuidados para seguir avanzando y evitar retroceder. Por lo mismo, seguir\u00e1n los controles y fiscalizaciones de forma muy estricta, pero adem\u00e1s continuaremos con la estrategia de testeo para poder aislar de forma oportuna a los casos positivos a covid-19\u201d.<\/p>\n\n\n\n<p>Por su parte, la Seremi de Salud, Gloria Rodr\u00edguez, dijo que \u201cTraigu\u00e9n ha logrado disminuir sus cifras luego de semanas muy complicadas con indicadores que no eran favorables y que manten\u00eda a la comuna en la etapa m\u00e1s restrictiva del plan paso a paso. Desde el d\u00eda lunes les solicitamos a cada uno de los habitantes la utilizaci\u00f3n permanente de las medidas de autocuidado, salir de la casa solo si es estrictamente necesario y acudir a los puntos de vacunaci\u00f3n habilitados para iniciar y completar el esquema de vacunaci\u00f3n, ya que con una dosis tenemos al 82% de la poblaci\u00f3n objetivo y solo el 65% con el esquema completo, por lo tanto, hoy queremos reforzar el llamado a los rezagados de segundas dosis en dicha comuna.&#8221;&nbsp;<\/p>\n\n\n\n<p>En cuanto a las cifras regionales, este jueves la Seremi de Salud inform\u00f3 323 nuevos casos positivos a covid-19 en las \u00faltimas 24 horas, sumando un total de 2.143 casos activos.<\/p>\n\n\n\n<p>En cuanto a las personas hospitalizadas, un total de 367 se encuentran internadas. De esta cifra, 146 en Unidades de Paciente Cr\u00edtico (UTI 39 \u2013 UCI 107) y 93 conectados a ventilador mec\u00e1nico de los cuales 79 se encuentran en establecimientos de la red p\u00fablica y 14 en cl\u00ednicas privadas.<\/p>\n\n\n\n<p>Finalmente, se inform\u00f3 10 nuevos fallecidos, alcanzando las 1.123 personas que han perdido la vida en la regi\u00f3n producto de la pandemia.<\/p>\n","protected":false},"excerpt":{"rendered":"<div class=\"pvc_clear\"><\/div>\n<p id=\"pvc_stats_22381\" class=\"pvc_stats total_only  \" data-element-id=\"22381\" style=\"\"><i class=\"pvc-stats-icon large\" aria-hidden=\"true\"><svg aria-hidden=\"true\" focusable=\"false\" data-prefix=\"far\" data-icon=\"chart-bar\" role=\"img\" xmlns=\"http:\/\/www.w3.org\/2000\/svg\" viewBox=\"0 0 512 512\" class=\"svg-inline--fa fa-chart-bar fa-w-16 fa-2x\"><path fill=\"currentColor\" d=\"M396.8 352h22.4c6.4 0 12.8-6.4 12.8-12.8V108.8c0-6.4-6.4-12.8-12.8-12.8h-22.4c-6.4 0-12.8 6.4-12.8 12.8v230.4c0 6.4 6.4 12.8 12.8 12.8zm-192 0h22.4c6.4 0 12.8-6.4 12.8-12.8V140.8c0-6.4-6.4-12.8-12.8-12.8h-22.4c-6.4 0-12.8 6.4-12.8 12.8v198.4c0 6.4 6.4 12.8 12.8 12.8zm96 0h22.4c6.4 0 12.8-6.4 12.8-12.8V204.8c0-6.4-6.4-12.8-12.8-12.8h-22.4c-6.4 0-12.8 6.4-12.8 12.8v134.4c0 6.4 6.4 12.8 12.8 12.8zM496 400H48V80c0-8.84-7.16-16-16-16H16C7.16 64 0 71.16 0 80v336c0 17.67 14.33 32 32 32h464c8.84 0 16-7.16 16-16v-16c0-8.84-7.16-16-16-16zm-387.2-48h22.4c6.4 0 12.8-6.4 12.8-12.8v-70.4c0-6.4-6.4-12.8-12.8-12.8h-22.4c-6.4 0-12.8 6.4-12.8 12.8v70.4c0 6.4 6.4 12.8 12.8 12.8z\" class=\"\"><\/path><\/svg><\/i> <img loading=\"lazy\" decoding=\"async\" width=\"16\" height=\"16\" alt=\"Loading\" src=\"https:\/\/temucotelevision.cl\/web\/wp-content\/plugins\/page-views-count\/ajax-loader-2x.gif\" border=0 \/><\/p>\n<div class=\"pvc_clear\"><\/div>\n<p>As\u00ed lo inform\u00f3 el Ministerio de Salud este jueves durante el punto de prensa nacional.\u00a0 De esta forma, la Regi\u00f3n<\/p>\n","protected":false},"author":1,"featured_media":19238,"comment_status":"open","ping_status":"open","sticky":false,"template":"","format":"standard","meta":{"colormag_page_container_layout":"default_layout","colormag_page_sidebar_layout":"default_layout","footnotes":""},"categories":[15],"tags":[146,3893,362,3122],"class_list":["post-22381","post","type-post","status-publish","format-standard","has-post-thumbnail","hentry","category-la-araucania","tag-comuna","tag-paso2","tag-traiguen","tag-transicion"],"a3_pvc":{"activated":true,"total_views":115,"today_views":0},"_links":{"self":[{"href":"https:\/\/temucotelevision.cl\/web\/wp-json\/wp\/v2\/posts\/22381","targetHints":{"allow":["GET"]}}],"collection":[{"href":"https:\/\/temucotelevision.cl\/web\/wp-json\/wp\/v2\/posts"}],"about":[{"href":"https:\/\/temucotelevision.cl\/web\/wp-json\/wp\/v2\/types\/post"}],"author":[{"embeddable":true,"href":"https:\/\/temucotelevision.cl\/web\/wp-json\/wp\/v2\/users\/1"}],"replies":[{"embeddable":true,"href":"https:\/\/temucotelevision.cl\/web\/wp-json\/wp\/v2\/comments?post=22381"}],"version-history":[{"count":1,"href":"https:\/\/temucotelevision.cl\/web\/wp-json\/wp\/v2\/posts\/22381\/revisions"}],"predecessor-version":[{"id":22382,"href":"https:\/\/temucotelevision.cl\/web\/wp-json\/wp\/v2\/posts\/22381\/revisions\/22382"}],"wp:featuredmedia":[{"embeddable":true,"href":"https:\/\/temucotelevision.cl\/web\/wp-json\/wp\/v2\/media\/19238"}],"wp:attachment":[{"href":"https:\/\/temucotelevision.cl\/web\/wp-json\/wp\/v2\/media?parent=22381"}],"wp:term":[{"taxonomy":"category","embeddable":true,"href":"https:\/\/temucotelevision.cl\/web\/wp-json\/wp\/v2\/categories?post=22381"},{"taxonomy":"post_tag","embeddable":true,"href":"https:\/\/temucotelevision.cl\/web\/wp-json\/wp\/v2\/tags?post=22381"}],"curies":[{"name":"wp","href":"https:\/\/api.w.org\/{rel}","templated":true}]}}