{"id":22378,"date":"2021-06-10T17:07:23","date_gmt":"2021-06-10T20:07:23","guid":{"rendered":"https:\/\/temucotelevision.cl\/web\/?p=22378"},"modified":"2021-06-10T17:07:25","modified_gmt":"2021-06-10T20:07:25","slug":"defensores-publicos-desarrollan-operativo-juridico-con-mujeres-privadas-de-libertad","status":"publish","type":"post","link":"https:\/\/temucotelevision.cl\/web\/2021\/06\/10\/defensores-publicos-desarrollan-operativo-juridico-con-mujeres-privadas-de-libertad\/","title":{"rendered":"Defensores p\u00fablicos desarrollan operativo jur\u00eddico con mujeres privadas de libertad"},"content":{"rendered":"<div class=\"pvc_clear\"><\/div><p id=\"pvc_stats_22378\" class=\"pvc_stats total_only  \" data-element-id=\"22378\" style=\"\"><i class=\"pvc-stats-icon large\" aria-hidden=\"true\"><svg aria-hidden=\"true\" focusable=\"false\" data-prefix=\"far\" data-icon=\"chart-bar\" role=\"img\" xmlns=\"http:\/\/www.w3.org\/2000\/svg\" viewBox=\"0 0 512 512\" class=\"svg-inline--fa fa-chart-bar fa-w-16 fa-2x\"><path fill=\"currentColor\" d=\"M396.8 352h22.4c6.4 0 12.8-6.4 12.8-12.8V108.8c0-6.4-6.4-12.8-12.8-12.8h-22.4c-6.4 0-12.8 6.4-12.8 12.8v230.4c0 6.4 6.4 12.8 12.8 12.8zm-192 0h22.4c6.4 0 12.8-6.4 12.8-12.8V140.8c0-6.4-6.4-12.8-12.8-12.8h-22.4c-6.4 0-12.8 6.4-12.8 12.8v198.4c0 6.4 6.4 12.8 12.8 12.8zm96 0h22.4c6.4 0 12.8-6.4 12.8-12.8V204.8c0-6.4-6.4-12.8-12.8-12.8h-22.4c-6.4 0-12.8 6.4-12.8 12.8v134.4c0 6.4 6.4 12.8 12.8 12.8zM496 400H48V80c0-8.84-7.16-16-16-16H16C7.16 64 0 71.16 0 80v336c0 17.67 14.33 32 32 32h464c8.84 0 16-7.16 16-16v-16c0-8.84-7.16-16-16-16zm-387.2-48h22.4c6.4 0 12.8-6.4 12.8-12.8v-70.4c0-6.4-6.4-12.8-12.8-12.8h-22.4c-6.4 0-12.8 6.4-12.8 12.8v70.4c0 6.4 6.4 12.8 12.8 12.8z\" class=\"\"><\/path><\/svg><\/i> <img loading=\"lazy\" decoding=\"async\" width=\"16\" height=\"16\" alt=\"Loading\" src=\"https:\/\/temucotelevision.cl\/web\/wp-content\/plugins\/page-views-count\/ajax-loader-2x.gif\" border=0 \/><\/p><div class=\"pvc_clear\"><\/div>\n<p><em>Actividad se desarroll\u00f3 en Centro Penitenciario Femenino (CPF) de Temuco\u00a0<\/em><\/p>\n\n\n\n<p><em>El abordaje de la situaci\u00f3n penal femenina en tiempos de pandemia ha marcado la gesti\u00f3n 2021 de la Defensor\u00eda Regional de La Araucan\u00eda, que a trav\u00e9s de una serie de operativos busca garantizar los derechos de aquellas mujeres internas en centros penales de la regi\u00f3n.&nbsp;<\/em><\/p>\n\n\n\n<p>Un exitoso operativo jur\u00eddico destinado a mujeres privadas de libertad desarroll\u00f3 la semana reci\u00e9n pasada la Defensor\u00eda Regional de La Araucan\u00eda. La actividad, que se llev\u00f3 a cabo en el Centro Penitenciario Femenino (CPF) de Temuco, permiti\u00f3 que m\u00e1s de una veintena de internas pudieran revisar el estado de sus causas penales adem\u00e1s solicitar algunas gestiones en torno a ellas.&nbsp;<\/p>\n\n\n\n<p>\u201cEl viernes concurrimos a entrevistar a las mujeres que est\u00e1n privadas de libertad, tanto imputadas como condenadas, en el CPF de Temuco (\u2026) Creemos que fue un operativo bastante exitoso. Pudimos conversar con nuestras representadas y las personas que as\u00ed lo solicitaron, para ver la situaci\u00f3n en que se encuentran sus causas, poder coordinar de con sus defensoras y defensores e intermediar consultas gen\u00e9ricas, que no solo responden a temas penales\u201d, se\u00f1al\u00f3 el Defensor Regional, Renato Gonz\u00e1lez.<\/p>\n\n\n\n<p>El operativo, encabezado por el Defensor Regional, el jefe de la Unidad de Estudio, Marcelo Pizarro y la defensora penitenciaria Catalina Salvo, responde a una serie de acciones que viene desarrollando la Defensor\u00eda Regional en torno a la defensa penal de mujeres en contexto de pandemia, y que han&nbsp;&nbsp;centrado los esfuerzos en activar el trabajo con otras instituciones para acercar prestaciones y garantizar los derechos de las mujeres que se encuentran en los distintos recintos penales de La Araucan\u00eda.<\/p>\n\n\n\n<p>\u201cQuisimos de alguna forma potencia este a\u00f1o la defensa de mujeres y en particular de quienes son m\u00e1s vulnerables que son las mujeres privadas de libertad, ya que su situaci\u00f3n sin duda es especial, much\u00edsimo m\u00e1s compleja (\u2026) Hace ya un tiempo atr\u00e1s concurrimos a un operativo de salud y tambi\u00e9n jur\u00eddico a la c\u00e1rcel de Angol, en atenci\u00f3n de mujeres imputadas y condenadas. Ahora hicimos los mismos en la c\u00e1rcel de Temuco y prontamente, antes que finalice el semestre, lo vamos a realizar en la c\u00e1rcel de Villarrica y de Victoria, donde tambi\u00e9n hay mujeres privadas de libertad\u201d, dijo el defensor.&nbsp;<\/p>\n\n\n\n<p>PRIVADAS DE LIBERTAD<\/p>\n\n\n\n<p>Seg\u00fan antecedentes de la Defensor\u00eda Regional, al mes de mayo de este a\u00f1o, 44 mujeres se encuentran cumpliendo condena en los recintos penales de La Araucan\u00eda, mientras otras 15 est\u00e1n imputadas de alg\u00fan delito. Cabe se\u00f1alar que, del total de mujeres privadas de libertad en la regi\u00f3n, el 45% se encuentra en el CPF de Temuco.<\/p>\n\n\n\n<p>\u201cSiempre la privaci\u00f3n de libertad es dif\u00edcil para cualquier persona, pero cuando es mujer entendemos nosotros que hay una vulneraci\u00f3n de derechos much\u00edsimo mayor. Siempre consideramos que la prisi\u00f3n preventiva deber\u00eda ser la \u00faltima alternativa a medidas cautelares y queremos reforzar aquello (\u2026)&nbsp;&nbsp;ver qu\u00e9 podemos hacer con las mujeres que est\u00e1n en prisi\u00f3n preventiva, de qu\u00e9 manera podemos colaborar desde la Defensor\u00eda Regional. Ese fortalecimiento de la defensa de las mujeres queremos representarlo a trav\u00e9s de la visita a todas las c\u00e1rceles de la regi\u00f3n donde hay mujeres privadas de libertad\u201d cerr\u00f3 Gonz\u00e1lez.<\/p>\n","protected":false},"excerpt":{"rendered":"<div class=\"pvc_clear\"><\/div>\n<p id=\"pvc_stats_22378\" class=\"pvc_stats total_only  \" data-element-id=\"22378\" style=\"\"><i class=\"pvc-stats-icon large\" aria-hidden=\"true\"><svg aria-hidden=\"true\" focusable=\"false\" data-prefix=\"far\" data-icon=\"chart-bar\" role=\"img\" xmlns=\"http:\/\/www.w3.org\/2000\/svg\" viewBox=\"0 0 512 512\" class=\"svg-inline--fa fa-chart-bar fa-w-16 fa-2x\"><path fill=\"currentColor\" d=\"M396.8 352h22.4c6.4 0 12.8-6.4 12.8-12.8V108.8c0-6.4-6.4-12.8-12.8-12.8h-22.4c-6.4 0-12.8 6.4-12.8 12.8v230.4c0 6.4 6.4 12.8 12.8 12.8zm-192 0h22.4c6.4 0 12.8-6.4 12.8-12.8V140.8c0-6.4-6.4-12.8-12.8-12.8h-22.4c-6.4 0-12.8 6.4-12.8 12.8v198.4c0 6.4 6.4 12.8 12.8 12.8zm96 0h22.4c6.4 0 12.8-6.4 12.8-12.8V204.8c0-6.4-6.4-12.8-12.8-12.8h-22.4c-6.4 0-12.8 6.4-12.8 12.8v134.4c0 6.4 6.4 12.8 12.8 12.8zM496 400H48V80c0-8.84-7.16-16-16-16H16C7.16 64 0 71.16 0 80v336c0 17.67 14.33 32 32 32h464c8.84 0 16-7.16 16-16v-16c0-8.84-7.16-16-16-16zm-387.2-48h22.4c6.4 0 12.8-6.4 12.8-12.8v-70.4c0-6.4-6.4-12.8-12.8-12.8h-22.4c-6.4 0-12.8 6.4-12.8 12.8v70.4c0 6.4 6.4 12.8 12.8 12.8z\" class=\"\"><\/path><\/svg><\/i> <img loading=\"lazy\" decoding=\"async\" width=\"16\" height=\"16\" alt=\"Loading\" src=\"https:\/\/temucotelevision.cl\/web\/wp-content\/plugins\/page-views-count\/ajax-loader-2x.gif\" border=0 \/><\/p>\n<div class=\"pvc_clear\"><\/div>\n<p>Actividad se desarroll\u00f3 en Centro Penitenciario Femenino (CPF) de Temuco\u00a0 El abordaje de la situaci\u00f3n penal femenina en tiempos de<\/p>\n","protected":false},"author":1,"featured_media":22379,"comment_status":"open","ping_status":"open","sticky":false,"template":"","format":"standard","meta":{"colormag_page_container_layout":"default_layout","colormag_page_sidebar_layout":"default_layout","footnotes":""},"categories":[14],"tags":[220,133],"class_list":["post-22378","post","type-post","status-publish","format-standard","has-post-thumbnail","hentry","category-temuco","tag-libertad","tag-operativo"],"a3_pvc":{"activated":true,"total_views":21,"today_views":0},"_links":{"self":[{"href":"https:\/\/temucotelevision.cl\/web\/wp-json\/wp\/v2\/posts\/22378","targetHints":{"allow":["GET"]}}],"collection":[{"href":"https:\/\/temucotelevision.cl\/web\/wp-json\/wp\/v2\/posts"}],"about":[{"href":"https:\/\/temucotelevision.cl\/web\/wp-json\/wp\/v2\/types\/post"}],"author":[{"embeddable":true,"href":"https:\/\/temucotelevision.cl\/web\/wp-json\/wp\/v2\/users\/1"}],"replies":[{"embeddable":true,"href":"https:\/\/temucotelevision.cl\/web\/wp-json\/wp\/v2\/comments?post=22378"}],"version-history":[{"count":1,"href":"https:\/\/temucotelevision.cl\/web\/wp-json\/wp\/v2\/posts\/22378\/revisions"}],"predecessor-version":[{"id":22380,"href":"https:\/\/temucotelevision.cl\/web\/wp-json\/wp\/v2\/posts\/22378\/revisions\/22380"}],"wp:featuredmedia":[{"embeddable":true,"href":"https:\/\/temucotelevision.cl\/web\/wp-json\/wp\/v2\/media\/22379"}],"wp:attachment":[{"href":"https:\/\/temucotelevision.cl\/web\/wp-json\/wp\/v2\/media?parent=22378"}],"wp:term":[{"taxonomy":"category","embeddable":true,"href":"https:\/\/temucotelevision.cl\/web\/wp-json\/wp\/v2\/categories?post=22378"},{"taxonomy":"post_tag","embeddable":true,"href":"https:\/\/temucotelevision.cl\/web\/wp-json\/wp\/v2\/tags?post=22378"}],"curies":[{"name":"wp","href":"https:\/\/api.w.org\/{rel}","templated":true}]}}