{"id":22375,"date":"2021-06-10T16:59:27","date_gmt":"2021-06-10T19:59:27","guid":{"rendered":"https:\/\/temucotelevision.cl\/web\/?p=22375"},"modified":"2021-06-10T16:59:29","modified_gmt":"2021-06-10T19:59:29","slug":"constituyente-ruth-hurtado-y-declaraciones-de-voceria-de-los-pueblos-se-autoproclaman-y-quitan-toda-legitimidad-a-la-nueva-constitucion","status":"publish","type":"post","link":"https:\/\/temucotelevision.cl\/web\/2021\/06\/10\/constituyente-ruth-hurtado-y-declaraciones-de-voceria-de-los-pueblos-se-autoproclaman-y-quitan-toda-legitimidad-a-la-nueva-constitucion\/","title":{"rendered":"Constituyente Ruth Hurtado y declaraciones de \u201cvocer\u00eda de los pueblos\u201d: \u201cSe autoproclaman y quitan toda legitimidad a la Nueva Constituci\u00f3n\u201d"},"content":{"rendered":"<div class=\"pvc_clear\"><\/div><p id=\"pvc_stats_22375\" class=\"pvc_stats total_only  \" data-element-id=\"22375\" style=\"\"><i class=\"pvc-stats-icon large\" aria-hidden=\"true\"><svg aria-hidden=\"true\" focusable=\"false\" data-prefix=\"far\" data-icon=\"chart-bar\" role=\"img\" xmlns=\"http:\/\/www.w3.org\/2000\/svg\" viewBox=\"0 0 512 512\" class=\"svg-inline--fa fa-chart-bar fa-w-16 fa-2x\"><path fill=\"currentColor\" d=\"M396.8 352h22.4c6.4 0 12.8-6.4 12.8-12.8V108.8c0-6.4-6.4-12.8-12.8-12.8h-22.4c-6.4 0-12.8 6.4-12.8 12.8v230.4c0 6.4 6.4 12.8 12.8 12.8zm-192 0h22.4c6.4 0 12.8-6.4 12.8-12.8V140.8c0-6.4-6.4-12.8-12.8-12.8h-22.4c-6.4 0-12.8 6.4-12.8 12.8v198.4c0 6.4 6.4 12.8 12.8 12.8zm96 0h22.4c6.4 0 12.8-6.4 12.8-12.8V204.8c0-6.4-6.4-12.8-12.8-12.8h-22.4c-6.4 0-12.8 6.4-12.8 12.8v134.4c0 6.4 6.4 12.8 12.8 12.8zM496 400H48V80c0-8.84-7.16-16-16-16H16C7.16 64 0 71.16 0 80v336c0 17.67 14.33 32 32 32h464c8.84 0 16-7.16 16-16v-16c0-8.84-7.16-16-16-16zm-387.2-48h22.4c6.4 0 12.8-6.4 12.8-12.8v-70.4c0-6.4-6.4-12.8-12.8-12.8h-22.4c-6.4 0-12.8 6.4-12.8 12.8v70.4c0 6.4 6.4 12.8 12.8 12.8z\" class=\"\"><\/path><\/svg><\/i> <img loading=\"lazy\" decoding=\"async\" width=\"16\" height=\"16\" alt=\"Loading\" src=\"https:\/\/temucotelevision.cl\/web\/wp-content\/plugins\/page-views-count\/ajax-loader-2x.gif\" border=0 \/><\/p><div class=\"pvc_clear\"><\/div>\n<p>&nbsp;&nbsp;&nbsp;&nbsp;&nbsp;&nbsp;&nbsp;&nbsp;&nbsp;&nbsp;&nbsp;&nbsp;A trav\u00e9s de videoconferencia, en las \u00faltimas horas, 34 de los 155 convencionales constituyentes electos, y autodenominados como \u201cla vocer\u00eda del pueblo\u201d, anunciaron 6 medidas que fueron catalogadas como antidemocr\u00e1ticas por sus pares.&nbsp;<\/p>\n\n\n\n<p>Una de las medidas que ocasion\u00f3 mayor rechazo fue la libertad exigida en relaci\u00f3n al \u201cfin a la prisi\u00f3n pol\u00edtica en Chile, liberando todas las y los presos de la revuelta y mapuche\u201d. Se trata de una propuesta que busca evadir sentencias de la justicia a personas que han sido condenadas y quienes se encuentan internadas en distintos centros penitenciarios, como autores de delitos perpetrados durante distintas manifestaciones registradas desde octubre de 2019 y que son catalogados como un peligro para la sociedad.&nbsp;<\/p>\n\n\n\n<p>Al respecto, la Constituyente y representante por La Araucania, Ruth Hurtado, cuestion\u00f3 que la autoproclamada \u201cvocer\u00eda del pueblo\u201d amenace \u201cque no van a respetar ninguna de las reglas que dieron inicio a este proceso\u201d.<\/p>\n\n\n\n<p>La dirigente y convencional electa lament\u00f3 que \u201cquienes quieran escribir algo de tanta responsabilidad y tan gran magnitud para un pa\u00eds como es la Constituci\u00f3n no quieran respetar las reglas\u201d pues, sostuvo, \u201cellos no son un poder originario y soberano. Todos nosotros tenemos un poder derivado, una facultad que nos dieron quienes votaron por nosotros para iniciar el proceso de redacci\u00f3n de una nueva carta Magna\u201d<\/p>\n\n\n\n<p>Adem\u00e1s de la propuesta de excarcelaci\u00f3n de los imputados por delitos, los representantes de \u201cla vocer\u00eda del pueblo\u201d indicaron que \u201cla prisi\u00f3n pol\u00edtica, la represi\u00f3n y la impunidad condicionan hoy la participaci\u00f3n de los pueblos, que son los llamados a ser los protagonistas del proceso constituyente\u201d, lo que condicionar\u00eda la participaci\u00f3n de los pueblos originarios en la redacci\u00f3n de la nueva constituci\u00f3n, rompiendo lo acordado, respecto de su participaci\u00f3n en el proceso convencional.<\/p>\n\n\n\n<p>Frente a esta amenaza, Ruth Hurtado record\u00f3, antes de postular a la Convenci\u00f3n Constituyente todos los candidatos conoc\u00edan sus facultades y normas establecidas, pues \u201clas reglas fueron claras y se hacen para cumplirlas\u201d. Por ello, enfatiz\u00f3 que \u201cno podemos desconocer el mandato que tenemos, que es redactar esta propuesta de Nueva Constituci\u00f3n\u201d, para que sea sometida a votaci\u00f3n ciudadana. Por lo que condicionar o amenazar la participaci\u00f3n es \u201cquitar todo tipo de legitimidad a este proceso , de paso, legitimidad a todos quienes fuimos electos\u201d.<\/p>\n","protected":false},"excerpt":{"rendered":"<div class=\"pvc_clear\"><\/div>\n<p id=\"pvc_stats_22375\" class=\"pvc_stats total_only  \" data-element-id=\"22375\" style=\"\"><i class=\"pvc-stats-icon large\" aria-hidden=\"true\"><svg aria-hidden=\"true\" focusable=\"false\" data-prefix=\"far\" data-icon=\"chart-bar\" role=\"img\" xmlns=\"http:\/\/www.w3.org\/2000\/svg\" viewBox=\"0 0 512 512\" class=\"svg-inline--fa fa-chart-bar fa-w-16 fa-2x\"><path fill=\"currentColor\" d=\"M396.8 352h22.4c6.4 0 12.8-6.4 12.8-12.8V108.8c0-6.4-6.4-12.8-12.8-12.8h-22.4c-6.4 0-12.8 6.4-12.8 12.8v230.4c0 6.4 6.4 12.8 12.8 12.8zm-192 0h22.4c6.4 0 12.8-6.4 12.8-12.8V140.8c0-6.4-6.4-12.8-12.8-12.8h-22.4c-6.4 0-12.8 6.4-12.8 12.8v198.4c0 6.4 6.4 12.8 12.8 12.8zm96 0h22.4c6.4 0 12.8-6.4 12.8-12.8V204.8c0-6.4-6.4-12.8-12.8-12.8h-22.4c-6.4 0-12.8 6.4-12.8 12.8v134.4c0 6.4 6.4 12.8 12.8 12.8zM496 400H48V80c0-8.84-7.16-16-16-16H16C7.16 64 0 71.16 0 80v336c0 17.67 14.33 32 32 32h464c8.84 0 16-7.16 16-16v-16c0-8.84-7.16-16-16-16zm-387.2-48h22.4c6.4 0 12.8-6.4 12.8-12.8v-70.4c0-6.4-6.4-12.8-12.8-12.8h-22.4c-6.4 0-12.8 6.4-12.8 12.8v70.4c0 6.4 6.4 12.8 12.8 12.8z\" class=\"\"><\/path><\/svg><\/i> <img loading=\"lazy\" decoding=\"async\" width=\"16\" height=\"16\" alt=\"Loading\" src=\"https:\/\/temucotelevision.cl\/web\/wp-content\/plugins\/page-views-count\/ajax-loader-2x.gif\" border=0 \/><\/p>\n<div class=\"pvc_clear\"><\/div>\n<p>&nbsp;&nbsp;&nbsp;&nbsp;&nbsp;&nbsp;&nbsp;&nbsp;&nbsp;&nbsp;&nbsp;&nbsp;A trav\u00e9s de videoconferencia, en las \u00faltimas horas, 34 de los 155 convencionales constituyentes electos, y autodenominados como \u201cla vocer\u00eda<\/p>\n","protected":false},"author":1,"featured_media":22376,"comment_status":"open","ping_status":"open","sticky":false,"template":"","format":"standard","meta":{"colormag_page_container_layout":"default_layout","colormag_page_sidebar_layout":"default_layout","footnotes":""},"categories":[84],"tags":[3127,1693,3891],"class_list":["post-22375","post","type-post","status-publish","format-standard","has-post-thumbnail","hentry","category-politica","tag-constituyente","tag-pueblos","tag-voceria"],"a3_pvc":{"activated":true,"total_views":35,"today_views":0},"_links":{"self":[{"href":"https:\/\/temucotelevision.cl\/web\/wp-json\/wp\/v2\/posts\/22375","targetHints":{"allow":["GET"]}}],"collection":[{"href":"https:\/\/temucotelevision.cl\/web\/wp-json\/wp\/v2\/posts"}],"about":[{"href":"https:\/\/temucotelevision.cl\/web\/wp-json\/wp\/v2\/types\/post"}],"author":[{"embeddable":true,"href":"https:\/\/temucotelevision.cl\/web\/wp-json\/wp\/v2\/users\/1"}],"replies":[{"embeddable":true,"href":"https:\/\/temucotelevision.cl\/web\/wp-json\/wp\/v2\/comments?post=22375"}],"version-history":[{"count":1,"href":"https:\/\/temucotelevision.cl\/web\/wp-json\/wp\/v2\/posts\/22375\/revisions"}],"predecessor-version":[{"id":22377,"href":"https:\/\/temucotelevision.cl\/web\/wp-json\/wp\/v2\/posts\/22375\/revisions\/22377"}],"wp:featuredmedia":[{"embeddable":true,"href":"https:\/\/temucotelevision.cl\/web\/wp-json\/wp\/v2\/media\/22376"}],"wp:attachment":[{"href":"https:\/\/temucotelevision.cl\/web\/wp-json\/wp\/v2\/media?parent=22375"}],"wp:term":[{"taxonomy":"category","embeddable":true,"href":"https:\/\/temucotelevision.cl\/web\/wp-json\/wp\/v2\/categories?post=22375"},{"taxonomy":"post_tag","embeddable":true,"href":"https:\/\/temucotelevision.cl\/web\/wp-json\/wp\/v2\/tags?post=22375"}],"curies":[{"name":"wp","href":"https:\/\/api.w.org\/{rel}","templated":true}]}}