{"id":22371,"date":"2021-06-10T15:25:37","date_gmt":"2021-06-10T18:25:37","guid":{"rendered":"https:\/\/temucotelevision.cl\/web\/?p=22371"},"modified":"2021-06-10T15:25:40","modified_gmt":"2021-06-10T18:25:40","slug":"la-produccion-alimentaria-de-la-araucania-y-el-pais-esta-en-peligro","status":"publish","type":"post","link":"https:\/\/temucotelevision.cl\/web\/2021\/06\/10\/la-produccion-alimentaria-de-la-araucania-y-el-pais-esta-en-peligro\/","title":{"rendered":"La producci\u00f3n alimentaria de La Araucan\u00eda y el pa\u00eds est\u00e1 en peligro"},"content":{"rendered":"<div class=\"pvc_clear\"><\/div><p id=\"pvc_stats_22371\" class=\"pvc_stats total_only  \" data-element-id=\"22371\" style=\"\"><i class=\"pvc-stats-icon large\" aria-hidden=\"true\"><svg aria-hidden=\"true\" focusable=\"false\" data-prefix=\"far\" data-icon=\"chart-bar\" role=\"img\" xmlns=\"http:\/\/www.w3.org\/2000\/svg\" viewBox=\"0 0 512 512\" class=\"svg-inline--fa fa-chart-bar fa-w-16 fa-2x\"><path fill=\"currentColor\" d=\"M396.8 352h22.4c6.4 0 12.8-6.4 12.8-12.8V108.8c0-6.4-6.4-12.8-12.8-12.8h-22.4c-6.4 0-12.8 6.4-12.8 12.8v230.4c0 6.4 6.4 12.8 12.8 12.8zm-192 0h22.4c6.4 0 12.8-6.4 12.8-12.8V140.8c0-6.4-6.4-12.8-12.8-12.8h-22.4c-6.4 0-12.8 6.4-12.8 12.8v198.4c0 6.4 6.4 12.8 12.8 12.8zm96 0h22.4c6.4 0 12.8-6.4 12.8-12.8V204.8c0-6.4-6.4-12.8-12.8-12.8h-22.4c-6.4 0-12.8 6.4-12.8 12.8v134.4c0 6.4 6.4 12.8 12.8 12.8zM496 400H48V80c0-8.84-7.16-16-16-16H16C7.16 64 0 71.16 0 80v336c0 17.67 14.33 32 32 32h464c8.84 0 16-7.16 16-16v-16c0-8.84-7.16-16-16-16zm-387.2-48h22.4c6.4 0 12.8-6.4 12.8-12.8v-70.4c0-6.4-6.4-12.8-12.8-12.8h-22.4c-6.4 0-12.8 6.4-12.8 12.8v70.4c0 6.4 6.4 12.8 12.8 12.8z\" class=\"\"><\/path><\/svg><\/i> <img loading=\"lazy\" decoding=\"async\" width=\"16\" height=\"16\" alt=\"Loading\" src=\"https:\/\/temucotelevision.cl\/web\/wp-content\/plugins\/page-views-count\/ajax-loader-2x.gif\" border=0 \/><\/p><div class=\"pvc_clear\"><\/div>\n<p>Soy nacido y criado en esta Regi\u00f3n y en espec\u00edfico en Traigu\u00e9n, provincia de Malleco, por eso que, al ver, enterarme y saber sobre ataques incendiarios, la pena es a\u00fan m\u00e1s grande porque es algo que est\u00e1 pasando en las tierras donde he vivido gran parte de mi vida.<\/p>\n\n\n\n<p>La maldad de algunos y el poder de destrucci\u00f3n, es algo que llama la atenci\u00f3n, m\u00e1s a\u00fan cuando ac\u00e1 nadie gana y todos pierden, y las consecuencias de la derrota son m\u00e1s grandes y muchos no la logran dimensionar.<\/p>\n\n\n\n<p>Lamentablemente con un ataque incendiario la producci\u00f3n alimentaria de nuestra Regi\u00f3n y de nuestro pa\u00eds est\u00e1 en peligro, s\u00ed c\u00f3mo usted lo lee, en peligro. En primer lugar por la escases que estamos viviendo por la pandemia y en segundo t\u00e9rmino, porque ya nadie se atreve a dedicarse a este rubro, porque a nuestros productores de alimentos no se les deja sembrar, cosechar y cultivar sus productos para el resto del pa\u00eds&nbsp; con el riesgo de convertirse en blanco de la acci\u00f3n de delincuentes que no est\u00e1n en su sano juicio, por lo cual lisa y llanamente a futuro esto puede significar que abandonen sus campos y ojo que no hablamos de grandes empresas, sino que de peque\u00f1os y medianos productores.<\/p>\n\n\n\n<p>Le hago la siguiente consulta: \u00bfLe gustar\u00eda que su hijo quedara sin alimentaci\u00f3n debido a la acci\u00f3n de estas mentes enfermas?<\/p>\n\n\n\n<p>Respondo yo, como padre, y la respuesta es una sola, no. Por lo mismo he alzado mi voz, le he pedido al Gobierno que act\u00fae, al Ministerio P\u00fablico que entregue resultados de sus investigaciones, he solicitado que las autoridades vengan a ver los da\u00f1os y la destrucci\u00f3n en terreno y que apoyen a quienes han sido v\u00edctimas de la violencia porque es inaceptable lo que est\u00e1 ocurriendo, c\u00f3mo sucedi\u00f3 con una familia en Victoria hace d\u00edas atr\u00e1s cuando iban a realizar su trabajo o en la ruta que une Los Sauces con Lumaco.<\/p>\n\n\n\n<p>Alcemos la voz, no nos quedemos callados, denunciemos, repudiemos y rechacemos estos actos que solo buscan atemorizarnos, porque cuando eso ocurre todos demostramos que queremos remediar esta situaci\u00f3n, pero si no lo hacemos, estamos actuando como testigos o c\u00f3mplices de esta violencia.<\/p>\n","protected":false},"excerpt":{"rendered":"<div class=\"pvc_clear\"><\/div>\n<p id=\"pvc_stats_22371\" class=\"pvc_stats total_only  \" data-element-id=\"22371\" style=\"\"><i class=\"pvc-stats-icon large\" aria-hidden=\"true\"><svg aria-hidden=\"true\" focusable=\"false\" data-prefix=\"far\" data-icon=\"chart-bar\" role=\"img\" xmlns=\"http:\/\/www.w3.org\/2000\/svg\" viewBox=\"0 0 512 512\" class=\"svg-inline--fa fa-chart-bar fa-w-16 fa-2x\"><path fill=\"currentColor\" d=\"M396.8 352h22.4c6.4 0 12.8-6.4 12.8-12.8V108.8c0-6.4-6.4-12.8-12.8-12.8h-22.4c-6.4 0-12.8 6.4-12.8 12.8v230.4c0 6.4 6.4 12.8 12.8 12.8zm-192 0h22.4c6.4 0 12.8-6.4 12.8-12.8V140.8c0-6.4-6.4-12.8-12.8-12.8h-22.4c-6.4 0-12.8 6.4-12.8 12.8v198.4c0 6.4 6.4 12.8 12.8 12.8zm96 0h22.4c6.4 0 12.8-6.4 12.8-12.8V204.8c0-6.4-6.4-12.8-12.8-12.8h-22.4c-6.4 0-12.8 6.4-12.8 12.8v134.4c0 6.4 6.4 12.8 12.8 12.8zM496 400H48V80c0-8.84-7.16-16-16-16H16C7.16 64 0 71.16 0 80v336c0 17.67 14.33 32 32 32h464c8.84 0 16-7.16 16-16v-16c0-8.84-7.16-16-16-16zm-387.2-48h22.4c6.4 0 12.8-6.4 12.8-12.8v-70.4c0-6.4-6.4-12.8-12.8-12.8h-22.4c-6.4 0-12.8 6.4-12.8 12.8v70.4c0 6.4 6.4 12.8 12.8 12.8z\" class=\"\"><\/path><\/svg><\/i> <img loading=\"lazy\" decoding=\"async\" width=\"16\" height=\"16\" alt=\"Loading\" src=\"https:\/\/temucotelevision.cl\/web\/wp-content\/plugins\/page-views-count\/ajax-loader-2x.gif\" border=0 \/><\/p>\n<div class=\"pvc_clear\"><\/div>\n<p>Soy nacido y criado en esta Regi\u00f3n y en espec\u00edfico en Traigu\u00e9n, provincia de Malleco, por eso que, al ver,<\/p>\n","protected":false},"author":1,"featured_media":739,"comment_status":"open","ping_status":"open","sticky":false,"template":"","format":"standard","meta":{"colormag_page_container_layout":"default_layout","colormag_page_sidebar_layout":"default_layout","footnotes":""},"categories":[84],"tags":[154,510],"class_list":["post-22371","post","type-post","status-publish","format-standard","has-post-thumbnail","hentry","category-politica","tag-diputado","tag-malleco"],"a3_pvc":{"activated":true,"total_views":84,"today_views":0},"_links":{"self":[{"href":"https:\/\/temucotelevision.cl\/web\/wp-json\/wp\/v2\/posts\/22371","targetHints":{"allow":["GET"]}}],"collection":[{"href":"https:\/\/temucotelevision.cl\/web\/wp-json\/wp\/v2\/posts"}],"about":[{"href":"https:\/\/temucotelevision.cl\/web\/wp-json\/wp\/v2\/types\/post"}],"author":[{"embeddable":true,"href":"https:\/\/temucotelevision.cl\/web\/wp-json\/wp\/v2\/users\/1"}],"replies":[{"embeddable":true,"href":"https:\/\/temucotelevision.cl\/web\/wp-json\/wp\/v2\/comments?post=22371"}],"version-history":[{"count":1,"href":"https:\/\/temucotelevision.cl\/web\/wp-json\/wp\/v2\/posts\/22371\/revisions"}],"predecessor-version":[{"id":22372,"href":"https:\/\/temucotelevision.cl\/web\/wp-json\/wp\/v2\/posts\/22371\/revisions\/22372"}],"wp:featuredmedia":[{"embeddable":true,"href":"https:\/\/temucotelevision.cl\/web\/wp-json\/wp\/v2\/media\/739"}],"wp:attachment":[{"href":"https:\/\/temucotelevision.cl\/web\/wp-json\/wp\/v2\/media?parent=22371"}],"wp:term":[{"taxonomy":"category","embeddable":true,"href":"https:\/\/temucotelevision.cl\/web\/wp-json\/wp\/v2\/categories?post=22371"},{"taxonomy":"post_tag","embeddable":true,"href":"https:\/\/temucotelevision.cl\/web\/wp-json\/wp\/v2\/tags?post=22371"}],"curies":[{"name":"wp","href":"https:\/\/api.w.org\/{rel}","templated":true}]}}