{"id":22365,"date":"2021-06-10T12:58:17","date_gmt":"2021-06-10T15:58:17","guid":{"rendered":"https:\/\/temucotelevision.cl\/web\/?p=22365"},"modified":"2021-06-10T13:47:32","modified_gmt":"2021-06-10T16:47:32","slug":"bienes-nacionales-vuelve-a-poner-a-disposicion-el-visor-de-elecciones-para-la-segunda-vuelta-de-gobernadores-regionales","status":"publish","type":"post","link":"https:\/\/temucotelevision.cl\/web\/2021\/06\/10\/bienes-nacionales-vuelve-a-poner-a-disposicion-el-visor-de-elecciones-para-la-segunda-vuelta-de-gobernadores-regionales\/","title":{"rendered":"Bienes Nacionales vuelve a poner a disposici\u00f3n el Visor de Elecciones para la segunda vuelta de Gobernadores Regionales"},"content":{"rendered":"<div class=\"pvc_clear\"><\/div><p id=\"pvc_stats_22365\" class=\"pvc_stats total_only  \" data-element-id=\"22365\" style=\"\"><i class=\"pvc-stats-icon large\" aria-hidden=\"true\"><svg aria-hidden=\"true\" focusable=\"false\" data-prefix=\"far\" data-icon=\"chart-bar\" role=\"img\" xmlns=\"http:\/\/www.w3.org\/2000\/svg\" viewBox=\"0 0 512 512\" class=\"svg-inline--fa fa-chart-bar fa-w-16 fa-2x\"><path fill=\"currentColor\" d=\"M396.8 352h22.4c6.4 0 12.8-6.4 12.8-12.8V108.8c0-6.4-6.4-12.8-12.8-12.8h-22.4c-6.4 0-12.8 6.4-12.8 12.8v230.4c0 6.4 6.4 12.8 12.8 12.8zm-192 0h22.4c6.4 0 12.8-6.4 12.8-12.8V140.8c0-6.4-6.4-12.8-12.8-12.8h-22.4c-6.4 0-12.8 6.4-12.8 12.8v198.4c0 6.4 6.4 12.8 12.8 12.8zm96 0h22.4c6.4 0 12.8-6.4 12.8-12.8V204.8c0-6.4-6.4-12.8-12.8-12.8h-22.4c-6.4 0-12.8 6.4-12.8 12.8v134.4c0 6.4 6.4 12.8 12.8 12.8zM496 400H48V80c0-8.84-7.16-16-16-16H16C7.16 64 0 71.16 0 80v336c0 17.67 14.33 32 32 32h464c8.84 0 16-7.16 16-16v-16c0-8.84-7.16-16-16-16zm-387.2-48h22.4c6.4 0 12.8-6.4 12.8-12.8v-70.4c0-6.4-6.4-12.8-12.8-12.8h-22.4c-6.4 0-12.8 6.4-12.8 12.8v70.4c0 6.4 6.4 12.8 12.8 12.8z\" class=\"\"><\/path><\/svg><\/i> <img loading=\"lazy\" decoding=\"async\" width=\"16\" height=\"16\" alt=\"Loading\" src=\"https:\/\/temucotelevision.cl\/web\/wp-content\/plugins\/page-views-count\/ajax-loader-2x.gif\" border=0 \/><\/p><div class=\"pvc_clear\"><\/div>\n<p><strong>Llamado es a que los habitantes de La Araucan\u00eda visiten \u201c<a href=\"http:\/\/elecciones.visorterritorial.cl\/\" target=\"_blank\" rel=\"noreferrer noopener\">elecciones.visorterritorial.cl<\/a>\u201d y utilicen esta plataforma considerando que es una de las regiones que tambi\u00e9n vivir\u00e1 el proceso eleccionario.<\/strong><\/p>\n\n\n\n<p>Durante este fin de semana, 13 regiones de nuestro pa\u00eds, incluyendo a La Araucan\u00eda, tendr\u00e1n la segunda vuelta a Gobernadores Regionales y el Ministerio de Bienes Nacionales, nuevamente puso a disposici\u00f3n el Visor de Elecciones&nbsp;<strong><a href=\"http:\/\/elecciones.visorterritorial.cl\/\" target=\"_blank\" rel=\"noreferrer noopener\">elecciones.visorterritorial.cl<\/a><\/strong>, con el fin de ayudar a fomentar la participaci\u00f3n ciudadana, entregando informaci\u00f3n tanto sanitaria como electoral.&nbsp;<\/p>\n\n\n\n<p>\u201cNuestro Visor de Elecciones, se transform\u00f3 en una herramienta muy \u00fatil en las pasadas elecciones de mayo. Este visor, muestra la georreferenciaci\u00f3n de todos los locales de votaci\u00f3n para que cada persona sepa c\u00f3mo llegar; ubicaciones de las estaciones de metro y buses para saber c\u00f3mo llegar en transporte p\u00fablico al local y filtro por regi\u00f3n para conocer la papeleta con anterioridad\u201d, asegur\u00f3 el ministro de Bienes Nacionales Julio Isamit.&nbsp;<\/p>\n\n\n\n<p>En las pasadas elecciones participaron m\u00e1s de 6.4 millones de votantes lo que represent\u00f3 un 43.5% del patr\u00f3n electoral nacional. El ministro Isamit, afirm\u00f3 que \u201ces importante tener un pa\u00eds y una democracia sana, por eso, esperamos que este fin de semana tengamos una alta participaci\u00f3n ciudadana, tomando todos los resguardos por la pandemia, y que podamos seguir creciendo y mejorando como pa\u00eds\u201d.&nbsp;&nbsp;<\/p>\n\n\n\n<p>En mayo pasado, el Visor de Elecciones del Ministerio de Bienes Nacionales, que fue presentado de manera oficial en La Araucan\u00eda el pasado mes de mayo, en menos de una semana obtuvo m\u00e1s de 820 mil visitas transform\u00e1ndose en una herramienta de gran utilidad para los votantes quienes pod\u00edan descargar las papeletas para saber la ubicaci\u00f3n de su candidato de preferencia y encontrar la ubicaci\u00f3n de sus locales de votaci\u00f3n.&nbsp;<\/p>\n\n\n\n<p><strong>Importante herramienta para La Araucan\u00eda<\/strong><\/p>\n\n\n\n<p>Por su parte la Seremi de la cartera en La Araucan\u00eda, Natalia Rivera Vel\u00e1squez, realiz\u00f3 el llamado a los habitantes de las 32 comunas a utilizar esta plataforma que contiene datos importantes sobre el proceso.<\/p>\n\n\n\n<p>\u201cPara quienes tienen dudas sobre el proceso, c\u00f3mo llegar a su local de votaci\u00f3n o bien conocer la papeleta que corresponde a nuestra Regi\u00f3n con los candidatos, este visor ser\u00e1 de gran utilidad porque entrega toda la informaci\u00f3n sobre el acto eleccionario con la inteligencia territorial que ha dispuesto Bienes Nacionales al servicio de la comunidad\u201d, indic\u00f3 Rivera.<\/p>\n\n\n\n<p>El Visor de Elecciones es el octavo de nuestra estrategia nacional de Visores Territoriales, que ya han sido visitados por m\u00e1s de 5 millones de personas\u201d.<\/p>\n","protected":false},"excerpt":{"rendered":"<div class=\"pvc_clear\"><\/div>\n<p id=\"pvc_stats_22365\" class=\"pvc_stats total_only  \" data-element-id=\"22365\" style=\"\"><i class=\"pvc-stats-icon large\" aria-hidden=\"true\"><svg aria-hidden=\"true\" focusable=\"false\" data-prefix=\"far\" data-icon=\"chart-bar\" role=\"img\" xmlns=\"http:\/\/www.w3.org\/2000\/svg\" viewBox=\"0 0 512 512\" class=\"svg-inline--fa fa-chart-bar fa-w-16 fa-2x\"><path fill=\"currentColor\" d=\"M396.8 352h22.4c6.4 0 12.8-6.4 12.8-12.8V108.8c0-6.4-6.4-12.8-12.8-12.8h-22.4c-6.4 0-12.8 6.4-12.8 12.8v230.4c0 6.4 6.4 12.8 12.8 12.8zm-192 0h22.4c6.4 0 12.8-6.4 12.8-12.8V140.8c0-6.4-6.4-12.8-12.8-12.8h-22.4c-6.4 0-12.8 6.4-12.8 12.8v198.4c0 6.4 6.4 12.8 12.8 12.8zm96 0h22.4c6.4 0 12.8-6.4 12.8-12.8V204.8c0-6.4-6.4-12.8-12.8-12.8h-22.4c-6.4 0-12.8 6.4-12.8 12.8v134.4c0 6.4 6.4 12.8 12.8 12.8zM496 400H48V80c0-8.84-7.16-16-16-16H16C7.16 64 0 71.16 0 80v336c0 17.67 14.33 32 32 32h464c8.84 0 16-7.16 16-16v-16c0-8.84-7.16-16-16-16zm-387.2-48h22.4c6.4 0 12.8-6.4 12.8-12.8v-70.4c0-6.4-6.4-12.8-12.8-12.8h-22.4c-6.4 0-12.8 6.4-12.8 12.8v70.4c0 6.4 6.4 12.8 12.8 12.8z\" class=\"\"><\/path><\/svg><\/i> <img loading=\"lazy\" decoding=\"async\" width=\"16\" height=\"16\" alt=\"Loading\" src=\"https:\/\/temucotelevision.cl\/web\/wp-content\/plugins\/page-views-count\/ajax-loader-2x.gif\" border=0 \/><\/p>\n<div class=\"pvc_clear\"><\/div>\n<p>Llamado es a que los habitantes de La Araucan\u00eda visiten \u201celecciones.visorterritorial.cl\u201d y utilicen esta plataforma considerando que es una de<\/p>\n","protected":false},"author":1,"featured_media":22366,"comment_status":"open","ping_status":"open","sticky":false,"template":"","format":"standard","meta":{"colormag_page_container_layout":"default_layout","colormag_page_sidebar_layout":"default_layout","footnotes":""},"categories":[15],"tags":[],"class_list":["post-22365","post","type-post","status-publish","format-standard","has-post-thumbnail","hentry","category-la-araucania"],"a3_pvc":{"activated":true,"total_views":9,"today_views":0},"_links":{"self":[{"href":"https:\/\/temucotelevision.cl\/web\/wp-json\/wp\/v2\/posts\/22365","targetHints":{"allow":["GET"]}}],"collection":[{"href":"https:\/\/temucotelevision.cl\/web\/wp-json\/wp\/v2\/posts"}],"about":[{"href":"https:\/\/temucotelevision.cl\/web\/wp-json\/wp\/v2\/types\/post"}],"author":[{"embeddable":true,"href":"https:\/\/temucotelevision.cl\/web\/wp-json\/wp\/v2\/users\/1"}],"replies":[{"embeddable":true,"href":"https:\/\/temucotelevision.cl\/web\/wp-json\/wp\/v2\/comments?post=22365"}],"version-history":[{"count":2,"href":"https:\/\/temucotelevision.cl\/web\/wp-json\/wp\/v2\/posts\/22365\/revisions"}],"predecessor-version":[{"id":22368,"href":"https:\/\/temucotelevision.cl\/web\/wp-json\/wp\/v2\/posts\/22365\/revisions\/22368"}],"wp:featuredmedia":[{"embeddable":true,"href":"https:\/\/temucotelevision.cl\/web\/wp-json\/wp\/v2\/media\/22366"}],"wp:attachment":[{"href":"https:\/\/temucotelevision.cl\/web\/wp-json\/wp\/v2\/media?parent=22365"}],"wp:term":[{"taxonomy":"category","embeddable":true,"href":"https:\/\/temucotelevision.cl\/web\/wp-json\/wp\/v2\/categories?post=22365"},{"taxonomy":"post_tag","embeddable":true,"href":"https:\/\/temucotelevision.cl\/web\/wp-json\/wp\/v2\/tags?post=22365"}],"curies":[{"name":"wp","href":"https:\/\/api.w.org\/{rel}","templated":true}]}}