{"id":22359,"date":"2021-06-10T00:36:55","date_gmt":"2021-06-10T03:36:55","guid":{"rendered":"https:\/\/temucotelevision.cl\/web\/?p=22359"},"modified":"2021-06-10T00:36:58","modified_gmt":"2021-06-10T03:36:58","slug":"buena-vista-social-club-edicion-25-aniversario-disponible-el-17-de-septiembre","status":"publish","type":"post","link":"https:\/\/temucotelevision.cl\/web\/2021\/06\/10\/buena-vista-social-club-edicion-25-aniversario-disponible-el-17-de-septiembre\/","title":{"rendered":"Buena Vista Social Club: Edici\u00f3n 25 Aniversario disponible el 17 de septiembre"},"content":{"rendered":"<div class=\"pvc_clear\"><\/div><p id=\"pvc_stats_22359\" class=\"pvc_stats total_only  \" data-element-id=\"22359\" style=\"\"><i class=\"pvc-stats-icon large\" aria-hidden=\"true\"><svg aria-hidden=\"true\" focusable=\"false\" data-prefix=\"far\" data-icon=\"chart-bar\" role=\"img\" xmlns=\"http:\/\/www.w3.org\/2000\/svg\" viewBox=\"0 0 512 512\" class=\"svg-inline--fa fa-chart-bar fa-w-16 fa-2x\"><path fill=\"currentColor\" d=\"M396.8 352h22.4c6.4 0 12.8-6.4 12.8-12.8V108.8c0-6.4-6.4-12.8-12.8-12.8h-22.4c-6.4 0-12.8 6.4-12.8 12.8v230.4c0 6.4 6.4 12.8 12.8 12.8zm-192 0h22.4c6.4 0 12.8-6.4 12.8-12.8V140.8c0-6.4-6.4-12.8-12.8-12.8h-22.4c-6.4 0-12.8 6.4-12.8 12.8v198.4c0 6.4 6.4 12.8 12.8 12.8zm96 0h22.4c6.4 0 12.8-6.4 12.8-12.8V204.8c0-6.4-6.4-12.8-12.8-12.8h-22.4c-6.4 0-12.8 6.4-12.8 12.8v134.4c0 6.4 6.4 12.8 12.8 12.8zM496 400H48V80c0-8.84-7.16-16-16-16H16C7.16 64 0 71.16 0 80v336c0 17.67 14.33 32 32 32h464c8.84 0 16-7.16 16-16v-16c0-8.84-7.16-16-16-16zm-387.2-48h22.4c6.4 0 12.8-6.4 12.8-12.8v-70.4c0-6.4-6.4-12.8-12.8-12.8h-22.4c-6.4 0-12.8 6.4-12.8 12.8v70.4c0 6.4 6.4 12.8 12.8 12.8z\" class=\"\"><\/path><\/svg><\/i> <img loading=\"lazy\" decoding=\"async\" width=\"16\" height=\"16\" alt=\"Loading\" src=\"https:\/\/temucotelevision.cl\/web\/wp-content\/plugins\/page-views-count\/ajax-loader-2x.gif\" border=0 \/><\/p><div class=\"pvc_clear\"><\/div>\n<p>World Circuit anunci\u00f3 los detalles de las <strong>ediciones del 25 aniversario<\/strong> de <strong>Buena Vista Social Club,<\/strong> que estar\u00e1n disponibles el 17 de septiembre y que incluyen 2LP + 2CD Deluxe Book Pack, 2CD Casebook, 2LP Gatefold Vinyl y formato digital. <\/p>\n\n\n\n<iframe loading=\"lazy\" width=\"560\" height=\"315\" src=\"https:\/\/www.youtube.com\/embed\/DWH8VKnFfSc\" title=\"YouTube video player\" frameborder=\"0\" allow=\"accelerometer; autoplay; clipboard-write; encrypted-media; gyroscope; picture-in-picture\" allowfullscreen><\/iframe>\n\n\n\n<p>Estas ediciones definitivas est\u00e1n programadas para celebrar el <strong>25 aniversario de la grabaci\u00f3n del \u00e1lbum<\/strong>, y tambi\u00e9n contendr\u00e1n el \u00e1lbum original remasterizado por el ingeniero ganador del GRAMMY Bernie Grundman, as\u00ed como canciones nunca antes escuchadas de las cintas de la sesi\u00f3n original de 1996, incluida <strong><em>&#8220;Vicenta&#8221;<\/em><\/strong> que se dio a conocer por esas horas.\u00a0 Adem\u00e1s, todos los formatos incluyen nuevas notas, fotograf\u00edas y letras in\u00e9ditas, con m\u00e1s biograf\u00edas, impresiones art\u00edsticas y una historia escrita del legendario Havana Club original disponible exclusivamente en el formato Deluxe Book Pack.<\/p>\n\n\n\n<p><strong><em>&#8220;Vicenta&#8221;<\/em><\/strong> es el primero de los temas in\u00e9ditos extra\u00eddos de las sesiones del \u00e1lbum de 1996, que han sido seleccionados para estas ediciones por el productor <strong>Ry Cooder<\/strong> y el productor ejecutivo <strong>Nick Gold<\/strong>. Un d\u00fao vocal entre <strong>Buena Vista<\/strong> protagonizado por <strong>Eliades Ochoa<\/strong> y <strong>Compay Segundo<\/strong>, una composici\u00f3n cl\u00e1sica de Compay Segundo, que cuenta la historia de un conocido incendio que el 1 de abril de 1909 destruy\u00f3 casi todo el pueblo de La Maya. cerca de Santiago de Cuba, donde naci\u00f3 y vivi\u00f3 de ni\u00f1o Eliades Ochoa, entre plantaciones de banano, caf\u00e9 y cacao.<\/p>\n\n\n\n<p>La historia, autenticidad y m\u00edstica de <strong>Buena Vista Social Club<\/strong> arde tan brillantemente hoy como siempre para los fan\u00e1ticos nuevos y viejos. El 26 de marzo de 1996, el tr\u00edo formado por el director de orquesta cubano <strong>Juan de Marcos Gonz\u00e1lez<\/strong>, el productor y guitarrista estadounidense <strong>Ry Cooder<\/strong> y el productor y propietario del sello discogr\u00e1fico brit\u00e1nico <strong>Nick Gold<\/strong> reunieron un grupo improvisado de m\u00fasicos cubanos en los hist\u00f3ricos estudios EGREM \/ Areito de la d\u00e9cada de 1950 en Centro Habana. La mayor\u00eda de los reunidos eran c\u00e9lebres veteranos de la \u00e9poca dorada de la escena musical cubana de los a\u00f1os cuarenta y cincuenta. Ninguno de ellos ten\u00eda idea de que las grabaciones que estaban a punto de producir cambiar\u00edan la vida de muchas personas, incluidos ellos mismos, y cambiar\u00edan para siempre la posici\u00f3n de la m\u00fasica cubana en el mundo. <strong>&#8220;Buena Vista Social Club&#8221;<\/strong> fue el nombre que se le dio tanto a este extraordinario grupo de m\u00fasicos como al disco, grabado en tan solo siete d\u00edas. El estudio, propiedad del sello nacional de Cuba EGREM, se instal\u00f3 originalmente en la d\u00e9cada de 1940 y es c\u00e9lebre como una gran joya en la historia de la grabaci\u00f3n. La gran sala con paneles de madera permiti\u00f3 que la grabaci\u00f3n se llevara a cabo con el conjunto completo grabado tocando &#8220;en vivo&#8221;, lo que coloca al oyente en la sala entre los m\u00fasicos. No hay duda de que esto jug\u00f3 un papel importante en el sonido m\u00e1gico de las grabaciones finales.<\/p>\n\n\n\n<p>Por la atm\u00f3sfera de las sesiones de grabaci\u00f3n qued\u00f3 claro que estaba ocurriendo algo muy especial, pero nadie podr\u00eda haber predicho que <strong>\u201cBuena Vista Social Club\u201d<\/strong> se convertir\u00eda en un fen\u00f3meno mundial: recibi\u00f3 un Grammy en 1997 y, con 8 millones de copias, super\u00f3 en ventas a cualquier otro disco del mismo g\u00e9nero. El impacto de esas sesiones todav\u00eda se siente 25 a\u00f1os despu\u00e9s, y la vitalidad y el encanto seductor de la rica historia y cultura de Cuba brilla con tanta fuerza como siempre en estas grabaciones definitivas. La aclamaci\u00f3n del \u00e1lbum original ha elevado a los artistas (incluido Ibrahim Ferrer, Eliades Ochoa, Compay Segundo, Rub\u00e9n Gonz\u00e1lez y Omara Portuondo) a la categor\u00eda de superestrellas, inspir\u00f3 una pel\u00edcula premiada de Wim Wenders y ha contribuido a popularizar la rica herencia musical de Cuba. Producida por <strong>Ry Cooder <\/strong>para <strong>World Circuit<\/strong>, la calidad atemporal de la m\u00fasica y el puro entusiasmo de los int\u00e9rpretes veteranos han asegurado que esta sea una de las grabaciones hist\u00f3ricas del siglo XX.<\/p>\n\n\n\n<p><strong>Esta nueva edici\u00f3n<\/strong> incluye temas que fueron grabados durante esa famosa semana de 1996 pero que nunca fueron lanzados; algunas pensadas como sugerencias de repertorio, algunas improvisaciones espont\u00e1neas y algunas gemas completamente formadas que son iguales a cualquier cosa en el \u00e1lbum original. Una de esas gemas desenterradas es <strong><em>\u201cVicenta\u201d<\/em><\/strong>, que se present\u00f3 en exclusiva ayer 8 de junio por primera vez. (Escuchala <a href=\"http:\/\/worldcircuit.lnk.to\/BVSC25\" target=\"_blank\" rel=\"noreferrer noopener\">aqu\u00ed<\/a>).&nbsp; Tambi\u00e9n hay tomas alternativas de algunas de las ahora famosas y m\u00e1s queridas canciones del \u00e1lbum.<\/p>\n\n\n\n<p>El productor y guitarrista <strong>Ry Cooder<\/strong> <strong>dice<\/strong>: <em>\u201cLos muchachos de <\/em><strong><em>Buena Vista<\/em><\/strong><em> vuelan alto y nunca pierden una pluma. Si pierdes el barco esta vez, tendr\u00e1s el blues para siempre &#8220;.<\/em><\/p>\n\n\n\n<p><strong>Juan de Marcos Gonz\u00e1lez<\/strong> <strong>comenta<\/strong>: <em>\u201c<\/em><strong><em>Buena Vista Social Club<\/em><\/strong><em> ha sido probablemente el disco m\u00e1s importante de la m\u00fasica cubana de finales del siglo XX, y definitivamente el que reabri\u00f3 las puertas del reconocimiento internacional de <\/em><strong><em>&#8216;Son Cubano&#8217;.<\/em><\/strong><em> Veinticinco a\u00f1os despu\u00e9s todav\u00eda puedo sentir las vibraciones positivas del estudio y, por supuesto, el placer de haber contribuido en cierta medida al disco que rescat\u00f3 la m\u00fasica de mi pa\u00eds y muchos de sus grandes int\u00e9rpretes de las sombras\u201d.<\/em><\/p>\n\n\n\n<p><strong>Nick Gold dijo<\/strong>: <em>\u201c<\/em><strong><em>Buena Vista Social Club<\/em><\/strong><em> es una grabaci\u00f3n \u00fanica en la vida de la m\u00fasica cubana en su mejor momento trascendental. La magia creada en ese estudio de La Habana suena tan vital y hermosa hoy como hace 25 a\u00f1os\u201d.<\/em><\/p>\n\n\n\n<p><strong>Eliades Ochoa relata<\/strong>: \u201c<strong><em>Buena Vista Social Club<\/em><\/strong><strong> <\/strong>reuni\u00f3 a grandes m\u00fasicos de la \u00e9poca dorada de la m\u00fasica cubana y llev\u00f3 con \u00e9xito nuestra m\u00fasica tradicional al resto del mundo. Me permiti\u00f3 ser reconocido internacionalmente por los sones, guarachas y boleros que ven\u00eda haciendo desde que era joven. Tambi\u00e9n me hizo reconectar con m\u00fasicos a los que admiraba. <strong>Buena Vista<\/strong> nos uni\u00f3 a trav\u00e9s de la m\u00fasica y \u00e9ramos una familia bien dirigida. En este 25 aniversario, recordaremos con merecido orgullo a aquellas grandes leyendas que siempre estar\u00e1n presentes entre nosotros. Celebraremos con alegr\u00eda <strong><em>el legado del Buena Vista Social Club y la m\u00fasica tradicional cubana\u201d.<\/em><\/strong><\/p>\n\n\n\n<p>Veinticinco a\u00f1os despu\u00e9s de los d\u00edas fortuitos de las grabaciones, y mientras legiones de nuevos fan\u00e1ticos contin\u00faan descubriendo el atractivo perdurable y seductor del \u00e1lbum, estas ediciones del <strong>25 aniversario<\/strong> nos brindan la oportunidad de acercarnos a la m\u00edstica y revivir las sesiones de las cuales naci\u00f3 un fen\u00f3meno global.<\/p>\n","protected":false},"excerpt":{"rendered":"<div class=\"pvc_clear\"><\/div>\n<p id=\"pvc_stats_22359\" class=\"pvc_stats total_only  \" data-element-id=\"22359\" style=\"\"><i class=\"pvc-stats-icon large\" aria-hidden=\"true\"><svg aria-hidden=\"true\" focusable=\"false\" data-prefix=\"far\" data-icon=\"chart-bar\" role=\"img\" xmlns=\"http:\/\/www.w3.org\/2000\/svg\" viewBox=\"0 0 512 512\" class=\"svg-inline--fa fa-chart-bar fa-w-16 fa-2x\"><path fill=\"currentColor\" d=\"M396.8 352h22.4c6.4 0 12.8-6.4 12.8-12.8V108.8c0-6.4-6.4-12.8-12.8-12.8h-22.4c-6.4 0-12.8 6.4-12.8 12.8v230.4c0 6.4 6.4 12.8 12.8 12.8zm-192 0h22.4c6.4 0 12.8-6.4 12.8-12.8V140.8c0-6.4-6.4-12.8-12.8-12.8h-22.4c-6.4 0-12.8 6.4-12.8 12.8v198.4c0 6.4 6.4 12.8 12.8 12.8zm96 0h22.4c6.4 0 12.8-6.4 12.8-12.8V204.8c0-6.4-6.4-12.8-12.8-12.8h-22.4c-6.4 0-12.8 6.4-12.8 12.8v134.4c0 6.4 6.4 12.8 12.8 12.8zM496 400H48V80c0-8.84-7.16-16-16-16H16C7.16 64 0 71.16 0 80v336c0 17.67 14.33 32 32 32h464c8.84 0 16-7.16 16-16v-16c0-8.84-7.16-16-16-16zm-387.2-48h22.4c6.4 0 12.8-6.4 12.8-12.8v-70.4c0-6.4-6.4-12.8-12.8-12.8h-22.4c-6.4 0-12.8 6.4-12.8 12.8v70.4c0 6.4 6.4 12.8 12.8 12.8z\" class=\"\"><\/path><\/svg><\/i> <img loading=\"lazy\" decoding=\"async\" width=\"16\" height=\"16\" alt=\"Loading\" src=\"https:\/\/temucotelevision.cl\/web\/wp-content\/plugins\/page-views-count\/ajax-loader-2x.gif\" border=0 \/><\/p>\n<div class=\"pvc_clear\"><\/div>\n<p>World Circuit anunci\u00f3 los detalles de las ediciones del 25 aniversario de Buena Vista Social Club, que estar\u00e1n disponibles el<\/p>\n","protected":false},"author":1,"featured_media":22360,"comment_status":"open","ping_status":"open","sticky":false,"template":"","format":"standard","meta":{"colormag_page_container_layout":"default_layout","colormag_page_sidebar_layout":"default_layout","footnotes":""},"categories":[369],"tags":[496,3306,3890,3559],"class_list":["post-22359","post","type-post","status-publish","format-standard","has-post-thumbnail","hentry","category-musica","tag-aniversario","tag-edicion","tag-grabacion","tag-grammy"],"a3_pvc":{"activated":true,"total_views":79,"today_views":0},"_links":{"self":[{"href":"https:\/\/temucotelevision.cl\/web\/wp-json\/wp\/v2\/posts\/22359","targetHints":{"allow":["GET"]}}],"collection":[{"href":"https:\/\/temucotelevision.cl\/web\/wp-json\/wp\/v2\/posts"}],"about":[{"href":"https:\/\/temucotelevision.cl\/web\/wp-json\/wp\/v2\/types\/post"}],"author":[{"embeddable":true,"href":"https:\/\/temucotelevision.cl\/web\/wp-json\/wp\/v2\/users\/1"}],"replies":[{"embeddable":true,"href":"https:\/\/temucotelevision.cl\/web\/wp-json\/wp\/v2\/comments?post=22359"}],"version-history":[{"count":1,"href":"https:\/\/temucotelevision.cl\/web\/wp-json\/wp\/v2\/posts\/22359\/revisions"}],"predecessor-version":[{"id":22361,"href":"https:\/\/temucotelevision.cl\/web\/wp-json\/wp\/v2\/posts\/22359\/revisions\/22361"}],"wp:featuredmedia":[{"embeddable":true,"href":"https:\/\/temucotelevision.cl\/web\/wp-json\/wp\/v2\/media\/22360"}],"wp:attachment":[{"href":"https:\/\/temucotelevision.cl\/web\/wp-json\/wp\/v2\/media?parent=22359"}],"wp:term":[{"taxonomy":"category","embeddable":true,"href":"https:\/\/temucotelevision.cl\/web\/wp-json\/wp\/v2\/categories?post=22359"},{"taxonomy":"post_tag","embeddable":true,"href":"https:\/\/temucotelevision.cl\/web\/wp-json\/wp\/v2\/tags?post=22359"}],"curies":[{"name":"wp","href":"https:\/\/api.w.org\/{rel}","templated":true}]}}