{"id":22353,"date":"2021-06-09T17:09:01","date_gmt":"2021-06-09T20:09:01","guid":{"rendered":"https:\/\/temucotelevision.cl\/web\/?p=22353"},"modified":"2021-06-09T17:09:15","modified_gmt":"2021-06-09T20:09:15","slug":"la-araucania-contara-con-mas-de-500-servicios-de-transporte-publico-gratuito-por-2da-vuelta-de-elecciones-a-gobernador-regional","status":"publish","type":"post","link":"https:\/\/temucotelevision.cl\/web\/2021\/06\/09\/la-araucania-contara-con-mas-de-500-servicios-de-transporte-publico-gratuito-por-2da-vuelta-de-elecciones-a-gobernador-regional\/","title":{"rendered":"La Araucan\u00eda contar\u00e1 con m\u00e1s de 500 servicios de transporte p\u00fablico gratuito por 2da vuelta de elecciones a Gobernador Regional"},"content":{"rendered":"<div class=\"pvc_clear\"><\/div><p id=\"pvc_stats_22353\" class=\"pvc_stats total_only  \" data-element-id=\"22353\" style=\"\"><i class=\"pvc-stats-icon large\" aria-hidden=\"true\"><svg aria-hidden=\"true\" focusable=\"false\" data-prefix=\"far\" data-icon=\"chart-bar\" role=\"img\" xmlns=\"http:\/\/www.w3.org\/2000\/svg\" viewBox=\"0 0 512 512\" class=\"svg-inline--fa fa-chart-bar fa-w-16 fa-2x\"><path fill=\"currentColor\" d=\"M396.8 352h22.4c6.4 0 12.8-6.4 12.8-12.8V108.8c0-6.4-6.4-12.8-12.8-12.8h-22.4c-6.4 0-12.8 6.4-12.8 12.8v230.4c0 6.4 6.4 12.8 12.8 12.8zm-192 0h22.4c6.4 0 12.8-6.4 12.8-12.8V140.8c0-6.4-6.4-12.8-12.8-12.8h-22.4c-6.4 0-12.8 6.4-12.8 12.8v198.4c0 6.4 6.4 12.8 12.8 12.8zm96 0h22.4c6.4 0 12.8-6.4 12.8-12.8V204.8c0-6.4-6.4-12.8-12.8-12.8h-22.4c-6.4 0-12.8 6.4-12.8 12.8v134.4c0 6.4 6.4 12.8 12.8 12.8zM496 400H48V80c0-8.84-7.16-16-16-16H16C7.16 64 0 71.16 0 80v336c0 17.67 14.33 32 32 32h464c8.84 0 16-7.16 16-16v-16c0-8.84-7.16-16-16-16zm-387.2-48h22.4c6.4 0 12.8-6.4 12.8-12.8v-70.4c0-6.4-6.4-12.8-12.8-12.8h-22.4c-6.4 0-12.8 6.4-12.8 12.8v70.4c0 6.4 6.4 12.8 12.8 12.8z\" class=\"\"><\/path><\/svg><\/i> <img loading=\"lazy\" decoding=\"async\" width=\"16\" height=\"16\" alt=\"Loading\" src=\"https:\/\/temucotelevision.cl\/web\/wp-content\/plugins\/page-views-count\/ajax-loader-2x.gif\" border=0 \/><\/p><div class=\"pvc_clear\"><\/div>\n<p>Ya est\u00e1 publicada en la p\u00e1gina web p\u00e1gina web del Ministerio de Transportes y Telecomunicaciones,\u00a0<a href=\"http:\/\/www.mtt.gob.cl\/\" target=\"_blank\" rel=\"noreferrer noopener\">www.mtt.gob.cl<\/a>\u00a0\u00a0toda la informaci\u00f3n referente a los recorridos subsidiados y especiales gratuitos que operar\u00e1n este domingo 13 de junio.<\/p>\n\n\n\n<p>Temuco, 09 de junio de 2021.- Referente a la operaci\u00f3n de servicios de transporte p\u00fablico gratuito por segunda vuelta de las elecciones para gobernadores regionales que se realizar\u00e1n este domingo 13 de junio, la Seremi de Transportes y Telecomunicaciones de La Araucan\u00eda, Claudina Uribe, inform\u00f3 que tal como en el reciente proceso eleccionario La Araucan\u00eda contar\u00e1 con servicios subsidiados y especiales gratuitos.<\/p>\n\n\n\n<p>\u201cEste domingo 13 de junio y al igual que en las recientes elecciones, La Araucan\u00eda contar\u00e1 en total con m\u00e1s de 500 servicios de transporte p\u00fablico gratuito. Recorridos subsidiados y especiales, que nos permitir\u00e1n continuar fomentando la participaci\u00f3n ciudadana y trasladar a quienes viven en zonas rurales y m\u00e1s aisladas de La Araucan\u00eda para que puedan emitir su voto\u201d.<\/p>\n\n\n\n<p>La Secretaria Regional Ministerial agreg\u00f3 que \u201crespecto a la informaci\u00f3n de cada uno de los servicios que operar\u00e1n gratuitamente este domingo en las distintas comunas, ya se encuentra disponible en la p\u00e1gina web del Ministerio de Transportes y Telecomunicaciones\u201d.<\/p>\n\n\n\n<p>Tal como explic\u00f3 la autoridad regional, con tan s\u00f3lo ingresar a la p\u00e1gina web&nbsp;<a href=\"http:\/\/www.mtt.gob.cl\/\" target=\"_blank\" rel=\"noreferrer noopener\">www.mtt.gob.cl<\/a>&nbsp;pueden obtener la informaci\u00f3n correspondiente de los servicios especiales y subsidiados gratuitos que estar\u00e1n disponibles para la segunda vuelta de elecci\u00f3n de gobernador regional de La Araucan\u00eda este domingo 13 de junio.<\/p>\n","protected":false},"excerpt":{"rendered":"<div class=\"pvc_clear\"><\/div>\n<p id=\"pvc_stats_22353\" class=\"pvc_stats total_only  \" data-element-id=\"22353\" style=\"\"><i class=\"pvc-stats-icon large\" aria-hidden=\"true\"><svg aria-hidden=\"true\" focusable=\"false\" data-prefix=\"far\" data-icon=\"chart-bar\" role=\"img\" xmlns=\"http:\/\/www.w3.org\/2000\/svg\" viewBox=\"0 0 512 512\" class=\"svg-inline--fa fa-chart-bar fa-w-16 fa-2x\"><path fill=\"currentColor\" d=\"M396.8 352h22.4c6.4 0 12.8-6.4 12.8-12.8V108.8c0-6.4-6.4-12.8-12.8-12.8h-22.4c-6.4 0-12.8 6.4-12.8 12.8v230.4c0 6.4 6.4 12.8 12.8 12.8zm-192 0h22.4c6.4 0 12.8-6.4 12.8-12.8V140.8c0-6.4-6.4-12.8-12.8-12.8h-22.4c-6.4 0-12.8 6.4-12.8 12.8v198.4c0 6.4 6.4 12.8 12.8 12.8zm96 0h22.4c6.4 0 12.8-6.4 12.8-12.8V204.8c0-6.4-6.4-12.8-12.8-12.8h-22.4c-6.4 0-12.8 6.4-12.8 12.8v134.4c0 6.4 6.4 12.8 12.8 12.8zM496 400H48V80c0-8.84-7.16-16-16-16H16C7.16 64 0 71.16 0 80v336c0 17.67 14.33 32 32 32h464c8.84 0 16-7.16 16-16v-16c0-8.84-7.16-16-16-16zm-387.2-48h22.4c6.4 0 12.8-6.4 12.8-12.8v-70.4c0-6.4-6.4-12.8-12.8-12.8h-22.4c-6.4 0-12.8 6.4-12.8 12.8v70.4c0 6.4 6.4 12.8 12.8 12.8z\" class=\"\"><\/path><\/svg><\/i> <img loading=\"lazy\" decoding=\"async\" width=\"16\" height=\"16\" alt=\"Loading\" src=\"https:\/\/temucotelevision.cl\/web\/wp-content\/plugins\/page-views-count\/ajax-loader-2x.gif\" border=0 \/><\/p>\n<div class=\"pvc_clear\"><\/div>\n<p>Ya est\u00e1 publicada en la p\u00e1gina web p\u00e1gina web del Ministerio de Transportes y Telecomunicaciones,\u00a0www.mtt.gob.cl\u00a0\u00a0toda la informaci\u00f3n referente a los<\/p>\n","protected":false},"author":1,"featured_media":22354,"comment_status":"open","ping_status":"open","sticky":false,"template":"","format":"standard","meta":{"colormag_page_container_layout":"default_layout","colormag_page_sidebar_layout":"default_layout","footnotes":""},"categories":[14],"tags":[3577,829,2710,706],"class_list":["post-22353","post","type-post","status-publish","format-standard","has-post-thumbnail","hentry","category-temuco","tag-elecciones","tag-gobernador","tag-regional","tag-transporte"],"a3_pvc":{"activated":true,"total_views":37,"today_views":0},"_links":{"self":[{"href":"https:\/\/temucotelevision.cl\/web\/wp-json\/wp\/v2\/posts\/22353","targetHints":{"allow":["GET"]}}],"collection":[{"href":"https:\/\/temucotelevision.cl\/web\/wp-json\/wp\/v2\/posts"}],"about":[{"href":"https:\/\/temucotelevision.cl\/web\/wp-json\/wp\/v2\/types\/post"}],"author":[{"embeddable":true,"href":"https:\/\/temucotelevision.cl\/web\/wp-json\/wp\/v2\/users\/1"}],"replies":[{"embeddable":true,"href":"https:\/\/temucotelevision.cl\/web\/wp-json\/wp\/v2\/comments?post=22353"}],"version-history":[{"count":1,"href":"https:\/\/temucotelevision.cl\/web\/wp-json\/wp\/v2\/posts\/22353\/revisions"}],"predecessor-version":[{"id":22355,"href":"https:\/\/temucotelevision.cl\/web\/wp-json\/wp\/v2\/posts\/22353\/revisions\/22355"}],"wp:featuredmedia":[{"embeddable":true,"href":"https:\/\/temucotelevision.cl\/web\/wp-json\/wp\/v2\/media\/22354"}],"wp:attachment":[{"href":"https:\/\/temucotelevision.cl\/web\/wp-json\/wp\/v2\/media?parent=22353"}],"wp:term":[{"taxonomy":"category","embeddable":true,"href":"https:\/\/temucotelevision.cl\/web\/wp-json\/wp\/v2\/categories?post=22353"},{"taxonomy":"post_tag","embeddable":true,"href":"https:\/\/temucotelevision.cl\/web\/wp-json\/wp\/v2\/tags?post=22353"}],"curies":[{"name":"wp","href":"https:\/\/api.w.org\/{rel}","templated":true}]}}