{"id":22345,"date":"2021-06-09T15:20:08","date_gmt":"2021-06-09T18:20:08","guid":{"rendered":"https:\/\/temucotelevision.cl\/web\/?p=22345"},"modified":"2021-06-09T15:20:16","modified_gmt":"2021-06-09T18:20:16","slug":"senadora-aravena-llama-a-votar-por-luciano-rivas-en-la-segunda-vuelta-de-gobernadores-regionales","status":"publish","type":"post","link":"https:\/\/temucotelevision.cl\/web\/2021\/06\/09\/senadora-aravena-llama-a-votar-por-luciano-rivas-en-la-segunda-vuelta-de-gobernadores-regionales\/","title":{"rendered":"Senadora Aravena llama a votar por Luciano Rivas en la segunda vuelta de gobernadores regionales"},"content":{"rendered":"<div class=\"pvc_clear\"><\/div><p id=\"pvc_stats_22345\" class=\"pvc_stats total_only  \" data-element-id=\"22345\" style=\"\"><i class=\"pvc-stats-icon large\" aria-hidden=\"true\"><svg aria-hidden=\"true\" focusable=\"false\" data-prefix=\"far\" data-icon=\"chart-bar\" role=\"img\" xmlns=\"http:\/\/www.w3.org\/2000\/svg\" viewBox=\"0 0 512 512\" class=\"svg-inline--fa fa-chart-bar fa-w-16 fa-2x\"><path fill=\"currentColor\" d=\"M396.8 352h22.4c6.4 0 12.8-6.4 12.8-12.8V108.8c0-6.4-6.4-12.8-12.8-12.8h-22.4c-6.4 0-12.8 6.4-12.8 12.8v230.4c0 6.4 6.4 12.8 12.8 12.8zm-192 0h22.4c6.4 0 12.8-6.4 12.8-12.8V140.8c0-6.4-6.4-12.8-12.8-12.8h-22.4c-6.4 0-12.8 6.4-12.8 12.8v198.4c0 6.4 6.4 12.8 12.8 12.8zm96 0h22.4c6.4 0 12.8-6.4 12.8-12.8V204.8c0-6.4-6.4-12.8-12.8-12.8h-22.4c-6.4 0-12.8 6.4-12.8 12.8v134.4c0 6.4 6.4 12.8 12.8 12.8zM496 400H48V80c0-8.84-7.16-16-16-16H16C7.16 64 0 71.16 0 80v336c0 17.67 14.33 32 32 32h464c8.84 0 16-7.16 16-16v-16c0-8.84-7.16-16-16-16zm-387.2-48h22.4c6.4 0 12.8-6.4 12.8-12.8v-70.4c0-6.4-6.4-12.8-12.8-12.8h-22.4c-6.4 0-12.8 6.4-12.8 12.8v70.4c0 6.4 6.4 12.8 12.8 12.8z\" class=\"\"><\/path><\/svg><\/i> <img loading=\"lazy\" decoding=\"async\" width=\"16\" height=\"16\" alt=\"Loading\" src=\"https:\/\/temucotelevision.cl\/web\/wp-content\/plugins\/page-views-count\/ajax-loader-2x.gif\" border=0 \/><\/p><div class=\"pvc_clear\"><\/div>\n<p>La parlamentaria sostuvo que la ciudadan\u00eda no puede restarse de una elecci\u00f3n que permitir\u00e1 el inicio de una descentralizaci\u00f3n del poder en nuestro pa\u00eds.<\/p>\n\n\n\n<p>La senadora por La Araucan\u00eda, Carmen Gloria Aravena, llam\u00f3 a los habitantes de la regi\u00f3n a votar por qui\u00e9n ser\u00e1 el nuevo gobernador regional desde este domingo 13 de junio, indicando que con esta hist\u00f3rica elecci\u00f3n comienza una descentralizaci\u00f3n real de las regiones.<\/p>\n\n\n\n<p>Aravena adem\u00e1s manifest\u00f3 su apoyo al ex presidente de la Multigremial y candidato independiente, Luciano Rivas, a quien le preocupa un trabajo directo y descentralizador con los 32 alcaldes de La Araucan\u00eda.<\/p>\n\n\n\n<p>\u201cUno de los principales problemas de nuestro pa\u00eds es el excesivo centralismo, una situaci\u00f3n que se repite en cada una de las regiones, donde las decisiones suelen tomarse en la capital regional. Es primordial que el nuevo gobernador regional tenga conciencia de aquello y est\u00e9 dispuesto a trabajar en conjunto con todos los alcaldes, sin importar su color pol\u00edtico. Luciano Rivas es la persona adecuada para realizar ese trabajo colaborativo desde el mundo independiente\u201d, sostuvo.<\/p>\n\n\n\n<p>Asimismo, Aravena sostuvo que en su calidad de representante de la ciudadan\u00eda, el nuevo gobernador debe ser la voz de la regi\u00f3n y luchar por solucionar los problemas que aquejan a La Araucan\u00eda.&nbsp;<\/p>\n\n\n\n<p>\u201cNadie podr\u00eda negar que en La Araucan\u00eda hay terrorismo, necesitamos una autoridad que no tema reconocerlo y exigir que se restablezca el Estado de Derecho, para que nuestra gente pueda volver a vivir en paz. Luciano conoce esta realidad de cerca como ex presidente de la Multigremial y ser\u00e1 un liderazgo potente antes las autoridades nacionales en esta materia\u201d, a\u00f1adi\u00f3 Aravena.<\/p>\n\n\n\n<p>Cabe se\u00f1alar que el nuevo gobernador regional tendr\u00e1 atribuciones administrativas, en materia de bienes y recursos; normativas; de planificaci\u00f3n, para formular pol\u00edticas de desarrollo regional, de presupuesto y coordinaci\u00f3n de los servicios p\u00fablicos, entre otras funciones.<\/p>\n","protected":false},"excerpt":{"rendered":"<div class=\"pvc_clear\"><\/div>\n<p id=\"pvc_stats_22345\" class=\"pvc_stats total_only  \" data-element-id=\"22345\" style=\"\"><i class=\"pvc-stats-icon large\" aria-hidden=\"true\"><svg aria-hidden=\"true\" focusable=\"false\" data-prefix=\"far\" data-icon=\"chart-bar\" role=\"img\" xmlns=\"http:\/\/www.w3.org\/2000\/svg\" viewBox=\"0 0 512 512\" class=\"svg-inline--fa fa-chart-bar fa-w-16 fa-2x\"><path fill=\"currentColor\" d=\"M396.8 352h22.4c6.4 0 12.8-6.4 12.8-12.8V108.8c0-6.4-6.4-12.8-12.8-12.8h-22.4c-6.4 0-12.8 6.4-12.8 12.8v230.4c0 6.4 6.4 12.8 12.8 12.8zm-192 0h22.4c6.4 0 12.8-6.4 12.8-12.8V140.8c0-6.4-6.4-12.8-12.8-12.8h-22.4c-6.4 0-12.8 6.4-12.8 12.8v198.4c0 6.4 6.4 12.8 12.8 12.8zm96 0h22.4c6.4 0 12.8-6.4 12.8-12.8V204.8c0-6.4-6.4-12.8-12.8-12.8h-22.4c-6.4 0-12.8 6.4-12.8 12.8v134.4c0 6.4 6.4 12.8 12.8 12.8zM496 400H48V80c0-8.84-7.16-16-16-16H16C7.16 64 0 71.16 0 80v336c0 17.67 14.33 32 32 32h464c8.84 0 16-7.16 16-16v-16c0-8.84-7.16-16-16-16zm-387.2-48h22.4c6.4 0 12.8-6.4 12.8-12.8v-70.4c0-6.4-6.4-12.8-12.8-12.8h-22.4c-6.4 0-12.8 6.4-12.8 12.8v70.4c0 6.4 6.4 12.8 12.8 12.8z\" class=\"\"><\/path><\/svg><\/i> <img loading=\"lazy\" decoding=\"async\" width=\"16\" height=\"16\" alt=\"Loading\" src=\"https:\/\/temucotelevision.cl\/web\/wp-content\/plugins\/page-views-count\/ajax-loader-2x.gif\" border=0 \/><\/p>\n<div class=\"pvc_clear\"><\/div>\n<p>La parlamentaria sostuvo que la ciudadan\u00eda no puede restarse de una elecci\u00f3n que permitir\u00e1 el inicio de una descentralizaci\u00f3n del<\/p>\n","protected":false},"author":1,"featured_media":22346,"comment_status":"open","ping_status":"open","sticky":false,"template":"","format":"standard","meta":{"colormag_page_container_layout":"default_layout","colormag_page_sidebar_layout":"default_layout","footnotes":""},"categories":[84],"tags":[1573,2065],"class_list":["post-22345","post","type-post","status-publish","format-standard","has-post-thumbnail","hentry","category-politica","tag-gobernadores","tag-senadora"],"a3_pvc":{"activated":true,"total_views":27,"today_views":0},"_links":{"self":[{"href":"https:\/\/temucotelevision.cl\/web\/wp-json\/wp\/v2\/posts\/22345","targetHints":{"allow":["GET"]}}],"collection":[{"href":"https:\/\/temucotelevision.cl\/web\/wp-json\/wp\/v2\/posts"}],"about":[{"href":"https:\/\/temucotelevision.cl\/web\/wp-json\/wp\/v2\/types\/post"}],"author":[{"embeddable":true,"href":"https:\/\/temucotelevision.cl\/web\/wp-json\/wp\/v2\/users\/1"}],"replies":[{"embeddable":true,"href":"https:\/\/temucotelevision.cl\/web\/wp-json\/wp\/v2\/comments?post=22345"}],"version-history":[{"count":1,"href":"https:\/\/temucotelevision.cl\/web\/wp-json\/wp\/v2\/posts\/22345\/revisions"}],"predecessor-version":[{"id":22347,"href":"https:\/\/temucotelevision.cl\/web\/wp-json\/wp\/v2\/posts\/22345\/revisions\/22347"}],"wp:featuredmedia":[{"embeddable":true,"href":"https:\/\/temucotelevision.cl\/web\/wp-json\/wp\/v2\/media\/22346"}],"wp:attachment":[{"href":"https:\/\/temucotelevision.cl\/web\/wp-json\/wp\/v2\/media?parent=22345"}],"wp:term":[{"taxonomy":"category","embeddable":true,"href":"https:\/\/temucotelevision.cl\/web\/wp-json\/wp\/v2\/categories?post=22345"},{"taxonomy":"post_tag","embeddable":true,"href":"https:\/\/temucotelevision.cl\/web\/wp-json\/wp\/v2\/tags?post=22345"}],"curies":[{"name":"wp","href":"https:\/\/api.w.org\/{rel}","templated":true}]}}