{"id":22340,"date":"2021-06-09T11:56:31","date_gmt":"2021-06-09T14:56:31","guid":{"rendered":"https:\/\/temucotelevision.cl\/web\/?p=22340"},"modified":"2021-06-09T11:56:34","modified_gmt":"2021-06-09T14:56:34","slug":"collipulli-juzgado-decreta-la-prision-preventiva-de-imputado-por-homicidio-frustrado-lesiones-porte-ilegal-de-arma-y-municiones-en-ercilla","status":"publish","type":"post","link":"https:\/\/temucotelevision.cl\/web\/2021\/06\/09\/collipulli-juzgado-decreta-la-prision-preventiva-de-imputado-por-homicidio-frustrado-lesiones-porte-ilegal-de-arma-y-municiones-en-ercilla\/","title":{"rendered":"Collipulli: Juzgado decreta la prisi\u00f3n preventiva de imputado por homicidio frustrado, lesiones, porte ilegal de arma y municiones en Ercilla"},"content":{"rendered":"<div class=\"pvc_clear\"><\/div><p id=\"pvc_stats_22340\" class=\"pvc_stats total_only  \" data-element-id=\"22340\" style=\"\"><i class=\"pvc-stats-icon large\" aria-hidden=\"true\"><svg aria-hidden=\"true\" focusable=\"false\" data-prefix=\"far\" data-icon=\"chart-bar\" role=\"img\" xmlns=\"http:\/\/www.w3.org\/2000\/svg\" viewBox=\"0 0 512 512\" class=\"svg-inline--fa fa-chart-bar fa-w-16 fa-2x\"><path fill=\"currentColor\" d=\"M396.8 352h22.4c6.4 0 12.8-6.4 12.8-12.8V108.8c0-6.4-6.4-12.8-12.8-12.8h-22.4c-6.4 0-12.8 6.4-12.8 12.8v230.4c0 6.4 6.4 12.8 12.8 12.8zm-192 0h22.4c6.4 0 12.8-6.4 12.8-12.8V140.8c0-6.4-6.4-12.8-12.8-12.8h-22.4c-6.4 0-12.8 6.4-12.8 12.8v198.4c0 6.4 6.4 12.8 12.8 12.8zm96 0h22.4c6.4 0 12.8-6.4 12.8-12.8V204.8c0-6.4-6.4-12.8-12.8-12.8h-22.4c-6.4 0-12.8 6.4-12.8 12.8v134.4c0 6.4 6.4 12.8 12.8 12.8zM496 400H48V80c0-8.84-7.16-16-16-16H16C7.16 64 0 71.16 0 80v336c0 17.67 14.33 32 32 32h464c8.84 0 16-7.16 16-16v-16c0-8.84-7.16-16-16-16zm-387.2-48h22.4c6.4 0 12.8-6.4 12.8-12.8v-70.4c0-6.4-6.4-12.8-12.8-12.8h-22.4c-6.4 0-12.8 6.4-12.8 12.8v70.4c0 6.4 6.4 12.8 12.8 12.8z\" class=\"\"><\/path><\/svg><\/i> <img loading=\"lazy\" decoding=\"async\" width=\"16\" height=\"16\" alt=\"Loading\" src=\"https:\/\/temucotelevision.cl\/web\/wp-content\/plugins\/page-views-count\/ajax-loader-2x.gif\" border=0 \/><\/p><div class=\"pvc_clear\"><\/div>\n<p>El Juzgado de Garant\u00eda de Collipulli dej\u00f3 hoy \u2013lunes 7 de junio\u2013 sujeto a la medida cautelar de prisi\u00f3n preventiva a&nbsp;<strong>A.H.L.M.<\/strong>, imputado por el Ministerio P\u00fablico como autor del delito frustrado de homicidio calificado y los delitos consumados de lesiones menos graves en contexto de violencia intrafamiliar, porte ilegal de arma de fuego y tenencia ilegal de municiones. Il\u00edcitos perpetrados el jueves reci\u00e9n pasado, en la comuna de Ercilla.<\/p>\n\n\n\n<p>En la audiencia de formalizaci\u00f3n (causa rol 599-2021), la magistrada Mar\u00eda Fernanda Lagos Lepe orden\u00f3 el ingreso de A.H.L.M. al Centro de Cumplimiento Penitenciario de Traigu\u00e9n, por considerar que la libertad del imputado constituye un peligro para la seguridad de las v\u00edctimas y de la sociedad; adem\u00e1s de la gravedad de los delitos formalizados, pena que arriesga y por contar el imputado con antecedentes. Adem\u00e1s, fij\u00f3 en tres meses el plazo de investigaci\u00f3n.&nbsp;<\/p>\n\n\n\n<p>En la causa, el tribunal acogi\u00f3 la solicitud de la defensa y fij\u00f3 para las 10 horas del pr\u00f3ximo lunes 15 de junio, audiencia para discutir la nulidad procesal de la declaraci\u00f3n prestada por el imputado, sin contar con abogado defensor presente.&nbsp;<\/p>\n\n\n\n<p><strong>Los hechos&nbsp;<\/strong><\/p>\n\n\n\n<p>Seg\u00fan el ente persecutor, en horas de la ma\u00f1ana del jueves 3 de junio de 2021, el imputado concurri\u00f3 hasta un camino forestal, ubicado en el sector Nupangue, comuna de Ercilla, lugar donde procedi\u00f3 a cortar \u00e1rboles, con los cuales bloque\u00f3 dicha ruta, a la espera de la v\u00edctima, S.S.P.M., quien cerca de las 8.30 horas lleg\u00f3 al lugar a bordo de la camioneta Nissan patente BLBG 71, en compa\u00f1\u00eda de su pareja M.E.P. \u2013exconviviente del imputado\u2013.<\/p>\n\n\n\n<p>Al encontrarse con el camino bloqueado, S.S.P.M. descendi\u00f3 del veh\u00edculo, momento en que fue abordado por el imputado, quien sali\u00f3 de entre la vegetaci\u00f3n que existe en el sector, con el rostro cubierto y portando una escopeta, con la que apunt\u00f3 a la v\u00edctima, profiri\u00e9ndole, adem\u00e1s, insultos, siendo reconocido por ambas las v\u00edctimas. En dicho contexto, el imputado dispar\u00f3 en contra de S.S.P.M., por la espalda cuando intentaba huir del lugar, hiri\u00e9ndolo con dos tiros que le causaron un neumot\u00f3rax bilateral grave y fractura vertebral, lesiones que de no haber tenido atenci\u00f3n m\u00e9dica oportuna, le habr\u00eda causado la muerte.<\/p>\n\n\n\n<p>Pese a estar herido, S.S.P.M. se dirigi\u00f3 a la casa de un hermano, cayendo dentro de una zanja distante 300 metros del inmueble. Su hermano lo rescat\u00f3 tras escuchar sus gritos de socorro, traslad\u00e1ndolo a un centro de atenci\u00f3n, no sin antes despejar el camino bloqueado por el imputado. S.S.P.M. permanece internado en la UCI del Hospital Dr. Mauricio Heyermann de Angol.<\/p>\n\n\n\n<p>Asimismo, la v\u00edctima M.E.P. result\u00f3 con un edema en el rostro al recibir un golpe de su exconviviente.<\/p>\n\n\n\n<p>Horas despu\u00e9s, personal policial sorprendi\u00f3 al imputado manteniendo en su poder, al interior de su domicilio, ubicado en el sector Nupangue Alto de la comuna de Ercilla, una escopeta marca Maverick, modelo 88, calibre 12, con cinco cartuchos en su interior, m\u00e1sy 24 cartuchos calibre 12 de distintas marcas, sin contar con autorizaci\u00f3n para el porte o tenencia de armas de fuego y municiones.<\/p>\n","protected":false},"excerpt":{"rendered":"<div class=\"pvc_clear\"><\/div>\n<p id=\"pvc_stats_22340\" class=\"pvc_stats total_only  \" data-element-id=\"22340\" style=\"\"><i class=\"pvc-stats-icon large\" aria-hidden=\"true\"><svg aria-hidden=\"true\" focusable=\"false\" data-prefix=\"far\" data-icon=\"chart-bar\" role=\"img\" xmlns=\"http:\/\/www.w3.org\/2000\/svg\" viewBox=\"0 0 512 512\" class=\"svg-inline--fa fa-chart-bar fa-w-16 fa-2x\"><path fill=\"currentColor\" d=\"M396.8 352h22.4c6.4 0 12.8-6.4 12.8-12.8V108.8c0-6.4-6.4-12.8-12.8-12.8h-22.4c-6.4 0-12.8 6.4-12.8 12.8v230.4c0 6.4 6.4 12.8 12.8 12.8zm-192 0h22.4c6.4 0 12.8-6.4 12.8-12.8V140.8c0-6.4-6.4-12.8-12.8-12.8h-22.4c-6.4 0-12.8 6.4-12.8 12.8v198.4c0 6.4 6.4 12.8 12.8 12.8zm96 0h22.4c6.4 0 12.8-6.4 12.8-12.8V204.8c0-6.4-6.4-12.8-12.8-12.8h-22.4c-6.4 0-12.8 6.4-12.8 12.8v134.4c0 6.4 6.4 12.8 12.8 12.8zM496 400H48V80c0-8.84-7.16-16-16-16H16C7.16 64 0 71.16 0 80v336c0 17.67 14.33 32 32 32h464c8.84 0 16-7.16 16-16v-16c0-8.84-7.16-16-16-16zm-387.2-48h22.4c6.4 0 12.8-6.4 12.8-12.8v-70.4c0-6.4-6.4-12.8-12.8-12.8h-22.4c-6.4 0-12.8 6.4-12.8 12.8v70.4c0 6.4 6.4 12.8 12.8 12.8z\" class=\"\"><\/path><\/svg><\/i> <img loading=\"lazy\" decoding=\"async\" width=\"16\" height=\"16\" alt=\"Loading\" src=\"https:\/\/temucotelevision.cl\/web\/wp-content\/plugins\/page-views-count\/ajax-loader-2x.gif\" border=0 \/><\/p>\n<div class=\"pvc_clear\"><\/div>\n<p>El Juzgado de Garant\u00eda de Collipulli dej\u00f3 hoy \u2013lunes 7 de junio\u2013 sujeto a la medida cautelar de prisi\u00f3n preventiva<\/p>\n","protected":false},"author":1,"featured_media":22341,"comment_status":"open","ping_status":"open","sticky":false,"template":"","format":"standard","meta":{"colormag_page_container_layout":"default_layout","colormag_page_sidebar_layout":"default_layout","footnotes":""},"categories":[15],"tags":[3873,363,792,541],"class_list":["post-22340","post","type-post","status-publish","format-standard","has-post-thumbnail","hentry","category-la-araucania","tag-frustrado","tag-homicidio","tag-imputado","tag-prision"],"a3_pvc":{"activated":true,"total_views":83,"today_views":0},"_links":{"self":[{"href":"https:\/\/temucotelevision.cl\/web\/wp-json\/wp\/v2\/posts\/22340","targetHints":{"allow":["GET"]}}],"collection":[{"href":"https:\/\/temucotelevision.cl\/web\/wp-json\/wp\/v2\/posts"}],"about":[{"href":"https:\/\/temucotelevision.cl\/web\/wp-json\/wp\/v2\/types\/post"}],"author":[{"embeddable":true,"href":"https:\/\/temucotelevision.cl\/web\/wp-json\/wp\/v2\/users\/1"}],"replies":[{"embeddable":true,"href":"https:\/\/temucotelevision.cl\/web\/wp-json\/wp\/v2\/comments?post=22340"}],"version-history":[{"count":1,"href":"https:\/\/temucotelevision.cl\/web\/wp-json\/wp\/v2\/posts\/22340\/revisions"}],"predecessor-version":[{"id":22342,"href":"https:\/\/temucotelevision.cl\/web\/wp-json\/wp\/v2\/posts\/22340\/revisions\/22342"}],"wp:featuredmedia":[{"embeddable":true,"href":"https:\/\/temucotelevision.cl\/web\/wp-json\/wp\/v2\/media\/22341"}],"wp:attachment":[{"href":"https:\/\/temucotelevision.cl\/web\/wp-json\/wp\/v2\/media?parent=22340"}],"wp:term":[{"taxonomy":"category","embeddable":true,"href":"https:\/\/temucotelevision.cl\/web\/wp-json\/wp\/v2\/categories?post=22340"},{"taxonomy":"post_tag","embeddable":true,"href":"https:\/\/temucotelevision.cl\/web\/wp-json\/wp\/v2\/tags?post=22340"}],"curies":[{"name":"wp","href":"https:\/\/api.w.org\/{rel}","templated":true}]}}