{"id":22337,"date":"2021-06-09T11:48:41","date_gmt":"2021-06-09T14:48:41","guid":{"rendered":"https:\/\/temucotelevision.cl\/web\/?p=22337"},"modified":"2021-06-09T11:48:45","modified_gmt":"2021-06-09T14:48:45","slug":"superintendente-oryan-tenemos-que-poner-al-centro-las-necesidades-y-el-bienestar-de-los-ninos-y-ninas","status":"publish","type":"post","link":"https:\/\/temucotelevision.cl\/web\/2021\/06\/09\/superintendente-oryan-tenemos-que-poner-al-centro-las-necesidades-y-el-bienestar-de-los-ninos-y-ninas\/","title":{"rendered":"Superintendente O\u2019Ryan: \u201cTenemos que poner al centro las necesidades y el bienestar de los ni\u00f1os y ni\u00f1as\u201d"},"content":{"rendered":"<div class=\"pvc_clear\"><\/div><p id=\"pvc_stats_22337\" class=\"pvc_stats total_only  \" data-element-id=\"22337\" style=\"\"><i class=\"pvc-stats-icon large\" aria-hidden=\"true\"><svg aria-hidden=\"true\" focusable=\"false\" data-prefix=\"far\" data-icon=\"chart-bar\" role=\"img\" xmlns=\"http:\/\/www.w3.org\/2000\/svg\" viewBox=\"0 0 512 512\" class=\"svg-inline--fa fa-chart-bar fa-w-16 fa-2x\"><path fill=\"currentColor\" d=\"M396.8 352h22.4c6.4 0 12.8-6.4 12.8-12.8V108.8c0-6.4-6.4-12.8-12.8-12.8h-22.4c-6.4 0-12.8 6.4-12.8 12.8v230.4c0 6.4 6.4 12.8 12.8 12.8zm-192 0h22.4c6.4 0 12.8-6.4 12.8-12.8V140.8c0-6.4-6.4-12.8-12.8-12.8h-22.4c-6.4 0-12.8 6.4-12.8 12.8v198.4c0 6.4 6.4 12.8 12.8 12.8zm96 0h22.4c6.4 0 12.8-6.4 12.8-12.8V204.8c0-6.4-6.4-12.8-12.8-12.8h-22.4c-6.4 0-12.8 6.4-12.8 12.8v134.4c0 6.4 6.4 12.8 12.8 12.8zM496 400H48V80c0-8.84-7.16-16-16-16H16C7.16 64 0 71.16 0 80v336c0 17.67 14.33 32 32 32h464c8.84 0 16-7.16 16-16v-16c0-8.84-7.16-16-16-16zm-387.2-48h22.4c6.4 0 12.8-6.4 12.8-12.8v-70.4c0-6.4-6.4-12.8-12.8-12.8h-22.4c-6.4 0-12.8 6.4-12.8 12.8v70.4c0 6.4 6.4 12.8 12.8 12.8z\" class=\"\"><\/path><\/svg><\/i> <img loading=\"lazy\" decoding=\"async\" width=\"16\" height=\"16\" alt=\"Loading\" src=\"https:\/\/temucotelevision.cl\/web\/wp-content\/plugins\/page-views-count\/ajax-loader-2x.gif\" border=0 \/><\/p><div class=\"pvc_clear\"><\/div>\n<figure class=\"wp-block-table\"><table><tbody><tr><td><strong>Durante la visita a la regi\u00f3n de la Araucan\u00eda, el superintendente de Educaci\u00f3n recorri\u00f3 tres establecimientos para revisar la implementaci\u00f3n de los protocolos sanitarios.<\/strong><\/td><\/tr><\/tbody><\/table><figcaption>Para conocer c\u00f3mo se est\u00e1n ejecutando los planes de funcionamiento 2021, informados al inicio del a\u00f1o escolar en el contexto de crisis sanitaria, el superintendente de Educaci\u00f3n, Cristi\u00e1n O\u2019Ryan, acompa\u00f1ado de la intendenta de Educaci\u00f3n Parvularia, Mar\u00eda Luisa Orellana y del director regional, \u00d3scar Villar, visit\u00f3 tres establecimientos educacionales de la regi\u00f3n de la Araucan\u00eda.<br><br>El primer recorrido se inici\u00f3 en el Colegio Emprender de Temuco, a cargo de la directora Rosita Erices Castro, para conocer las medidas implementadas en el retorno a clases presenciales, quienes comenzaron a funcionar con un sistema mixto de medias jornadas y d\u00edas alternos.<br><br>En la instancia, el superintendente de Educaci\u00f3n junto al equipo directivo del establecimiento, visit\u00f3 las instalaciones de las dos sedes del colegio, laboratorio de inform\u00e1tica, sede multisensorial y comparti\u00f3 con los estudiantes de ense\u00f1anza media y pre k\u00ednder.<br><br>\u201cDa gusto ver la felicidad de los alumnos por volver a reencontrarse y de los m\u00e1s peque\u00f1os por compartir con sus compa\u00f1eros y profesoras. Entendemos que ha sido complejo este a\u00f1o escolar para las comunidades educativas, pero tenemos que poner al centro las necesidades y el bienestar de los ni\u00f1os y ni\u00f1as, porque para ellos s\u00ed que ha sido dif\u00edcil el proceso educativo de forma remota. En nuestras visitas de acompa\u00f1amiento hemos confirmado que los establecimientos son espacios seguros para los estudiantes, cuando se cumplen con todos los protocolos de seguridad e higiene\u201d, se\u00f1al\u00f3 O\u2019Ryan.<br><br>Posteriormente, la autoridad nacional acompa\u00f1ado del seremi de Educaci\u00f3n, Edison Tropa y del director regional de Junji Araucan\u00eda, Juan Pablo Orlandini, recorrieron el jard\u00edn infantil Las Abejitas, oportunidad en que se le hizo entrega del Reconocimiento Oficial del Estado, otorgado por el Ministerio de Educaci\u00f3n, a la directora del establecimiento Gina Mor\u00e1n.<br><br>En la ocasi\u00f3n, el seremi Edison Tropa destac\u00f3 que \u201cestamos felices porque hemos entregado el Reconocimiento Oficial a este jard\u00edn infantil tras la comprobaci\u00f3n del cumplimiento de requisitos t\u00e9cnico-pedag\u00f3gicos, jur\u00eddicos y de infraestructura; y se formaliza mediante un acto administrativo, donde el ministerio entrega al establecimiento la facultad de certificar, v\u00e1lida y aut\u00f3nomamente, la aprobaci\u00f3n de cada uno de los ciclos y niveles que conforman la educaci\u00f3n regular, y ejercer los dem\u00e1s derechos que confiere la ley\u201d.<br><br>Por su parte, Juan Pablo Orlandini sostuvo que \u201choy es motivo de alegr\u00eda para Junji Araucan\u00eda porque hemos recibido al superintendente de Educaci\u00f3n, junto con sus asesores de Santiago y visitado el jard\u00edn infantil y sala cuna Las Abejitas, un jard\u00edn muy importante y emblem\u00e1tico aqu\u00ed en la ciudad de Temuco, que tiene 41 a\u00f1os de historia y desde el 2019 est\u00e1 funcionando en un edificio nuevo con todo lo que significa el Reconocimiento Oficial. Este jard\u00edn cumple absolutamente con todas las normas y protocolos que el Reconocimiento Oficial nos pide y nos exige\u201d.<br><br>Finalmente, en el Colegio Madre Admirable de Schoenstatt, la directora Alejandra Flores y el equipo directivo dieron a conocer al superintendente de Educaci\u00f3n el trabajo realizado por el establecimiento durante la pandemia, la organizaci\u00f3n de las actividades bajo la modalidad de clases h\u00edbridas, y la implementaci\u00f3n de los protocolos sanitarios.<br><br>\u201cVemos que hay todo un equipo de personas que est\u00e1 trabajando para que los ni\u00f1os y ni\u00f1as puedan cumplir sus sue\u00f1os, por eso es muy importante que los colegios puedan estar abiertos para que vengan los ni\u00f1os a estudiar de manera presencial, y cuando los pap\u00e1s tengan la confianza puedan llevar a sus hijos al colegio\u201d, indic\u00f3 el superintendente O\u2019Ryan.<br><\/figcaption><\/figure>\n","protected":false},"excerpt":{"rendered":"<div class=\"pvc_clear\"><\/div>\n<p id=\"pvc_stats_22337\" class=\"pvc_stats total_only  \" data-element-id=\"22337\" style=\"\"><i class=\"pvc-stats-icon large\" aria-hidden=\"true\"><svg aria-hidden=\"true\" focusable=\"false\" data-prefix=\"far\" data-icon=\"chart-bar\" role=\"img\" xmlns=\"http:\/\/www.w3.org\/2000\/svg\" viewBox=\"0 0 512 512\" class=\"svg-inline--fa fa-chart-bar fa-w-16 fa-2x\"><path fill=\"currentColor\" d=\"M396.8 352h22.4c6.4 0 12.8-6.4 12.8-12.8V108.8c0-6.4-6.4-12.8-12.8-12.8h-22.4c-6.4 0-12.8 6.4-12.8 12.8v230.4c0 6.4 6.4 12.8 12.8 12.8zm-192 0h22.4c6.4 0 12.8-6.4 12.8-12.8V140.8c0-6.4-6.4-12.8-12.8-12.8h-22.4c-6.4 0-12.8 6.4-12.8 12.8v198.4c0 6.4 6.4 12.8 12.8 12.8zm96 0h22.4c6.4 0 12.8-6.4 12.8-12.8V204.8c0-6.4-6.4-12.8-12.8-12.8h-22.4c-6.4 0-12.8 6.4-12.8 12.8v134.4c0 6.4 6.4 12.8 12.8 12.8zM496 400H48V80c0-8.84-7.16-16-16-16H16C7.16 64 0 71.16 0 80v336c0 17.67 14.33 32 32 32h464c8.84 0 16-7.16 16-16v-16c0-8.84-7.16-16-16-16zm-387.2-48h22.4c6.4 0 12.8-6.4 12.8-12.8v-70.4c0-6.4-6.4-12.8-12.8-12.8h-22.4c-6.4 0-12.8 6.4-12.8 12.8v70.4c0 6.4 6.4 12.8 12.8 12.8z\" class=\"\"><\/path><\/svg><\/i> <img loading=\"lazy\" decoding=\"async\" width=\"16\" height=\"16\" alt=\"Loading\" src=\"https:\/\/temucotelevision.cl\/web\/wp-content\/plugins\/page-views-count\/ajax-loader-2x.gif\" border=0 \/><\/p>\n<div class=\"pvc_clear\"><\/div>\n<p>Durante la visita a la regi\u00f3n de la Araucan\u00eda, el superintendente de Educaci\u00f3n recorri\u00f3 tres establecimientos para revisar la implementaci\u00f3n<\/p>\n","protected":false},"author":1,"featured_media":22338,"comment_status":"open","ping_status":"open","sticky":false,"template":"","format":"standard","meta":{"colormag_page_container_layout":"default_layout","colormag_page_sidebar_layout":"default_layout","footnotes":""},"categories":[15],"tags":[148,150,2328],"class_list":["post-22337","post","type-post","status-publish","format-standard","has-post-thumbnail","hentry","category-la-araucania","tag-educacion","tag-estudiantes","tag-protocolos"],"a3_pvc":{"activated":true,"total_views":34,"today_views":0},"_links":{"self":[{"href":"https:\/\/temucotelevision.cl\/web\/wp-json\/wp\/v2\/posts\/22337","targetHints":{"allow":["GET"]}}],"collection":[{"href":"https:\/\/temucotelevision.cl\/web\/wp-json\/wp\/v2\/posts"}],"about":[{"href":"https:\/\/temucotelevision.cl\/web\/wp-json\/wp\/v2\/types\/post"}],"author":[{"embeddable":true,"href":"https:\/\/temucotelevision.cl\/web\/wp-json\/wp\/v2\/users\/1"}],"replies":[{"embeddable":true,"href":"https:\/\/temucotelevision.cl\/web\/wp-json\/wp\/v2\/comments?post=22337"}],"version-history":[{"count":1,"href":"https:\/\/temucotelevision.cl\/web\/wp-json\/wp\/v2\/posts\/22337\/revisions"}],"predecessor-version":[{"id":22339,"href":"https:\/\/temucotelevision.cl\/web\/wp-json\/wp\/v2\/posts\/22337\/revisions\/22339"}],"wp:featuredmedia":[{"embeddable":true,"href":"https:\/\/temucotelevision.cl\/web\/wp-json\/wp\/v2\/media\/22338"}],"wp:attachment":[{"href":"https:\/\/temucotelevision.cl\/web\/wp-json\/wp\/v2\/media?parent=22337"}],"wp:term":[{"taxonomy":"category","embeddable":true,"href":"https:\/\/temucotelevision.cl\/web\/wp-json\/wp\/v2\/categories?post=22337"},{"taxonomy":"post_tag","embeddable":true,"href":"https:\/\/temucotelevision.cl\/web\/wp-json\/wp\/v2\/tags?post=22337"}],"curies":[{"name":"wp","href":"https:\/\/api.w.org\/{rel}","templated":true}]}}