{"id":22334,"date":"2021-06-08T23:07:35","date_gmt":"2021-06-09T02:07:35","guid":{"rendered":"https:\/\/temucotelevision.cl\/web\/?p=22334"},"modified":"2021-06-08T23:07:37","modified_gmt":"2021-06-09T02:07:37","slug":"defensoria-de-la-araucania-retomo-atencion-de-publico-en-oficinas-de-temuco","status":"publish","type":"post","link":"https:\/\/temucotelevision.cl\/web\/2021\/06\/08\/defensoria-de-la-araucania-retomo-atencion-de-publico-en-oficinas-de-temuco\/","title":{"rendered":"Defensor\u00eda de La Araucan\u00eda retom\u00f3 atenci\u00f3n de p\u00fablico en oficinas de Temuco"},"content":{"rendered":"<div class=\"pvc_clear\"><\/div><p id=\"pvc_stats_22334\" class=\"pvc_stats total_only  \" data-element-id=\"22334\" style=\"\"><i class=\"pvc-stats-icon large\" aria-hidden=\"true\"><svg aria-hidden=\"true\" focusable=\"false\" data-prefix=\"far\" data-icon=\"chart-bar\" role=\"img\" xmlns=\"http:\/\/www.w3.org\/2000\/svg\" viewBox=\"0 0 512 512\" class=\"svg-inline--fa fa-chart-bar fa-w-16 fa-2x\"><path fill=\"currentColor\" d=\"M396.8 352h22.4c6.4 0 12.8-6.4 12.8-12.8V108.8c0-6.4-6.4-12.8-12.8-12.8h-22.4c-6.4 0-12.8 6.4-12.8 12.8v230.4c0 6.4 6.4 12.8 12.8 12.8zm-192 0h22.4c6.4 0 12.8-6.4 12.8-12.8V140.8c0-6.4-6.4-12.8-12.8-12.8h-22.4c-6.4 0-12.8 6.4-12.8 12.8v198.4c0 6.4 6.4 12.8 12.8 12.8zm96 0h22.4c6.4 0 12.8-6.4 12.8-12.8V204.8c0-6.4-6.4-12.8-12.8-12.8h-22.4c-6.4 0-12.8 6.4-12.8 12.8v134.4c0 6.4 6.4 12.8 12.8 12.8zM496 400H48V80c0-8.84-7.16-16-16-16H16C7.16 64 0 71.16 0 80v336c0 17.67 14.33 32 32 32h464c8.84 0 16-7.16 16-16v-16c0-8.84-7.16-16-16-16zm-387.2-48h22.4c6.4 0 12.8-6.4 12.8-12.8v-70.4c0-6.4-6.4-12.8-12.8-12.8h-22.4c-6.4 0-12.8 6.4-12.8 12.8v70.4c0 6.4 6.4 12.8 12.8 12.8z\" class=\"\"><\/path><\/svg><\/i> <img loading=\"lazy\" decoding=\"async\" width=\"16\" height=\"16\" alt=\"Loading\" src=\"https:\/\/temucotelevision.cl\/web\/wp-content\/plugins\/page-views-count\/ajax-loader-2x.gif\" border=0 \/><\/p><div class=\"pvc_clear\"><\/div>\n<p><em>Tras un a\u00f1o de atenci\u00f3n remota a trav\u00e9s de canales digitales<\/em><\/p>\n\n\n\n<p><em>Mientras la capital de La Araucan\u00eda se mantenga en fase 2 del Plan Paso a Paso, las dependencias estar\u00e1n abiertas de forma parcial para la atenci\u00f3n de usuarios.<\/em><\/p>\n\n\n\n<p>Bajo estrictas medias de seguridad, aforos restringidos y turnos rotativos de profesionales, la Defensor\u00eda Penal P\u00fablica de La Araucan\u00eda, retom\u00f3 la atenci\u00f3n de p\u00fablico en sus oficinas de Portales 361, en la capital regional.&nbsp;&nbsp;Tras m\u00e1s de un a\u00f1o de atenci\u00f3n remota a trav\u00e9s de diversos canales de comunicaci\u00f3n, como plataformas digitales, telef\u00f3nicas y aplicaciones web, la instituci\u00f3n avanza hacia una apertura gradual, que permitir\u00e1 la atenci\u00f3n a la comunidad de lunes a viernes de 9 a 13 horas.<\/p>\n\n\n\n<p>As\u00ed lo inform\u00f3 el Defensor Regional de La Araucan\u00eda, Renato Gonz\u00e1lez Caro, quien se\u00f1al\u00f3 que esta apertura responde a la actualizaci\u00f3n del Plan de Resguardo Institucional que rige desde marzo de 2020 y que este a\u00f1o fue revisado entre funcionarios, directivos y gremios. Su actualizaci\u00f3n permiti\u00f3 ajustar las etapas del plan a las del Plan Paso a Paso, lo que signific\u00f3 avanzar hacia la apertura gradual de varias oficinas a lo largo del pa\u00eds.&nbsp;<\/p>\n\n\n\n<p>\u201cDentro del marco del Plan de Resguardo Institucional, se estableci\u00f3 a nivel pa\u00eds que el d\u00eda 01 de junio reci\u00e9n pasado, \u00edbamos a abrir nuestras oficinas, siempre y cuando la comuna respectiva estuviera en fase 2 (del Plan Paso a Paso). Nosotros iniciamos con la Defensora regional y la Defensor\u00eda Local de Temuco. Para ello nos hemos organizado en turno rotativos para responder a la demanda espont\u00e1nea de las personas que venga a nuestras oficinas\u201d dijo el defensor.<\/p>\n\n\n\n<p>Atenci\u00f3n remota<\/p>\n\n\n\n<p>Cabe se\u00f1alar que desde el inicio de la pandemia del COVID-19, la Defensor\u00eda Penal P\u00fablica centr\u00f3 en fortalecer la atenci\u00f3n remota, a trav\u00e9s canales telef\u00f3nicos, plataformas web y la creaci\u00f3n de la aplicaci\u00f3n \u201cMi Defensor\u00eda\u201d, que permite la revisi\u00f3n de causas y la posibilidad de agendar horas de atenci\u00f3n telef\u00f3nica con los defensores, canales que hasta la fechan se mantiene activos y que hoy se complementan con la atenci\u00f3n presencial.&nbsp;<\/p>\n\n\n\n<p>\u201cDurante todo este a\u00f1o nos hemos desplegados a nivel regional y nacional a trav\u00e9s de todos los sistemas y plataformas digitales; v\u00eda telef\u00f3nica y plataforma Zoom que es la que m\u00e1s utilizamos. Esto no solo lo hacemos con el p\u00fablico en general, sino tambi\u00e9n con las personas privadas de libertad, con quienes mantenemos contacto peri\u00f3dicamente a trav\u00e9s de estas tecnolog\u00edas, que es la misma que utilizamos para los controles de detenci\u00f3n que se hacen desde las comisar\u00edas. Ahora hay que dar un paso m\u00e1s, con todos los cuidados que corresponden para avanzar hacia la atenci\u00f3n presencial\u201d dijo Gonz\u00e1lez.<\/p>\n\n\n\n<p>El directivo destac\u00f3 la alta afluencia de p\u00fablico en esta primera semana de apertura de las oficinas, marcada por las consultas de familiares de las personas que son imputadas. \u201cAsumimos que (la afluencia de p\u00fablico) va a ir aumentando. Despu\u00e9s de bastante tiempo de nuestras oficinas cerradas en t\u00e9rminos presenciales y pese a que estuvimos a trav\u00e9s de los canales virtuales y v\u00eda telef\u00f3nica, siempre es bueno poder estar cara a cara colaborando con la atenci\u00f3n de p\u00fablico con la ciudadan\u00eda\u201d.&nbsp;<\/p>\n","protected":false},"excerpt":{"rendered":"<div class=\"pvc_clear\"><\/div>\n<p id=\"pvc_stats_22334\" class=\"pvc_stats total_only  \" data-element-id=\"22334\" style=\"\"><i class=\"pvc-stats-icon large\" aria-hidden=\"true\"><svg aria-hidden=\"true\" focusable=\"false\" data-prefix=\"far\" data-icon=\"chart-bar\" role=\"img\" xmlns=\"http:\/\/www.w3.org\/2000\/svg\" viewBox=\"0 0 512 512\" class=\"svg-inline--fa fa-chart-bar fa-w-16 fa-2x\"><path fill=\"currentColor\" d=\"M396.8 352h22.4c6.4 0 12.8-6.4 12.8-12.8V108.8c0-6.4-6.4-12.8-12.8-12.8h-22.4c-6.4 0-12.8 6.4-12.8 12.8v230.4c0 6.4 6.4 12.8 12.8 12.8zm-192 0h22.4c6.4 0 12.8-6.4 12.8-12.8V140.8c0-6.4-6.4-12.8-12.8-12.8h-22.4c-6.4 0-12.8 6.4-12.8 12.8v198.4c0 6.4 6.4 12.8 12.8 12.8zm96 0h22.4c6.4 0 12.8-6.4 12.8-12.8V204.8c0-6.4-6.4-12.8-12.8-12.8h-22.4c-6.4 0-12.8 6.4-12.8 12.8v134.4c0 6.4 6.4 12.8 12.8 12.8zM496 400H48V80c0-8.84-7.16-16-16-16H16C7.16 64 0 71.16 0 80v336c0 17.67 14.33 32 32 32h464c8.84 0 16-7.16 16-16v-16c0-8.84-7.16-16-16-16zm-387.2-48h22.4c6.4 0 12.8-6.4 12.8-12.8v-70.4c0-6.4-6.4-12.8-12.8-12.8h-22.4c-6.4 0-12.8 6.4-12.8 12.8v70.4c0 6.4 6.4 12.8 12.8 12.8z\" class=\"\"><\/path><\/svg><\/i> <img loading=\"lazy\" decoding=\"async\" width=\"16\" height=\"16\" alt=\"Loading\" src=\"https:\/\/temucotelevision.cl\/web\/wp-content\/plugins\/page-views-count\/ajax-loader-2x.gif\" border=0 \/><\/p>\n<div class=\"pvc_clear\"><\/div>\n<p>Tras un a\u00f1o de atenci\u00f3n remota a trav\u00e9s de canales digitales Mientras la capital de La Araucan\u00eda se mantenga en<\/p>\n","protected":false},"author":1,"featured_media":22335,"comment_status":"open","ping_status":"open","sticky":false,"template":"","format":"standard","meta":{"colormag_page_container_layout":"default_layout","colormag_page_sidebar_layout":"default_layout","footnotes":""},"categories":[15],"tags":[253,3649],"class_list":["post-22334","post","type-post","status-publish","format-standard","has-post-thumbnail","hentry","category-la-araucania","tag-atencion","tag-defensoria"],"a3_pvc":{"activated":true,"total_views":9,"today_views":0},"_links":{"self":[{"href":"https:\/\/temucotelevision.cl\/web\/wp-json\/wp\/v2\/posts\/22334","targetHints":{"allow":["GET"]}}],"collection":[{"href":"https:\/\/temucotelevision.cl\/web\/wp-json\/wp\/v2\/posts"}],"about":[{"href":"https:\/\/temucotelevision.cl\/web\/wp-json\/wp\/v2\/types\/post"}],"author":[{"embeddable":true,"href":"https:\/\/temucotelevision.cl\/web\/wp-json\/wp\/v2\/users\/1"}],"replies":[{"embeddable":true,"href":"https:\/\/temucotelevision.cl\/web\/wp-json\/wp\/v2\/comments?post=22334"}],"version-history":[{"count":1,"href":"https:\/\/temucotelevision.cl\/web\/wp-json\/wp\/v2\/posts\/22334\/revisions"}],"predecessor-version":[{"id":22336,"href":"https:\/\/temucotelevision.cl\/web\/wp-json\/wp\/v2\/posts\/22334\/revisions\/22336"}],"wp:featuredmedia":[{"embeddable":true,"href":"https:\/\/temucotelevision.cl\/web\/wp-json\/wp\/v2\/media\/22335"}],"wp:attachment":[{"href":"https:\/\/temucotelevision.cl\/web\/wp-json\/wp\/v2\/media?parent=22334"}],"wp:term":[{"taxonomy":"category","embeddable":true,"href":"https:\/\/temucotelevision.cl\/web\/wp-json\/wp\/v2\/categories?post=22334"},{"taxonomy":"post_tag","embeddable":true,"href":"https:\/\/temucotelevision.cl\/web\/wp-json\/wp\/v2\/tags?post=22334"}],"curies":[{"name":"wp","href":"https:\/\/api.w.org\/{rel}","templated":true}]}}