{"id":22330,"date":"2021-06-08T20:20:11","date_gmt":"2021-06-08T23:20:11","guid":{"rendered":"https:\/\/temucotelevision.cl\/web\/?p=22330"},"modified":"2021-06-08T20:20:53","modified_gmt":"2021-06-08T23:20:53","slug":"nuevo-sistema-tactico-para-frenar-la-violencia-asoma-entrada-en-vigencia-de-sistema-stop-que-fortalecera-a-las-policias","status":"publish","type":"post","link":"https:\/\/temucotelevision.cl\/web\/2021\/06\/08\/nuevo-sistema-tactico-para-frenar-la-violencia-asoma-entrada-en-vigencia-de-sistema-stop-que-fortalecera-a-las-policias\/","title":{"rendered":"Nuevo Sistema t\u00e1ctico para frenar la violencia: Asoma entrada en vigencia de sistema Stop que fortalecer\u00e1 a las polic\u00edas"},"content":{"rendered":"<div class=\"pvc_clear\"><\/div><p id=\"pvc_stats_22330\" class=\"pvc_stats total_only  \" data-element-id=\"22330\" style=\"\"><i class=\"pvc-stats-icon large\" aria-hidden=\"true\"><svg aria-hidden=\"true\" focusable=\"false\" data-prefix=\"far\" data-icon=\"chart-bar\" role=\"img\" xmlns=\"http:\/\/www.w3.org\/2000\/svg\" viewBox=\"0 0 512 512\" class=\"svg-inline--fa fa-chart-bar fa-w-16 fa-2x\"><path fill=\"currentColor\" d=\"M396.8 352h22.4c6.4 0 12.8-6.4 12.8-12.8V108.8c0-6.4-6.4-12.8-12.8-12.8h-22.4c-6.4 0-12.8 6.4-12.8 12.8v230.4c0 6.4 6.4 12.8 12.8 12.8zm-192 0h22.4c6.4 0 12.8-6.4 12.8-12.8V140.8c0-6.4-6.4-12.8-12.8-12.8h-22.4c-6.4 0-12.8 6.4-12.8 12.8v198.4c0 6.4 6.4 12.8 12.8 12.8zm96 0h22.4c6.4 0 12.8-6.4 12.8-12.8V204.8c0-6.4-6.4-12.8-12.8-12.8h-22.4c-6.4 0-12.8 6.4-12.8 12.8v134.4c0 6.4 6.4 12.8 12.8 12.8zM496 400H48V80c0-8.84-7.16-16-16-16H16C7.16 64 0 71.16 0 80v336c0 17.67 14.33 32 32 32h464c8.84 0 16-7.16 16-16v-16c0-8.84-7.16-16-16-16zm-387.2-48h22.4c6.4 0 12.8-6.4 12.8-12.8v-70.4c0-6.4-6.4-12.8-12.8-12.8h-22.4c-6.4 0-12.8 6.4-12.8 12.8v70.4c0 6.4 6.4 12.8 12.8 12.8z\" class=\"\"><\/path><\/svg><\/i> <img loading=\"lazy\" decoding=\"async\" width=\"16\" height=\"16\" alt=\"Loading\" src=\"https:\/\/temucotelevision.cl\/web\/wp-content\/plugins\/page-views-count\/ajax-loader-2x.gif\" border=0 \/><\/p><div class=\"pvc_clear\"><\/div>\n<ul class=\"wp-block-list\"><li>Poderosa herramienta, recoge las mejores experiencias internacionales de las polic\u00edas, que utiliza modernas tecnolog\u00edas esto, permite una mejor coordinaci\u00f3n entre Carabineros, la Polic\u00eda de Investigaciones, el Ministerio P\u00fablico, los municipios, la sociedad civil y las organizaciones sociales.<\/li><\/ul>\n\n\n\n<p>El Presidente\u00a0<strong>Sebasti\u00e1n Pi\u00f1era,<\/strong>\u00a0inform\u00f3 la puesta en marcha de la ley que institucionaliza el\u00a0Sistema T\u00e1ctico de Operaci\u00f3n Policial\u00a0<a href=\"https:\/\/www.t13.cl\/etiqueta\/plan-stop\">(STOP)<\/a>\u00a0el cual est\u00e1 \u00a0orientado a la\u00a0<strong>prevenci\u00f3n de delitos.<\/strong>\u00a0Este plan,\u00a0<strong>coordina el trabajo del Ministerio del Interior, Carabineros, Fiscal\u00eda y los municipios<\/strong>.\u00a0\u00a0De esta forma, el m\u00e9todo permite revisar los puntos donde se producen los delitos, las detenciones realizadas y las denuncias recibidas.<\/p>\n\n\n\n<p>El Sistema T\u00e1ctico de Operaci\u00f3n Policial (STOP) consiste en una herramienta para optimizar y transparentar la gesti\u00f3n t\u00e1ctica policial orientada a la prevenci\u00f3n de delitos. Entre sus principales caracter\u00edsticas, es que se promover\u00e1 la participaci\u00f3n de representantes de organizaciones civiles y de organismos p\u00fablicos para que contribuyan dando a conocer las tem\u00e1ticas relevantes para la comunidad.<\/p>\n\n\n\n<p>Seg\u00fan el funcionamiento del sistema, el Coordinador Regional de Seguridad P\u00fablica, Luis Carmach, explic\u00f3 el funcionamiento del programa: \u201cEl Sistema T\u00e1ctico de Operaci\u00f3n Policial, crea reuniones peri\u00f3dicas, a lo menos una vez al mes, esto a nivel de Prefecturas de Carabineros, ac\u00e1 se hacen parte representantes de la instituci\u00f3n policial, se hace parte el Ministerio del Interior, el Ministerio P\u00fablico y las municipalidades de la respectiva prefectura. En estas jornadas articuladas,&nbsp;&nbsp;se revisa la actividad delictual, los puntos donde se producen los delitos, las detenciones realizadas y las denuncias que se han recibido, las cuales se georreferencian\u201d.<\/p>\n\n\n\n<p>En esta misma l\u00ednea, el Intendente V\u00edctor Manoli, a\u00f1adi\u00f3 que \u201cTras las jornadas de trabajo es que se generan compromisos y acuerdos con las diversas instituciones que participan de STOP, para la prevenci\u00f3n y disminuci\u00f3n de delitos, cuyo cumplimiento y efectividad se eval\u00faan en las sesiones posteriores\u201d.<\/p>\n\n\n\n<p>\u201cEn el marco de las acciones de este sistema, a&nbsp;&nbsp;nivel pa\u00eds se han efectuado m\u00e1s de 1.000 sesiones y se han tomado m\u00e1s de 5.000 compromisos a nivel nacional, en La Araucan\u00eda, se han efectuado 67 sesiones desde el 2018, todas orientadas a disminuir la delincuencia y aumentar las tasas de detenci\u00f3n, sumado a&nbsp;&nbsp;los controles preventivos, fiscalizaciones,&nbsp;&nbsp;esto ha generado como resultado que desde iniciado estas reuniones, los delitos de mayor connotaci\u00f3n social han disminuido un 41% interanual entre enero y abril\u201d a\u00f1adi\u00f3 la autoridad.<\/p>\n\n\n\n<p><strong>Cambios con la Ley<\/strong><\/p>\n\n\n\n<p>El Sistema promover\u00e1 la intervenci\u00f3n de representantes de organizaciones civiles y de organismos p\u00fablicos para que colaboren en aquellas materias que sean de su competencia e inter\u00e9s, dando a conocer las tem\u00e1ticas relevantes para la comunidad que permitan obtener informaci\u00f3n \u00fatil para el sistema y la adopci\u00f3n de acuerdos.<\/p>\n\n\n\n<p>Cada a\u00f1o, Carabineros de Chile, presentar\u00e1 en audiencia p\u00fablica ante el consejo comunal de seguridad p\u00fablica, los resultados que generen&nbsp;&nbsp;el cumplimiento de los compromisos adoptados en el Sistema. Tras&nbsp;&nbsp;la audiencia p\u00fablica, las organizaciones participantes, en conjunto con el consejo comunal de seguridad, emitir\u00e1n, dentro del plazo de treinta d\u00edas, un informe no vinculante que contenga la evaluaci\u00f3n del cumplimiento de las metas.<\/p>\n\n\n\n<p>Cabe destacar, que STOP permite generar acuerdos entre Carabineros, el Ministerio Publico y los municipios. La articulaci\u00f3n de todos los actores permitir\u00e1, que si hay un grupo delictual cometiendo delitos, el Ministerio P\u00fablico lo va a saber para efectos investigativos; por otra parte, si hay un lugar donde se cometen delitos por falta de iluminaci\u00f3n, el municipio lo va a saber para corregir la situaci\u00f3n.\u00a0<\/p>\n\n\n\n<figure class=\"wp-block-image size-large\"><img loading=\"lazy\" decoding=\"async\" width=\"800\" height=\"455\" src=\"https:\/\/temucotelevision.cl\/web\/wp-content\/uploads\/2021\/06\/Stop.jpg\" alt=\"\" class=\"wp-image-22332\" srcset=\"https:\/\/temucotelevision.cl\/web\/wp-content\/uploads\/2021\/06\/Stop.jpg 800w, https:\/\/temucotelevision.cl\/web\/wp-content\/uploads\/2021\/06\/Stop-768x437.jpg 768w\" sizes=\"auto, (max-width: 800px) 100vw, 800px\" \/><\/figure>\n","protected":false},"excerpt":{"rendered":"<div class=\"pvc_clear\"><\/div>\n<p id=\"pvc_stats_22330\" class=\"pvc_stats total_only  \" data-element-id=\"22330\" style=\"\"><i class=\"pvc-stats-icon large\" aria-hidden=\"true\"><svg aria-hidden=\"true\" focusable=\"false\" data-prefix=\"far\" data-icon=\"chart-bar\" role=\"img\" xmlns=\"http:\/\/www.w3.org\/2000\/svg\" viewBox=\"0 0 512 512\" class=\"svg-inline--fa fa-chart-bar fa-w-16 fa-2x\"><path fill=\"currentColor\" d=\"M396.8 352h22.4c6.4 0 12.8-6.4 12.8-12.8V108.8c0-6.4-6.4-12.8-12.8-12.8h-22.4c-6.4 0-12.8 6.4-12.8 12.8v230.4c0 6.4 6.4 12.8 12.8 12.8zm-192 0h22.4c6.4 0 12.8-6.4 12.8-12.8V140.8c0-6.4-6.4-12.8-12.8-12.8h-22.4c-6.4 0-12.8 6.4-12.8 12.8v198.4c0 6.4 6.4 12.8 12.8 12.8zm96 0h22.4c6.4 0 12.8-6.4 12.8-12.8V204.8c0-6.4-6.4-12.8-12.8-12.8h-22.4c-6.4 0-12.8 6.4-12.8 12.8v134.4c0 6.4 6.4 12.8 12.8 12.8zM496 400H48V80c0-8.84-7.16-16-16-16H16C7.16 64 0 71.16 0 80v336c0 17.67 14.33 32 32 32h464c8.84 0 16-7.16 16-16v-16c0-8.84-7.16-16-16-16zm-387.2-48h22.4c6.4 0 12.8-6.4 12.8-12.8v-70.4c0-6.4-6.4-12.8-12.8-12.8h-22.4c-6.4 0-12.8 6.4-12.8 12.8v70.4c0 6.4 6.4 12.8 12.8 12.8z\" class=\"\"><\/path><\/svg><\/i> <img loading=\"lazy\" decoding=\"async\" width=\"16\" height=\"16\" alt=\"Loading\" src=\"https:\/\/temucotelevision.cl\/web\/wp-content\/plugins\/page-views-count\/ajax-loader-2x.gif\" border=0 \/><\/p>\n<div class=\"pvc_clear\"><\/div>\n<p>Poderosa herramienta, recoge las mejores experiencias internacionales de las polic\u00edas, que utiliza modernas tecnolog\u00edas esto, permite una mejor coordinaci\u00f3n entre<\/p>\n","protected":false},"author":1,"featured_media":9261,"comment_status":"open","ping_status":"open","sticky":false,"template":"","format":"standard","meta":{"colormag_page_container_layout":"default_layout","colormag_page_sidebar_layout":"default_layout","footnotes":""},"categories":[15],"tags":[1514,3888,1237],"class_list":["post-22330","post","type-post","status-publish","format-standard","has-post-thumbnail","hentry","category-la-araucania","tag-sistema","tag-stop","tag-violencia"],"a3_pvc":{"activated":true,"total_views":20,"today_views":2},"_links":{"self":[{"href":"https:\/\/temucotelevision.cl\/web\/wp-json\/wp\/v2\/posts\/22330","targetHints":{"allow":["GET"]}}],"collection":[{"href":"https:\/\/temucotelevision.cl\/web\/wp-json\/wp\/v2\/posts"}],"about":[{"href":"https:\/\/temucotelevision.cl\/web\/wp-json\/wp\/v2\/types\/post"}],"author":[{"embeddable":true,"href":"https:\/\/temucotelevision.cl\/web\/wp-json\/wp\/v2\/users\/1"}],"replies":[{"embeddable":true,"href":"https:\/\/temucotelevision.cl\/web\/wp-json\/wp\/v2\/comments?post=22330"}],"version-history":[{"count":2,"href":"https:\/\/temucotelevision.cl\/web\/wp-json\/wp\/v2\/posts\/22330\/revisions"}],"predecessor-version":[{"id":22333,"href":"https:\/\/temucotelevision.cl\/web\/wp-json\/wp\/v2\/posts\/22330\/revisions\/22333"}],"wp:featuredmedia":[{"embeddable":true,"href":"https:\/\/temucotelevision.cl\/web\/wp-json\/wp\/v2\/media\/9261"}],"wp:attachment":[{"href":"https:\/\/temucotelevision.cl\/web\/wp-json\/wp\/v2\/media?parent=22330"}],"wp:term":[{"taxonomy":"category","embeddable":true,"href":"https:\/\/temucotelevision.cl\/web\/wp-json\/wp\/v2\/categories?post=22330"},{"taxonomy":"post_tag","embeddable":true,"href":"https:\/\/temucotelevision.cl\/web\/wp-json\/wp\/v2\/tags?post=22330"}],"curies":[{"name":"wp","href":"https:\/\/api.w.org\/{rel}","templated":true}]}}