{"id":22327,"date":"2021-06-08T19:06:11","date_gmt":"2021-06-08T22:06:11","guid":{"rendered":"https:\/\/temucotelevision.cl\/web\/?p=22327"},"modified":"2021-06-08T19:06:15","modified_gmt":"2021-06-08T22:06:15","slug":"temuco-juzgado-decreta-la-prision-preventiva-de-sujetos-por-homicidio-en-servicentro","status":"publish","type":"post","link":"https:\/\/temucotelevision.cl\/web\/2021\/06\/08\/temuco-juzgado-decreta-la-prision-preventiva-de-sujetos-por-homicidio-en-servicentro\/","title":{"rendered":"Temuco: Juzgado decreta la prisi\u00f3n preventiva de sujetos por homicidio en servicentro"},"content":{"rendered":"<div class=\"pvc_clear\"><\/div><p id=\"pvc_stats_22327\" class=\"pvc_stats total_only  \" data-element-id=\"22327\" style=\"\"><i class=\"pvc-stats-icon large\" aria-hidden=\"true\"><svg aria-hidden=\"true\" focusable=\"false\" data-prefix=\"far\" data-icon=\"chart-bar\" role=\"img\" xmlns=\"http:\/\/www.w3.org\/2000\/svg\" viewBox=\"0 0 512 512\" class=\"svg-inline--fa fa-chart-bar fa-w-16 fa-2x\"><path fill=\"currentColor\" d=\"M396.8 352h22.4c6.4 0 12.8-6.4 12.8-12.8V108.8c0-6.4-6.4-12.8-12.8-12.8h-22.4c-6.4 0-12.8 6.4-12.8 12.8v230.4c0 6.4 6.4 12.8 12.8 12.8zm-192 0h22.4c6.4 0 12.8-6.4 12.8-12.8V140.8c0-6.4-6.4-12.8-12.8-12.8h-22.4c-6.4 0-12.8 6.4-12.8 12.8v198.4c0 6.4 6.4 12.8 12.8 12.8zm96 0h22.4c6.4 0 12.8-6.4 12.8-12.8V204.8c0-6.4-6.4-12.8-12.8-12.8h-22.4c-6.4 0-12.8 6.4-12.8 12.8v134.4c0 6.4 6.4 12.8 12.8 12.8zM496 400H48V80c0-8.84-7.16-16-16-16H16C7.16 64 0 71.16 0 80v336c0 17.67 14.33 32 32 32h464c8.84 0 16-7.16 16-16v-16c0-8.84-7.16-16-16-16zm-387.2-48h22.4c6.4 0 12.8-6.4 12.8-12.8v-70.4c0-6.4-6.4-12.8-12.8-12.8h-22.4c-6.4 0-12.8 6.4-12.8 12.8v70.4c0 6.4 6.4 12.8 12.8 12.8z\" class=\"\"><\/path><\/svg><\/i> <img loading=\"lazy\" decoding=\"async\" width=\"16\" height=\"16\" alt=\"Loading\" src=\"https:\/\/temucotelevision.cl\/web\/wp-content\/plugins\/page-views-count\/ajax-loader-2x.gif\" border=0 \/><\/p><div class=\"pvc_clear\"><\/div>\n<p>El Juzgado de Garant\u00eda de Temuco dej\u00f3 hoy \u2013martes 8 de junio\u2013 sujetos a la medida cautelar de prisi\u00f3n preventiva a&nbsp;<strong>Juan Manual Rothen Paz<\/strong>y&nbsp;<strong>Alexis Santiago Vargas Pichunlaf<\/strong>, imputados por el Ministerio P\u00fablico como autores del delito consumado de homicidio simple. Il\u00edcito perpetrado el viernes reci\u00e9n pasado, en la comuna.<\/p>\n\n\n\n<p>En la audiencia de formalizaci\u00f3n, el magistrado Luis Olivares Apablaza orden\u00f3 el ingreso de Rothen Paz y Vargas Pichunlaf al Centro de Cumplimiento Penitenciario de Temuco, por considerar que la libertad de los imputados constituye un peligro para la seguridad de la sociedad, en consideraci\u00f3n a la gravedad del delito formalizado y la pena que arriesgan. Adem\u00e1s, fij\u00f3 en cinco meses el plazo de investigaci\u00f3n.<\/p>\n\n\n\n<p>Seg\u00fan el ente persecutor, alrededor de las 9.40 horas del 4 de junio 2021, en una estaci\u00f3n de servicio ubicada en avenida Balmaceda esquina Basilio Urrutia, sector Feria Pinto de la comuna de Temuco, la v\u00edctima Fredy Daniel Gonz\u00e1lez Merino se encontraba en una fila para ingresar al local comercial, con acceso restringido debido a la pandemia, momento en el cual&nbsp;el imputado Rothen Paz ingres\u00f3 al local sin respetar la fila, lo que ocasion\u00f3 una discusi\u00f3n con Gonz\u00e1lez Merino, quien fue agredido con golpes de pies y pu\u00f1os por el imputado Rothen Paz, quien, adem\u00e1s, lo inmoviliz\u00f3, momento en que se sum\u00f3 a la agresi\u00f3n el coimputado Vargas Pichunlaf (yerno de Rothen Paz), quien descendi\u00f3 del veh\u00edculo en que se movilizaban, procediendo a propinar estocadas con un cuchillo a la v\u00edctima, tras lo cual ambos imputados se retiran a bordo del autom\u00f3vil.<\/p>\n\n\n\n<p>La v\u00edctima se desvaneci\u00f3 en el lugar, falleciendo, seg\u00fan ex\u00e1menes forenses, debido a una herida cortopunzante penetrante a\u00f3rtica, adem\u00e1s de presentar heridas contusas en la cabeza y cuerpo.<\/p>\n","protected":false},"excerpt":{"rendered":"<div class=\"pvc_clear\"><\/div>\n<p id=\"pvc_stats_22327\" class=\"pvc_stats total_only  \" data-element-id=\"22327\" style=\"\"><i class=\"pvc-stats-icon large\" aria-hidden=\"true\"><svg aria-hidden=\"true\" focusable=\"false\" data-prefix=\"far\" data-icon=\"chart-bar\" role=\"img\" xmlns=\"http:\/\/www.w3.org\/2000\/svg\" viewBox=\"0 0 512 512\" class=\"svg-inline--fa fa-chart-bar fa-w-16 fa-2x\"><path fill=\"currentColor\" d=\"M396.8 352h22.4c6.4 0 12.8-6.4 12.8-12.8V108.8c0-6.4-6.4-12.8-12.8-12.8h-22.4c-6.4 0-12.8 6.4-12.8 12.8v230.4c0 6.4 6.4 12.8 12.8 12.8zm-192 0h22.4c6.4 0 12.8-6.4 12.8-12.8V140.8c0-6.4-6.4-12.8-12.8-12.8h-22.4c-6.4 0-12.8 6.4-12.8 12.8v198.4c0 6.4 6.4 12.8 12.8 12.8zm96 0h22.4c6.4 0 12.8-6.4 12.8-12.8V204.8c0-6.4-6.4-12.8-12.8-12.8h-22.4c-6.4 0-12.8 6.4-12.8 12.8v134.4c0 6.4 6.4 12.8 12.8 12.8zM496 400H48V80c0-8.84-7.16-16-16-16H16C7.16 64 0 71.16 0 80v336c0 17.67 14.33 32 32 32h464c8.84 0 16-7.16 16-16v-16c0-8.84-7.16-16-16-16zm-387.2-48h22.4c6.4 0 12.8-6.4 12.8-12.8v-70.4c0-6.4-6.4-12.8-12.8-12.8h-22.4c-6.4 0-12.8 6.4-12.8 12.8v70.4c0 6.4 6.4 12.8 12.8 12.8z\" class=\"\"><\/path><\/svg><\/i> <img loading=\"lazy\" decoding=\"async\" width=\"16\" height=\"16\" alt=\"Loading\" src=\"https:\/\/temucotelevision.cl\/web\/wp-content\/plugins\/page-views-count\/ajax-loader-2x.gif\" border=0 \/><\/p>\n<div class=\"pvc_clear\"><\/div>\n<p>El Juzgado de Garant\u00eda de Temuco dej\u00f3 hoy \u2013martes 8 de junio\u2013 sujetos a la medida cautelar de prisi\u00f3n preventiva<\/p>\n","protected":false},"author":1,"featured_media":22328,"comment_status":"open","ping_status":"open","sticky":false,"template":"","format":"standard","meta":{"colormag_page_container_layout":"default_layout","colormag_page_sidebar_layout":"default_layout","footnotes":""},"categories":[14],"tags":[257,363,140],"class_list":["post-22327","post","type-post","status-publish","format-standard","has-post-thumbnail","hentry","category-temuco","tag-feria","tag-homicidio","tag-sujetos"],"a3_pvc":{"activated":true,"total_views":17,"today_views":0},"_links":{"self":[{"href":"https:\/\/temucotelevision.cl\/web\/wp-json\/wp\/v2\/posts\/22327","targetHints":{"allow":["GET"]}}],"collection":[{"href":"https:\/\/temucotelevision.cl\/web\/wp-json\/wp\/v2\/posts"}],"about":[{"href":"https:\/\/temucotelevision.cl\/web\/wp-json\/wp\/v2\/types\/post"}],"author":[{"embeddable":true,"href":"https:\/\/temucotelevision.cl\/web\/wp-json\/wp\/v2\/users\/1"}],"replies":[{"embeddable":true,"href":"https:\/\/temucotelevision.cl\/web\/wp-json\/wp\/v2\/comments?post=22327"}],"version-history":[{"count":1,"href":"https:\/\/temucotelevision.cl\/web\/wp-json\/wp\/v2\/posts\/22327\/revisions"}],"predecessor-version":[{"id":22329,"href":"https:\/\/temucotelevision.cl\/web\/wp-json\/wp\/v2\/posts\/22327\/revisions\/22329"}],"wp:featuredmedia":[{"embeddable":true,"href":"https:\/\/temucotelevision.cl\/web\/wp-json\/wp\/v2\/media\/22328"}],"wp:attachment":[{"href":"https:\/\/temucotelevision.cl\/web\/wp-json\/wp\/v2\/media?parent=22327"}],"wp:term":[{"taxonomy":"category","embeddable":true,"href":"https:\/\/temucotelevision.cl\/web\/wp-json\/wp\/v2\/categories?post=22327"},{"taxonomy":"post_tag","embeddable":true,"href":"https:\/\/temucotelevision.cl\/web\/wp-json\/wp\/v2\/tags?post=22327"}],"curies":[{"name":"wp","href":"https:\/\/api.w.org\/{rel}","templated":true}]}}