{"id":22324,"date":"2021-06-08T18:52:37","date_gmt":"2021-06-08T21:52:37","guid":{"rendered":"https:\/\/temucotelevision.cl\/web\/?p=22324"},"modified":"2021-06-08T18:52:39","modified_gmt":"2021-06-08T21:52:39","slug":"extractos-de-la-obra-arlequin-se-presenta-online-sabado-desde-el-centro-cultural-de-padre-las-casas","status":"publish","type":"post","link":"https:\/\/temucotelevision.cl\/web\/2021\/06\/08\/extractos-de-la-obra-arlequin-se-presenta-online-sabado-desde-el-centro-cultural-de-padre-las-casas\/","title":{"rendered":"\u201cExtractos de la Obra Arlequ\u00edn\u201d se presenta online s\u00e1bado desde el Centro Cultural de Padre Las Casas"},"content":{"rendered":"<div class=\"pvc_clear\"><\/div><p id=\"pvc_stats_22324\" class=\"pvc_stats total_only  \" data-element-id=\"22324\" style=\"\"><i class=\"pvc-stats-icon large\" aria-hidden=\"true\"><svg aria-hidden=\"true\" focusable=\"false\" data-prefix=\"far\" data-icon=\"chart-bar\" role=\"img\" xmlns=\"http:\/\/www.w3.org\/2000\/svg\" viewBox=\"0 0 512 512\" class=\"svg-inline--fa fa-chart-bar fa-w-16 fa-2x\"><path fill=\"currentColor\" d=\"M396.8 352h22.4c6.4 0 12.8-6.4 12.8-12.8V108.8c0-6.4-6.4-12.8-12.8-12.8h-22.4c-6.4 0-12.8 6.4-12.8 12.8v230.4c0 6.4 6.4 12.8 12.8 12.8zm-192 0h22.4c6.4 0 12.8-6.4 12.8-12.8V140.8c0-6.4-6.4-12.8-12.8-12.8h-22.4c-6.4 0-12.8 6.4-12.8 12.8v198.4c0 6.4 6.4 12.8 12.8 12.8zm96 0h22.4c6.4 0 12.8-6.4 12.8-12.8V204.8c0-6.4-6.4-12.8-12.8-12.8h-22.4c-6.4 0-12.8 6.4-12.8 12.8v134.4c0 6.4 6.4 12.8 12.8 12.8zM496 400H48V80c0-8.84-7.16-16-16-16H16C7.16 64 0 71.16 0 80v336c0 17.67 14.33 32 32 32h464c8.84 0 16-7.16 16-16v-16c0-8.84-7.16-16-16-16zm-387.2-48h22.4c6.4 0 12.8-6.4 12.8-12.8v-70.4c0-6.4-6.4-12.8-12.8-12.8h-22.4c-6.4 0-12.8 6.4-12.8 12.8v70.4c0 6.4 6.4 12.8 12.8 12.8z\" class=\"\"><\/path><\/svg><\/i> <img loading=\"lazy\" decoding=\"async\" width=\"16\" height=\"16\" alt=\"Loading\" src=\"https:\/\/temucotelevision.cl\/web\/wp-content\/plugins\/page-views-count\/ajax-loader-2x.gif\" border=0 \/><\/p><div class=\"pvc_clear\"><\/div>\n<p><strong><em>Academia de Danza Integral Lina Favre regresa a los escenarios con su destacada obra y ahora adaptada a la emergencia sanitaria.<\/em><\/strong><\/p>\n\n\n\n<p>Centro Cultural de Padre Las Casas prosigue con su cartelera online y en esta oportunidad llevar\u00e1 hasta sus hogares \u201cExtractos de la Obra Arlequ\u00edn\u201d, de la Academia de Danza Integral Lina Favre, la cual se estrena este s\u00e1bado 12 de junio a las 19 horas v\u00eda Facebook Live de la misma casa cultural.&nbsp;<\/p>\n\n\n\n<p>Se\u00f1alar que este espect\u00e1culo es parte de nutrida parrilla program\u00e1tica perteneciente al proyecto financiado por el Fondo de Fortalecimiento de la Planificaci\u00f3n y Gesti\u00f3n Cultural Local 2020 del programa Red Cultura.<\/p>\n\n\n\n<p><strong>PRESENTACI\u00d3N<\/strong><\/p>\n\n\n\n<p>\u201cArlequ\u00edn\u201d es una obra de fantas\u00eda que est\u00e1 basada en este famoso personaje y sus extremas personalidades, creada en el a\u00f1o 2019 por la academia de danza, ahora llega en un formato ajustado a la situaci\u00f3n sanitaria.<\/p>\n\n\n\n<p>\u201cArlequ\u00edn se que se remonta hoy, con extractos que trabajamos durante la pandemia mediante ensayos online y semi presenciales, con uso de mascarilla y distanciamiento, lo que dificultaba muchas veces la ejecuci\u00f3n del entrenamiento\u201d, se\u00f1ala Lina Favre, directora de la academia.&nbsp;<\/p>\n\n\n\n<p>Aquello no desmotiv\u00f3 a la agrupaci\u00f3n porque seg\u00fan Favre \u201cel p\u00fablico ver\u00e1 un trabajo realizado desde la resistencia y el amor a la danza, al arte y su movimiento\u201d.&nbsp;<\/p>\n\n\n\n<p>Consultada por el regreso a los escenarios despu\u00e9s de un a\u00f1o y medio sin funciones, comenta que \u201ces hermoso tener la oportunidad de poder subirnos a un escenario nuevamente, vibrar con la m\u00fasica, luz, maquillaje y vestuario, produce sensaciones indescriptibles. Extra\u00f1amos nuestro p\u00fablico y sus confortantes aplausos, pero ya, el poder estar de pie en un escenario vitaliza\u201d.<\/p>\n\n\n\n<p><strong>CENTRO CULTURAL<\/strong><\/p>\n\n\n\n<p>La relaci\u00f3n siempre ha sido cercana entre la academia y el Centro Cultural de Padre Las Casas, fue ah\u00ed, ya hace cinco a\u00f1os donde realizaron su primera gala. Desde ese entonces son parte importante de su parrilla program\u00e1tica.&nbsp;<\/p>\n\n\n\n<p>\u201cEl centro cultural se reinvent\u00f3 r\u00e1pidamente y junto a ello nos brind\u00f3 apoyo y espacios a los artistas, que bien saben todos, hemos sido olvidados en la actualidad\u201d, dice Lina, a\u00f1adiendo tambi\u00e9n que \u201cvaloramos y agradecemos las instancias y visualizaci\u00f3n que como instituci\u00f3n nos otorgan, sobre todo en momentos como estos, conocemos al equipo de trabajo, su respeto y amabilidad hacen de estas instancias fruct\u00edferas\u201d.<\/p>\n\n\n\n<p><strong>MENSAJE<\/strong><\/p>\n\n\n\n<p>&nbsp;Ante la actual pandemia y los dif\u00edciles momentos que vive el medio art\u00edstico, Lina invita a sus pares \u201ca eguir resistiendo, a no desistir, a buscar la uni\u00f3n entre artistas en la Araucan\u00eda, a potenciarnos unos con otros desde la colectividad, comunidad y mucho newen\u201d.&nbsp;<\/p>\n\n\n\n<p>La invitaci\u00f3n es a que la comunidad se conecte este fin de semana y conozca el arte de la danza que se desarrolla en La Araucan\u00eda. Para m\u00e1s informaci\u00f3n, pueden visitar las redes sociales o la p\u00e1gina web de la plaza cultural ubicada en Maquehue 1441.<\/p>\n","protected":false},"excerpt":{"rendered":"<div class=\"pvc_clear\"><\/div>\n<p id=\"pvc_stats_22324\" class=\"pvc_stats total_only  \" data-element-id=\"22324\" style=\"\"><i class=\"pvc-stats-icon large\" aria-hidden=\"true\"><svg aria-hidden=\"true\" focusable=\"false\" data-prefix=\"far\" data-icon=\"chart-bar\" role=\"img\" xmlns=\"http:\/\/www.w3.org\/2000\/svg\" viewBox=\"0 0 512 512\" class=\"svg-inline--fa fa-chart-bar fa-w-16 fa-2x\"><path fill=\"currentColor\" d=\"M396.8 352h22.4c6.4 0 12.8-6.4 12.8-12.8V108.8c0-6.4-6.4-12.8-12.8-12.8h-22.4c-6.4 0-12.8 6.4-12.8 12.8v230.4c0 6.4 6.4 12.8 12.8 12.8zm-192 0h22.4c6.4 0 12.8-6.4 12.8-12.8V140.8c0-6.4-6.4-12.8-12.8-12.8h-22.4c-6.4 0-12.8 6.4-12.8 12.8v198.4c0 6.4 6.4 12.8 12.8 12.8zm96 0h22.4c6.4 0 12.8-6.4 12.8-12.8V204.8c0-6.4-6.4-12.8-12.8-12.8h-22.4c-6.4 0-12.8 6.4-12.8 12.8v134.4c0 6.4 6.4 12.8 12.8 12.8zM496 400H48V80c0-8.84-7.16-16-16-16H16C7.16 64 0 71.16 0 80v336c0 17.67 14.33 32 32 32h464c8.84 0 16-7.16 16-16v-16c0-8.84-7.16-16-16-16zm-387.2-48h22.4c6.4 0 12.8-6.4 12.8-12.8v-70.4c0-6.4-6.4-12.8-12.8-12.8h-22.4c-6.4 0-12.8 6.4-12.8 12.8v70.4c0 6.4 6.4 12.8 12.8 12.8z\" class=\"\"><\/path><\/svg><\/i> <img loading=\"lazy\" decoding=\"async\" width=\"16\" height=\"16\" alt=\"Loading\" src=\"https:\/\/temucotelevision.cl\/web\/wp-content\/plugins\/page-views-count\/ajax-loader-2x.gif\" border=0 \/><\/p>\n<div class=\"pvc_clear\"><\/div>\n<p>Academia de Danza Integral Lina Favre regresa a los escenarios con su destacada obra y ahora adaptada a la emergencia<\/p>\n","protected":false},"author":1,"featured_media":22325,"comment_status":"open","ping_status":"open","sticky":false,"template":"","format":"standard","meta":{"colormag_page_container_layout":"default_layout","colormag_page_sidebar_layout":"default_layout","footnotes":""},"categories":[86],"tags":[3887,925,2134],"class_list":["post-22324","post","type-post","status-publish","format-standard","has-post-thumbnail","hentry","category-panoramas","tag-centro-cultural","tag-obra","tag-online"],"a3_pvc":{"activated":true,"total_views":36,"today_views":0},"_links":{"self":[{"href":"https:\/\/temucotelevision.cl\/web\/wp-json\/wp\/v2\/posts\/22324","targetHints":{"allow":["GET"]}}],"collection":[{"href":"https:\/\/temucotelevision.cl\/web\/wp-json\/wp\/v2\/posts"}],"about":[{"href":"https:\/\/temucotelevision.cl\/web\/wp-json\/wp\/v2\/types\/post"}],"author":[{"embeddable":true,"href":"https:\/\/temucotelevision.cl\/web\/wp-json\/wp\/v2\/users\/1"}],"replies":[{"embeddable":true,"href":"https:\/\/temucotelevision.cl\/web\/wp-json\/wp\/v2\/comments?post=22324"}],"version-history":[{"count":1,"href":"https:\/\/temucotelevision.cl\/web\/wp-json\/wp\/v2\/posts\/22324\/revisions"}],"predecessor-version":[{"id":22326,"href":"https:\/\/temucotelevision.cl\/web\/wp-json\/wp\/v2\/posts\/22324\/revisions\/22326"}],"wp:featuredmedia":[{"embeddable":true,"href":"https:\/\/temucotelevision.cl\/web\/wp-json\/wp\/v2\/media\/22325"}],"wp:attachment":[{"href":"https:\/\/temucotelevision.cl\/web\/wp-json\/wp\/v2\/media?parent=22324"}],"wp:term":[{"taxonomy":"category","embeddable":true,"href":"https:\/\/temucotelevision.cl\/web\/wp-json\/wp\/v2\/categories?post=22324"},{"taxonomy":"post_tag","embeddable":true,"href":"https:\/\/temucotelevision.cl\/web\/wp-json\/wp\/v2\/tags?post=22324"}],"curies":[{"name":"wp","href":"https:\/\/api.w.org\/{rel}","templated":true}]}}