{"id":21962,"date":"2021-05-26T20:18:17","date_gmt":"2021-05-26T23:18:17","guid":{"rendered":"https:\/\/temucotelevision.cl\/web\/?p=21962"},"modified":"2021-05-26T20:18:25","modified_gmt":"2021-05-26T23:18:25","slug":"autoridades-recuerdan-vigencia-del-fono-denuncia-seguro-permite-alertar-delitos-en-el-anonimato","status":"publish","type":"post","link":"https:\/\/temucotelevision.cl\/web\/2021\/05\/26\/autoridades-recuerdan-vigencia-del-fono-denuncia-seguro-permite-alertar-delitos-en-el-anonimato\/","title":{"rendered":"Autoridades recuerdan vigencia del fono: Denuncia seguro, permite alertar delitos en el anonimato"},"content":{"rendered":"<div class=\"pvc_clear\"><\/div><p id=\"pvc_stats_21962\" class=\"pvc_stats total_only  \" data-element-id=\"21962\" style=\"\"><i class=\"pvc-stats-icon large\" aria-hidden=\"true\"><svg aria-hidden=\"true\" focusable=\"false\" data-prefix=\"far\" data-icon=\"chart-bar\" role=\"img\" xmlns=\"http:\/\/www.w3.org\/2000\/svg\" viewBox=\"0 0 512 512\" class=\"svg-inline--fa fa-chart-bar fa-w-16 fa-2x\"><path fill=\"currentColor\" d=\"M396.8 352h22.4c6.4 0 12.8-6.4 12.8-12.8V108.8c0-6.4-6.4-12.8-12.8-12.8h-22.4c-6.4 0-12.8 6.4-12.8 12.8v230.4c0 6.4 6.4 12.8 12.8 12.8zm-192 0h22.4c6.4 0 12.8-6.4 12.8-12.8V140.8c0-6.4-6.4-12.8-12.8-12.8h-22.4c-6.4 0-12.8 6.4-12.8 12.8v198.4c0 6.4 6.4 12.8 12.8 12.8zm96 0h22.4c6.4 0 12.8-6.4 12.8-12.8V204.8c0-6.4-6.4-12.8-12.8-12.8h-22.4c-6.4 0-12.8 6.4-12.8 12.8v134.4c0 6.4 6.4 12.8 12.8 12.8zM496 400H48V80c0-8.84-7.16-16-16-16H16C7.16 64 0 71.16 0 80v336c0 17.67 14.33 32 32 32h464c8.84 0 16-7.16 16-16v-16c0-8.84-7.16-16-16-16zm-387.2-48h22.4c6.4 0 12.8-6.4 12.8-12.8v-70.4c0-6.4-6.4-12.8-12.8-12.8h-22.4c-6.4 0-12.8 6.4-12.8 12.8v70.4c0 6.4 6.4 12.8 12.8 12.8z\" class=\"\"><\/path><\/svg><\/i> <img loading=\"lazy\" decoding=\"async\" width=\"16\" height=\"16\" alt=\"Loading\" src=\"https:\/\/temucotelevision.cl\/web\/wp-content\/plugins\/page-views-count\/ajax-loader-2x.gif\" border=0 \/><\/p><div class=\"pvc_clear\"><\/div>\n<p class=\"s2\">Sin duda, delitos como el microtr\u00e1fico, violencia intrafamiliar, homicidios, maltrato animal, los pr\u00f3fugos de la justicia entre otros; muchas veces quedan fuera del alcance de la justicia principalmente por el  temor de las personas a denunciar dichos delitos ante las  consecuencias que esto pueda generar.<\/p>\n\n\n\n<p class=\"s8\">Actualmente,&nbsp;existe un programa de la Subsecretar\u00eda de Prevenci\u00f3n del Delito, creado en el a\u00f1o 2010 y el cual est\u00e1 en plena vigencia &nbsp;para&nbsp;facilitar a las personas la entrega de informaci\u00f3n delictual.<\/p>\n\n\n\n<p class=\"s8\">\u201cConsiste en&nbsp;una iniciativa de Gobierno que pone a disposici\u00f3n de las personas un n\u00famero telef\u00f3nico 600 400 01 01, al cual la ciudadan\u00eda puede llamar para entregar informaci\u00f3n acerca de delitos de los que haya sido testigo, dando a conocer datos relevantes sobre lugares y\/o personas involucradas en alg\u00fan il\u00edcito\u201d destac\u00f3 el Coordinador Regional de Seguridad P\u00fablica de La Araucan\u00eda, &nbsp;Luis Carmach.<\/p>\n\n\n\n<p class=\"s8\">\u201cEl principal compromiso de este programa es el anonimato de las personas que llaman para denunciar. Por lo tanto, nadie le preguntar\u00e1 c\u00f3mo se llama o de d\u00f3nde est\u00e1 llamando. No es requisito entregar ning\u00fan antecedente personal y no queda registro alguno del n\u00famero desde el cual se genera la llamada. Las conversaciones no son grabadas\u201d asegur\u00f3 Carmach.<\/p>\n\n\n\n<p class=\"s8\">Por su parte, la Gobernadora de Malleco, Katia Guzm\u00e1n, destac\u00f3 la&nbsp;importancia&nbsp;del programa e inst\u00f3 a los habitantes de la provincia en aprovechar esta herramienta: \u201cEs importante destacar que las personas son atendidas por personal altamente especializado, el cual realiza una entrevista guiada donde se recopila&nbsp;informaci\u00f3n delictual&nbsp;y la cual puede terminar en una&nbsp;denuncia. La l\u00ednea telef\u00f3nica &nbsp;600 400 0101 es de alcance nacional y tiene horario y atenci\u00f3n permanente\u201d.<\/p>\n\n\n\n<p class=\"s8\">Cabe destacar, que gracias a una llamada al fono del Programa Denuncia Seguro, la Brigada Antinarc\u00f3ticos y Crimen Organizado de la PDI logr\u00f3 realizar un operativo antinarc\u00f3tico en la comuna de Vilc\u00fan, en la, que termin\u00f3 con la incautaci\u00f3n de marihuana y armamento de fuego.<\/p>\n","protected":false},"excerpt":{"rendered":"<div class=\"pvc_clear\"><\/div>\n<p id=\"pvc_stats_21962\" class=\"pvc_stats total_only  \" data-element-id=\"21962\" style=\"\"><i class=\"pvc-stats-icon large\" aria-hidden=\"true\"><svg aria-hidden=\"true\" focusable=\"false\" data-prefix=\"far\" data-icon=\"chart-bar\" role=\"img\" xmlns=\"http:\/\/www.w3.org\/2000\/svg\" viewBox=\"0 0 512 512\" class=\"svg-inline--fa fa-chart-bar fa-w-16 fa-2x\"><path fill=\"currentColor\" d=\"M396.8 352h22.4c6.4 0 12.8-6.4 12.8-12.8V108.8c0-6.4-6.4-12.8-12.8-12.8h-22.4c-6.4 0-12.8 6.4-12.8 12.8v230.4c0 6.4 6.4 12.8 12.8 12.8zm-192 0h22.4c6.4 0 12.8-6.4 12.8-12.8V140.8c0-6.4-6.4-12.8-12.8-12.8h-22.4c-6.4 0-12.8 6.4-12.8 12.8v198.4c0 6.4 6.4 12.8 12.8 12.8zm96 0h22.4c6.4 0 12.8-6.4 12.8-12.8V204.8c0-6.4-6.4-12.8-12.8-12.8h-22.4c-6.4 0-12.8 6.4-12.8 12.8v134.4c0 6.4 6.4 12.8 12.8 12.8zM496 400H48V80c0-8.84-7.16-16-16-16H16C7.16 64 0 71.16 0 80v336c0 17.67 14.33 32 32 32h464c8.84 0 16-7.16 16-16v-16c0-8.84-7.16-16-16-16zm-387.2-48h22.4c6.4 0 12.8-6.4 12.8-12.8v-70.4c0-6.4-6.4-12.8-12.8-12.8h-22.4c-6.4 0-12.8 6.4-12.8 12.8v70.4c0 6.4 6.4 12.8 12.8 12.8z\" class=\"\"><\/path><\/svg><\/i> <img loading=\"lazy\" decoding=\"async\" width=\"16\" height=\"16\" alt=\"Loading\" src=\"https:\/\/temucotelevision.cl\/web\/wp-content\/plugins\/page-views-count\/ajax-loader-2x.gif\" border=0 \/><\/p>\n<div class=\"pvc_clear\"><\/div>\n<p>Sin duda, delitos como el microtr\u00e1fico, violencia intrafamiliar, homicidios, maltrato animal, los pr\u00f3fugos de la justicia entre otros; muchas veces<\/p>\n","protected":false},"author":1,"featured_media":21961,"comment_status":"open","ping_status":"open","sticky":false,"template":"","format":"standard","meta":{"colormag_page_container_layout":"default_layout","colormag_page_sidebar_layout":"default_layout","footnotes":""},"categories":[15],"tags":[3835,433,1434,2433],"class_list":["post-21962","post","type-post","status-publish","format-standard","has-post-thumbnail","hentry","category-la-araucania","tag-anonimato","tag-denuncia","tag-fiestas","tag-seguro"],"a3_pvc":{"activated":true,"total_views":31,"today_views":0},"_links":{"self":[{"href":"https:\/\/temucotelevision.cl\/web\/wp-json\/wp\/v2\/posts\/21962","targetHints":{"allow":["GET"]}}],"collection":[{"href":"https:\/\/temucotelevision.cl\/web\/wp-json\/wp\/v2\/posts"}],"about":[{"href":"https:\/\/temucotelevision.cl\/web\/wp-json\/wp\/v2\/types\/post"}],"author":[{"embeddable":true,"href":"https:\/\/temucotelevision.cl\/web\/wp-json\/wp\/v2\/users\/1"}],"replies":[{"embeddable":true,"href":"https:\/\/temucotelevision.cl\/web\/wp-json\/wp\/v2\/comments?post=21962"}],"version-history":[{"count":1,"href":"https:\/\/temucotelevision.cl\/web\/wp-json\/wp\/v2\/posts\/21962\/revisions"}],"predecessor-version":[{"id":21963,"href":"https:\/\/temucotelevision.cl\/web\/wp-json\/wp\/v2\/posts\/21962\/revisions\/21963"}],"wp:featuredmedia":[{"embeddable":true,"href":"https:\/\/temucotelevision.cl\/web\/wp-json\/wp\/v2\/media\/21961"}],"wp:attachment":[{"href":"https:\/\/temucotelevision.cl\/web\/wp-json\/wp\/v2\/media?parent=21962"}],"wp:term":[{"taxonomy":"category","embeddable":true,"href":"https:\/\/temucotelevision.cl\/web\/wp-json\/wp\/v2\/categories?post=21962"},{"taxonomy":"post_tag","embeddable":true,"href":"https:\/\/temucotelevision.cl\/web\/wp-json\/wp\/v2\/tags?post=21962"}],"curies":[{"name":"wp","href":"https:\/\/api.w.org\/{rel}","templated":true}]}}