{"id":21959,"date":"2021-05-26T20:11:16","date_gmt":"2021-05-26T23:11:16","guid":{"rendered":"https:\/\/temucotelevision.cl\/web\/?p=21959"},"modified":"2021-05-26T20:11:29","modified_gmt":"2021-05-26T23:11:29","slug":"senadora-aravena-con-la-regulacion-de-las-tasas-de-intercambio-las-mipymes-podran-mejorar-su-competitividad","status":"publish","type":"post","link":"https:\/\/temucotelevision.cl\/web\/2021\/05\/26\/senadora-aravena-con-la-regulacion-de-las-tasas-de-intercambio-las-mipymes-podran-mejorar-su-competitividad\/","title":{"rendered":"Senadora Aravena: \u201cCon la regulaci\u00f3n de las tasas de intercambio las MiPymes podr\u00e1n mejorar su competitividad\u201d"},"content":{"rendered":"<div class=\"pvc_clear\"><\/div><p id=\"pvc_stats_21959\" class=\"pvc_stats total_only  \" data-element-id=\"21959\" style=\"\"><i class=\"pvc-stats-icon large\" aria-hidden=\"true\"><svg aria-hidden=\"true\" focusable=\"false\" data-prefix=\"far\" data-icon=\"chart-bar\" role=\"img\" xmlns=\"http:\/\/www.w3.org\/2000\/svg\" viewBox=\"0 0 512 512\" class=\"svg-inline--fa fa-chart-bar fa-w-16 fa-2x\"><path fill=\"currentColor\" d=\"M396.8 352h22.4c6.4 0 12.8-6.4 12.8-12.8V108.8c0-6.4-6.4-12.8-12.8-12.8h-22.4c-6.4 0-12.8 6.4-12.8 12.8v230.4c0 6.4 6.4 12.8 12.8 12.8zm-192 0h22.4c6.4 0 12.8-6.4 12.8-12.8V140.8c0-6.4-6.4-12.8-12.8-12.8h-22.4c-6.4 0-12.8 6.4-12.8 12.8v198.4c0 6.4 6.4 12.8 12.8 12.8zm96 0h22.4c6.4 0 12.8-6.4 12.8-12.8V204.8c0-6.4-6.4-12.8-12.8-12.8h-22.4c-6.4 0-12.8 6.4-12.8 12.8v134.4c0 6.4 6.4 12.8 12.8 12.8zM496 400H48V80c0-8.84-7.16-16-16-16H16C7.16 64 0 71.16 0 80v336c0 17.67 14.33 32 32 32h464c8.84 0 16-7.16 16-16v-16c0-8.84-7.16-16-16-16zm-387.2-48h22.4c6.4 0 12.8-6.4 12.8-12.8v-70.4c0-6.4-6.4-12.8-12.8-12.8h-22.4c-6.4 0-12.8 6.4-12.8 12.8v70.4c0 6.4 6.4 12.8 12.8 12.8z\" class=\"\"><\/path><\/svg><\/i> <img loading=\"lazy\" decoding=\"async\" width=\"16\" height=\"16\" alt=\"Loading\" src=\"https:\/\/temucotelevision.cl\/web\/wp-content\/plugins\/page-views-count\/ajax-loader-2x.gif\" border=0 \/><\/p><div class=\"pvc_clear\"><\/div>\n<p class=\"s3\">La iniciativa legal, que fue analizada y ratificada en la Comisi\u00f3n de Econom\u00eda, fue aprobada en el Senado para ser promulgada por el Ejecutivo.<\/p>\n\n\n\n<p class=\"s5\">Un importante paso, en la agenda de mayor competencia e innovaci\u00f3n del sector financiero, se dio en el Senado&nbsp;luego de aprobar el proyecto que fija las Tasas de Intercambio (TI) m\u00e1ximas a ser cobradas por los emisores en el mercado de medios de pago a trav\u00e9s de tarjetas de cr\u00e9dito, d\u00e9bito y prepago, una comisi\u00f3n que hoy fijan las propias marcas de tarjetas.<\/p>\n\n\n\n<p class=\"s5\">La iniciativa, que fue revisada en la Comisi\u00f3n de Econom\u00eda,&nbsp;busca establecer condiciones tarifarias para contar con un mercado de tarjetas m\u00e1s competitivo, beneficiando a comerciantes y tarjetahabientes,&nbsp;pues el costo de la transacci\u00f3n ser\u00e1 menor.<\/p>\n\n\n\n<p class=\"s5\">Al respecto, la senadora Carmen Gloria Aravena explic\u00f3 que el uso de tarjetas es cada vez m\u00e1s frecuente en nuestro pa\u00eds, un cambio que se ha visto incrementado producto de la Pandemia. Sin ir m\u00e1s lejos,&nbsp;la encuesta nacional de uso y preferencia del efectivo realizada por el Banco Central muestra que a fines de 2020 las tarjetas de d\u00e9bito desplazaron al efectivo como el m\u00e9todo de pago preferente, consignando que, entre otras cosas el 65% de los encuestados declara usar su tarjeta de d\u00e9bito de manera frecuente.<\/p>\n\n\n\n<p class=\"s6\">En este sentido, se muestra que el uso de efectivo en ferias libres y comercio informal ha disminuido en casi 20 puntos porcentuales como medio de pago y el uso de medios electr\u00f3nicos representa casi la mitad de las transacciones en el comercio minorista y almacenes.<\/p>\n\n\n\n<p class=\"s5\">\u201cCon esta iniciativa se acortan brechas entre las peque\u00f1as y las grandes empresas;&nbsp;la fijaci\u00f3n de tasas m\u00e1ximas de intercambio tendr\u00e1 un impacto positivo en las Micro, peque\u00f1as y medianas empresas (MiPymes), pues ellas son las que mayores costos tienen que asumir, dado que las grandes empresas tienen una mejor tasa dado su volumen de venta\u201d, sostuvo Aravena.<\/p>\n\n\n\n<p class=\"s5\">Asimismo, la parlamentaria a\u00f1adi\u00f3 que: \u201cEsta no es una discusi\u00f3n de \u00e9lites, sino que impacta positivamente a un alto porcentaje de la poblaci\u00f3n,&nbsp;pues&nbsp;a diferencia de otros pa\u00edses de la regi\u00f3n, Chile cuenta con un alto \u00edndice de bancarizaci\u00f3n, que en gran medida obedece a la implementaci\u00f3n hace algunos a\u00f1os de la cuenta RUT.&nbsp;De acuerdo a diversos actores del mercado,&nbsp;s\u00f3lo con las tarjetas de d\u00e9bito, las&nbsp;transacciones aumentaron en un 67% durante los \u00faltimos a\u00f1os y de acuerdo a la Comisi\u00f3n para el Mercado Financiero, a junio del a\u00f1o pasado hab\u00eda un total de 42 millones 510 mil tarjetas de d\u00e9bito, cr\u00e9dito y prepago\u201d.<\/p>\n\n\n\n<p class=\"s5\">En tanto, respecto de la entrada de nuevos actores y competidores al mercado de tarjetas de pago, \u201cLa nueva ley implica que este complejo mercado ser\u00e1 m\u00e1s competitivo en todas sus partes pues al fijarse una tasa m\u00e1xima para el emisor, la otra parte involucrada en&nbsp;la transacci\u00f3n, el procesador de&nbsp;la compra, se ver\u00e1 obligado a ofrecer tarifas m\u00e1s atractivas a los comercios para que los prefieran.\u201d.<\/p>\n\n\n\n<p class=\"s5\">Por otra parte, es necesario indicar que el mercado de tarjetas ha sido examinado en m\u00e1s de una oportunidad por la autoridad, al punto que&nbsp;en el a\u00f1o 2017 el Banco Central implement\u00f3 modificaciones que habilitaron la posibilidad de operar con un modelo de cuatro partes, mutando a este modelo definitivamente en 2020. Adem\u00e1s, ya en el mismo a\u00f1o, el Tribunal de la Libre Competencia (TDLC) recomend\u00f3 la fijaci\u00f3n de las Tasas de Intercambio, raz\u00f3n por la que en junio del a\u00f1o pasado los senadores&nbsp;Harboe, Rinc\u00f3n, Elizalde y&nbsp;Durana&nbsp;presentaron un proyecto de ley en la materia, el que fue complementado por una indicaci\u00f3n sustitutiva del Ejecutivo.<\/p>\n\n\n\n<p class=\"s5\">Finalmente, cabe se\u00f1alar que la iniciativa establece que los l\u00edmites a las tasas de intercambio ser\u00e1n determinados por un comit\u00e9 conformado por expertos designados por el Banco Central, la Comisi\u00f3n para el Mercado Financiero, la Fiscal\u00eda Nacional Econ\u00f3mica y el Ministerio de Hacienda. Las tasas se establecer\u00e1n cada 3 a\u00f1os y el comit\u00e9 sesionar\u00e1 cada 6 meses para evaluar si han ocurrido cambios sustantivos en el mercado de medios de pago y modificarlas en su caso.<\/p>\n","protected":false},"excerpt":{"rendered":"<div class=\"pvc_clear\"><\/div>\n<p id=\"pvc_stats_21959\" class=\"pvc_stats total_only  \" data-element-id=\"21959\" style=\"\"><i class=\"pvc-stats-icon large\" aria-hidden=\"true\"><svg aria-hidden=\"true\" focusable=\"false\" data-prefix=\"far\" data-icon=\"chart-bar\" role=\"img\" xmlns=\"http:\/\/www.w3.org\/2000\/svg\" viewBox=\"0 0 512 512\" class=\"svg-inline--fa fa-chart-bar fa-w-16 fa-2x\"><path fill=\"currentColor\" d=\"M396.8 352h22.4c6.4 0 12.8-6.4 12.8-12.8V108.8c0-6.4-6.4-12.8-12.8-12.8h-22.4c-6.4 0-12.8 6.4-12.8 12.8v230.4c0 6.4 6.4 12.8 12.8 12.8zm-192 0h22.4c6.4 0 12.8-6.4 12.8-12.8V140.8c0-6.4-6.4-12.8-12.8-12.8h-22.4c-6.4 0-12.8 6.4-12.8 12.8v198.4c0 6.4 6.4 12.8 12.8 12.8zm96 0h22.4c6.4 0 12.8-6.4 12.8-12.8V204.8c0-6.4-6.4-12.8-12.8-12.8h-22.4c-6.4 0-12.8 6.4-12.8 12.8v134.4c0 6.4 6.4 12.8 12.8 12.8zM496 400H48V80c0-8.84-7.16-16-16-16H16C7.16 64 0 71.16 0 80v336c0 17.67 14.33 32 32 32h464c8.84 0 16-7.16 16-16v-16c0-8.84-7.16-16-16-16zm-387.2-48h22.4c6.4 0 12.8-6.4 12.8-12.8v-70.4c0-6.4-6.4-12.8-12.8-12.8h-22.4c-6.4 0-12.8 6.4-12.8 12.8v70.4c0 6.4 6.4 12.8 12.8 12.8z\" class=\"\"><\/path><\/svg><\/i> <img loading=\"lazy\" decoding=\"async\" width=\"16\" height=\"16\" alt=\"Loading\" src=\"https:\/\/temucotelevision.cl\/web\/wp-content\/plugins\/page-views-count\/ajax-loader-2x.gif\" border=0 \/><\/p>\n<div class=\"pvc_clear\"><\/div>\n<p>La iniciativa legal, que fue analizada y ratificada en la Comisi\u00f3n de Econom\u00eda, fue aprobada en el Senado para ser<\/p>\n","protected":false},"author":1,"featured_media":8256,"comment_status":"open","ping_status":"open","sticky":false,"template":"","format":"standard","meta":{"colormag_page_container_layout":"default_layout","colormag_page_sidebar_layout":"default_layout","footnotes":""},"categories":[84],"tags":[3626,2032,2065,3834],"class_list":["post-21959","post","type-post","status-publish","format-standard","has-post-thumbnail","hentry","category-politica","tag-intercambio","tag-pymes","tag-senadora","tag-tasas"],"a3_pvc":{"activated":true,"total_views":16,"today_views":0},"_links":{"self":[{"href":"https:\/\/temucotelevision.cl\/web\/wp-json\/wp\/v2\/posts\/21959","targetHints":{"allow":["GET"]}}],"collection":[{"href":"https:\/\/temucotelevision.cl\/web\/wp-json\/wp\/v2\/posts"}],"about":[{"href":"https:\/\/temucotelevision.cl\/web\/wp-json\/wp\/v2\/types\/post"}],"author":[{"embeddable":true,"href":"https:\/\/temucotelevision.cl\/web\/wp-json\/wp\/v2\/users\/1"}],"replies":[{"embeddable":true,"href":"https:\/\/temucotelevision.cl\/web\/wp-json\/wp\/v2\/comments?post=21959"}],"version-history":[{"count":1,"href":"https:\/\/temucotelevision.cl\/web\/wp-json\/wp\/v2\/posts\/21959\/revisions"}],"predecessor-version":[{"id":21960,"href":"https:\/\/temucotelevision.cl\/web\/wp-json\/wp\/v2\/posts\/21959\/revisions\/21960"}],"wp:featuredmedia":[{"embeddable":true,"href":"https:\/\/temucotelevision.cl\/web\/wp-json\/wp\/v2\/media\/8256"}],"wp:attachment":[{"href":"https:\/\/temucotelevision.cl\/web\/wp-json\/wp\/v2\/media?parent=21959"}],"wp:term":[{"taxonomy":"category","embeddable":true,"href":"https:\/\/temucotelevision.cl\/web\/wp-json\/wp\/v2\/categories?post=21959"},{"taxonomy":"post_tag","embeddable":true,"href":"https:\/\/temucotelevision.cl\/web\/wp-json\/wp\/v2\/tags?post=21959"}],"curies":[{"name":"wp","href":"https:\/\/api.w.org\/{rel}","templated":true}]}}