{"id":21956,"date":"2021-05-26T12:30:08","date_gmt":"2021-05-26T15:30:08","guid":{"rendered":"https:\/\/temucotelevision.cl\/web\/?p=21956"},"modified":"2021-05-26T12:30:12","modified_gmt":"2021-05-26T15:30:12","slug":"255-suman-los-nuevos-casos-de-covid-en-la-araucania-para-temuco-71-y-plc-34","status":"publish","type":"post","link":"https:\/\/temucotelevision.cl\/web\/2021\/05\/26\/255-suman-los-nuevos-casos-de-covid-en-la-araucania-para-temuco-71-y-plc-34\/","title":{"rendered":"255 suman los nuevos casos de Covid en La Araucan\u00eda, para Temuco 71 y PLC 34"},"content":{"rendered":"<div class=\"pvc_clear\"><\/div><p id=\"pvc_stats_21956\" class=\"pvc_stats total_only  \" data-element-id=\"21956\" style=\"\"><i class=\"pvc-stats-icon large\" aria-hidden=\"true\"><svg aria-hidden=\"true\" focusable=\"false\" data-prefix=\"far\" data-icon=\"chart-bar\" role=\"img\" xmlns=\"http:\/\/www.w3.org\/2000\/svg\" viewBox=\"0 0 512 512\" class=\"svg-inline--fa fa-chart-bar fa-w-16 fa-2x\"><path fill=\"currentColor\" d=\"M396.8 352h22.4c6.4 0 12.8-6.4 12.8-12.8V108.8c0-6.4-6.4-12.8-12.8-12.8h-22.4c-6.4 0-12.8 6.4-12.8 12.8v230.4c0 6.4 6.4 12.8 12.8 12.8zm-192 0h22.4c6.4 0 12.8-6.4 12.8-12.8V140.8c0-6.4-6.4-12.8-12.8-12.8h-22.4c-6.4 0-12.8 6.4-12.8 12.8v198.4c0 6.4 6.4 12.8 12.8 12.8zm96 0h22.4c6.4 0 12.8-6.4 12.8-12.8V204.8c0-6.4-6.4-12.8-12.8-12.8h-22.4c-6.4 0-12.8 6.4-12.8 12.8v134.4c0 6.4 6.4 12.8 12.8 12.8zM496 400H48V80c0-8.84-7.16-16-16-16H16C7.16 64 0 71.16 0 80v336c0 17.67 14.33 32 32 32h464c8.84 0 16-7.16 16-16v-16c0-8.84-7.16-16-16-16zm-387.2-48h22.4c6.4 0 12.8-6.4 12.8-12.8v-70.4c0-6.4-6.4-12.8-12.8-12.8h-22.4c-6.4 0-12.8 6.4-12.8 12.8v70.4c0 6.4 6.4 12.8 12.8 12.8z\" class=\"\"><\/path><\/svg><\/i> <img loading=\"lazy\" decoding=\"async\" width=\"16\" height=\"16\" alt=\"Loading\" src=\"https:\/\/temucotelevision.cl\/web\/wp-content\/plugins\/page-views-count\/ajax-loader-2x.gif\" border=0 \/><\/p><div class=\"pvc_clear\"><\/div>\n<p><strong>80.815 son los casos confirmados de COVID- 19 en La Araucan\u00eda.<\/strong><\/p>\n\n\n\n<p>Durante el d\u00eda ayer fueron 255 los nuevos casos confirmados de COVID- 19 en la regi\u00f3n. Estos nuevos casos sumados a los confirmados anteriormente, nos entregan la siguiente distribuci\u00f3n comunal:<\/p>\n\n\n\n<figure class=\"wp-block-table\"><table><tbody><tr><td><strong>Comuna de residencia *<\/strong><\/td><td><strong>N\u00b0 de casos<\/strong><\/td><td><strong>Casos nuevos<\/strong><\/td><td><strong>Casos activos<\/strong><\/td><\/tr><tr><td>Angol<\/td><td>4.565<\/td><td>14<\/td><td>140<\/td><\/tr><tr><td>Carahue<\/td><td>2.010<\/td><td>5<\/td><td>21<\/td><\/tr><tr><td>Chol-Chol<\/td><td>929<\/td><td>2<\/td><td>28<\/td><\/tr><tr><td>Collipulli<\/td><td>2.548<\/td><td>11<\/td><td>70<\/td><\/tr><tr><td>Cunco<\/td><td>1.320<\/td><td>1<\/td><td>28<\/td><\/tr><tr><td>Curacaut\u00edn<\/td><td>906<\/td><td>1<\/td><td>32<\/td><\/tr><tr><td>Curarrehue<\/td><td>507<\/td><td>4<\/td><td>15<\/td><\/tr><tr><td>Ercilla<\/td><td>975<\/td><td>2<\/td><td>32<\/td><\/tr><tr><td>Freire<\/td><td>2.019<\/td><td>6<\/td><td>32<\/td><\/tr><tr><td>Galvarino<\/td><td>&nbsp;&nbsp;&nbsp;&nbsp;&nbsp;&nbsp;&nbsp;&nbsp;&nbsp;&nbsp;&nbsp;&nbsp;&nbsp;1.697<\/td><td>11<\/td><td>110<\/td><\/tr><tr><td>Gorbea<\/td><td>1.015<\/td><td>1<\/td><td>17<\/td><\/tr><tr><td>Lautaro<\/td><td>3.611<\/td><td>4<\/td><td>108<\/td><\/tr><tr><td>Loncoche<\/td><td>1.578<\/td><td>4<\/td><td>44<\/td><\/tr><tr><td>Lonquimay<\/td><td>561<\/td><td>3<\/td><td>15<\/td><\/tr><tr><td>Los Sauces<\/td><td>695<\/td><td>1<\/td><td>41<\/td><\/tr><tr><td>Lumaco<\/td><td>944<\/td><td>&#8211;<\/td><td>8<\/td><\/tr><tr><td>Melipeuco<\/td><td>390<\/td><td>1<\/td><td>5<\/td><\/tr><tr><td>Nueva Imperial<\/td><td>2.470<\/td><td>6<\/td><td>66<\/td><\/tr><tr><td>Padre Las Casas<\/td><td>6.582<\/td><td>34<\/td><td>138<\/td><\/tr><tr><td>Perquenco<\/td><td>876<\/td><td>1<\/td><td>27<\/td><\/tr><tr><td>Pitrufqu\u00e9n<\/td><td>1.927<\/td><td>4<\/td><td>58<\/td><\/tr><tr><td>Puc\u00f3n<\/td><td>1.857<\/td><td>18<\/td><td>100<\/td><\/tr><tr><td>Pur\u00e9n<\/td><td>770<\/td><td>1<\/td><td>12<\/td><\/tr><tr><td>Renaico<\/td><td>1.262<\/td><td>13<\/td><td>47<\/td><\/tr><tr><td>Saavedra<\/td><td>1.137<\/td><td>2<\/td><td>36<\/td><\/tr><tr><td>Temuco<\/td><td>24.619<\/td><td>71<\/td><td>410<\/td><\/tr><tr><td>Teodoro Schmidt<\/td><td>906<\/td><td>1<\/td><td>24<\/td><\/tr><tr><td>Tolt\u00e9n<\/td><td>805<\/td><td>3<\/td><td>23<\/td><\/tr><tr><td>Traigu\u00e9n<\/td><td>1.399<\/td><td>2<\/td><td>36<\/td><\/tr><tr><td>Victoria<\/td><td>2.905<\/td><td>12<\/td><td>114<\/td><\/tr><tr><td>Vilc\u00fan<\/td><td>2.511<\/td><td>4<\/td><td>52<\/td><\/tr><tr><td>Villarrica<\/td><td>3.937<\/td><td>10<\/td><td>124<\/td><\/tr><tr><td><strong>Total General<\/strong><\/td><td><strong>80.233<\/strong><\/td><td><strong>253<\/strong><\/td><td><strong>2.013<\/strong><\/td><\/tr><tr><td>*Informaci\u00f3n susceptible de ser modificada, en relaci\u00f3n a los resultados de las investigaciones Epidemiol\u00f3gicas.<strong><\/strong><\/td><td>(Se extraen 582 casos del an\u00e1lisis, puesto que presentan residencia en otras regiones).&nbsp;&nbsp;<\/td><td>&nbsp;<\/td><td>** Se extraen 12&nbsp;del total de activos que presentan domicilio en otra regi\u00f3n<\/td><\/tr><\/tbody><\/table><\/figure>\n\n\n\n<figure class=\"wp-block-table\"><table><tbody><tr><td><strong>Casos nuevos<\/strong><\/td><td><strong>Sintom\u00e1ticos&nbsp;<\/strong><\/td><td><strong>Asintom\u00e1ticos<\/strong><\/td><td><strong>Casos nuevos no notificados<\/strong><strong><\/strong><\/td><\/tr><tr><td><strong>255<\/strong><\/td><td><strong>199<\/strong><\/td><td><strong>48<\/strong><\/td><td><strong>8<\/strong><\/td><\/tr><\/tbody><\/table><\/figure>\n\n\n\n<p><strong>Cambios de Residencia<\/strong><\/p>\n\n\n\n<figure class=\"wp-block-table\"><table><tbody><tr><td><strong>Intercomunal&nbsp;<\/strong><\/td><td>&nbsp;<\/td><td>1 caso de Carahue a Imperial.1 caso de Collipulli a Ercilla.1 caso de Nueva Imperial a Saavedra.1 caso de Saavedra a Temuco.1 caso de Temuco a Padre Las Casas.<\/td><td><em>Se mantienen en ambos detalles.<\/em><\/td><\/tr><tr><td><strong>Ajuste Minsal<\/strong><\/td><td>3<\/td><td>3 casos a Villarrica.<\/td><td><em>Se suma en ambos detalles.<\/em><\/td><\/tr><tr><td><strong>A otra regi\u00f3n<\/strong><\/td><td>-1<\/td><td>1 caso de Renaico.<\/td><td><em>Se descuenta del detalle comunal.<\/em><\/td><\/tr><\/tbody><\/table><\/figure>\n\n\n\n<p><strong>Ex\u00e1menes PCR procesados en las \u00faltimas 24 hrs.<\/strong><\/p>\n\n\n\n<figure class=\"wp-block-table\"><table><tbody><tr><td>N\u00b0 de Muestras procesadas (25.05.2021)<\/td><td>1.154<\/td><\/tr><\/tbody><\/table><\/figure>\n\n\n\n<figure class=\"wp-block-table\"><table><tbody><tr><td><strong>Activos<\/strong><\/td><td><strong>N\u00b0 de Casos&nbsp;<\/strong><\/td><td><strong>Porcentaje<\/strong><\/td><\/tr><tr><td>Si&nbsp;<\/td><td>2.013<\/td><td>2.5%<\/td><\/tr><tr><td>No<\/td><td>77.264<\/td><td>97,5%<\/td><\/tr><\/tbody><\/table><\/figure>\n\n\n\n<p>*Se excluyen del an\u00e1lisis los pacientes fallecidos.<\/p>\n\n\n\n<p><strong>Casos confirmados por sexo<\/strong><\/p>\n\n\n\n<figure class=\"wp-block-table\"><table><tbody><tr><td><strong>Sexo<\/strong><\/td><td><strong>N\u00b0 Casos<\/strong><\/td><td><strong>Porcentaje<\/strong><\/td><\/tr><tr><td>Hombre<\/td><td>39.449<\/td><td>49,2%<\/td><\/tr><tr><td>Mujer<\/td><td>40.784<\/td><td>50,8%<\/td><\/tr><\/tbody><\/table><\/figure>\n\n\n\n<figure class=\"wp-block-table\"><table><tbody><tr><td><strong>&nbsp;<\/strong><\/td><td><strong>Total<\/strong><\/td><\/tr><tr><td><strong>Fallecidos<\/strong><\/td><td><strong>1.016<\/strong><\/td><\/tr><\/tbody><\/table><\/figure>\n\n\n\n<p>De la totalidad de casos, 395 se encuentran hospitalizados, de estos 143 en Unidades de Paciente Cr\u00edtico (UTI 41 \u2013 UCI 102) y 76 conectados a ventilador mec\u00e1nico de los cuales 67 se encuentran en establecimientos de la red p\u00fablica y 9 en cl\u00ednicas privadas.<\/p>\n","protected":false},"excerpt":{"rendered":"<div class=\"pvc_clear\"><\/div>\n<p id=\"pvc_stats_21956\" class=\"pvc_stats total_only  \" data-element-id=\"21956\" style=\"\"><i class=\"pvc-stats-icon large\" aria-hidden=\"true\"><svg aria-hidden=\"true\" focusable=\"false\" data-prefix=\"far\" data-icon=\"chart-bar\" role=\"img\" xmlns=\"http:\/\/www.w3.org\/2000\/svg\" viewBox=\"0 0 512 512\" class=\"svg-inline--fa fa-chart-bar fa-w-16 fa-2x\"><path fill=\"currentColor\" d=\"M396.8 352h22.4c6.4 0 12.8-6.4 12.8-12.8V108.8c0-6.4-6.4-12.8-12.8-12.8h-22.4c-6.4 0-12.8 6.4-12.8 12.8v230.4c0 6.4 6.4 12.8 12.8 12.8zm-192 0h22.4c6.4 0 12.8-6.4 12.8-12.8V140.8c0-6.4-6.4-12.8-12.8-12.8h-22.4c-6.4 0-12.8 6.4-12.8 12.8v198.4c0 6.4 6.4 12.8 12.8 12.8zm96 0h22.4c6.4 0 12.8-6.4 12.8-12.8V204.8c0-6.4-6.4-12.8-12.8-12.8h-22.4c-6.4 0-12.8 6.4-12.8 12.8v134.4c0 6.4 6.4 12.8 12.8 12.8zM496 400H48V80c0-8.84-7.16-16-16-16H16C7.16 64 0 71.16 0 80v336c0 17.67 14.33 32 32 32h464c8.84 0 16-7.16 16-16v-16c0-8.84-7.16-16-16-16zm-387.2-48h22.4c6.4 0 12.8-6.4 12.8-12.8v-70.4c0-6.4-6.4-12.8-12.8-12.8h-22.4c-6.4 0-12.8 6.4-12.8 12.8v70.4c0 6.4 6.4 12.8 12.8 12.8z\" class=\"\"><\/path><\/svg><\/i> <img loading=\"lazy\" decoding=\"async\" width=\"16\" height=\"16\" alt=\"Loading\" src=\"https:\/\/temucotelevision.cl\/web\/wp-content\/plugins\/page-views-count\/ajax-loader-2x.gif\" border=0 \/><\/p>\n<div class=\"pvc_clear\"><\/div>\n<p>80.815 son los casos confirmados de COVID- 19 en La Araucan\u00eda. Durante el d\u00eda ayer fueron 255 los nuevos casos<\/p>\n","protected":false},"author":1,"featured_media":15577,"comment_status":"open","ping_status":"open","sticky":false,"template":"","format":"standard","meta":{"colormag_page_container_layout":"default_layout","colormag_page_sidebar_layout":"default_layout","footnotes":""},"categories":[15],"tags":[2314,2216,2304,2312],"class_list":["post-21956","post","type-post","status-publish","format-standard","has-post-thumbnail","hentry","category-la-araucania","tag-casos","tag-coronavirus","tag-covid-19","tag-pandemia"],"a3_pvc":{"activated":true,"total_views":29,"today_views":0},"_links":{"self":[{"href":"https:\/\/temucotelevision.cl\/web\/wp-json\/wp\/v2\/posts\/21956","targetHints":{"allow":["GET"]}}],"collection":[{"href":"https:\/\/temucotelevision.cl\/web\/wp-json\/wp\/v2\/posts"}],"about":[{"href":"https:\/\/temucotelevision.cl\/web\/wp-json\/wp\/v2\/types\/post"}],"author":[{"embeddable":true,"href":"https:\/\/temucotelevision.cl\/web\/wp-json\/wp\/v2\/users\/1"}],"replies":[{"embeddable":true,"href":"https:\/\/temucotelevision.cl\/web\/wp-json\/wp\/v2\/comments?post=21956"}],"version-history":[{"count":1,"href":"https:\/\/temucotelevision.cl\/web\/wp-json\/wp\/v2\/posts\/21956\/revisions"}],"predecessor-version":[{"id":21957,"href":"https:\/\/temucotelevision.cl\/web\/wp-json\/wp\/v2\/posts\/21956\/revisions\/21957"}],"wp:featuredmedia":[{"embeddable":true,"href":"https:\/\/temucotelevision.cl\/web\/wp-json\/wp\/v2\/media\/15577"}],"wp:attachment":[{"href":"https:\/\/temucotelevision.cl\/web\/wp-json\/wp\/v2\/media?parent=21956"}],"wp:term":[{"taxonomy":"category","embeddable":true,"href":"https:\/\/temucotelevision.cl\/web\/wp-json\/wp\/v2\/categories?post=21956"},{"taxonomy":"post_tag","embeddable":true,"href":"https:\/\/temucotelevision.cl\/web\/wp-json\/wp\/v2\/tags?post=21956"}],"curies":[{"name":"wp","href":"https:\/\/api.w.org\/{rel}","templated":true}]}}