{"id":21952,"date":"2021-05-25T19:13:36","date_gmt":"2021-05-25T22:13:36","guid":{"rendered":"https:\/\/temucotelevision.cl\/web\/?p=21952"},"modified":"2021-05-25T19:13:39","modified_gmt":"2021-05-25T22:13:39","slug":"collipulli-juzgado-decreta-arraigo-nacional-y-la-prohibicion-de-acercarse-a-la-victima-a-imputado-por-desordenes-ocultacion-de-identidad-y-maltrato-de-obra-a-carabinero","status":"publish","type":"post","link":"https:\/\/temucotelevision.cl\/web\/2021\/05\/25\/collipulli-juzgado-decreta-arraigo-nacional-y-la-prohibicion-de-acercarse-a-la-victima-a-imputado-por-desordenes-ocultacion-de-identidad-y-maltrato-de-obra-a-carabinero\/","title":{"rendered":"Collipulli: Juzgado decreta arraigo nacional y la prohibici\u00f3n de acercarse a la v\u00edctima a imputado por des\u00f3rdenes, ocultaci\u00f3n de identidad y maltrato de obra a carabinero"},"content":{"rendered":"<div class=\"pvc_clear\"><\/div><p id=\"pvc_stats_21952\" class=\"pvc_stats total_only  \" data-element-id=\"21952\" style=\"\"><i class=\"pvc-stats-icon large\" aria-hidden=\"true\"><svg aria-hidden=\"true\" focusable=\"false\" data-prefix=\"far\" data-icon=\"chart-bar\" role=\"img\" xmlns=\"http:\/\/www.w3.org\/2000\/svg\" viewBox=\"0 0 512 512\" class=\"svg-inline--fa fa-chart-bar fa-w-16 fa-2x\"><path fill=\"currentColor\" d=\"M396.8 352h22.4c6.4 0 12.8-6.4 12.8-12.8V108.8c0-6.4-6.4-12.8-12.8-12.8h-22.4c-6.4 0-12.8 6.4-12.8 12.8v230.4c0 6.4 6.4 12.8 12.8 12.8zm-192 0h22.4c6.4 0 12.8-6.4 12.8-12.8V140.8c0-6.4-6.4-12.8-12.8-12.8h-22.4c-6.4 0-12.8 6.4-12.8 12.8v198.4c0 6.4 6.4 12.8 12.8 12.8zm96 0h22.4c6.4 0 12.8-6.4 12.8-12.8V204.8c0-6.4-6.4-12.8-12.8-12.8h-22.4c-6.4 0-12.8 6.4-12.8 12.8v134.4c0 6.4 6.4 12.8 12.8 12.8zM496 400H48V80c0-8.84-7.16-16-16-16H16C7.16 64 0 71.16 0 80v336c0 17.67 14.33 32 32 32h464c8.84 0 16-7.16 16-16v-16c0-8.84-7.16-16-16-16zm-387.2-48h22.4c6.4 0 12.8-6.4 12.8-12.8v-70.4c0-6.4-6.4-12.8-12.8-12.8h-22.4c-6.4 0-12.8 6.4-12.8 12.8v70.4c0 6.4 6.4 12.8 12.8 12.8z\" class=\"\"><\/path><\/svg><\/i> <img loading=\"lazy\" decoding=\"async\" width=\"16\" height=\"16\" alt=\"Loading\" src=\"https:\/\/temucotelevision.cl\/web\/wp-content\/plugins\/page-views-count\/ajax-loader-2x.gif\" border=0 \/><\/p><div class=\"pvc_clear\"><\/div>\n<blockquote class=\"wp-block-quote is-layout-flow wp-block-quote-is-layout-flow\"><p>El Juzgado de Garant\u00eda de Collipulli dej\u00f3 hoy \u2013martes 25 de mayo\u2013 sujeto a las medidas cautelares de arraigo nacional y la prohibici\u00f3n de acercarse a la v\u00edctima a G.I.P.A., imputado por el Ministerio P\u00fablico como autor de los delitos consumados de ocultaci\u00f3n de identidad, des\u00f3rdenes p\u00fablicos y maltrato de obra a carabinero en servicio causando lesiones leves. Il\u00edcitos que habr\u00eda perpetrado ayer, en la comuna.<\/p><\/blockquote>\n\n\n\n<p>El Juzgado de Garant\u00eda de Collipulli dej\u00f3 hoy \u2013martes 25 de mayo\u2013 sujeto a las medidas cautelares de arraigo nacional y la prohibici\u00f3n de acercarse a la v\u00edctima a G.I.P.A., imputado por el Ministerio P\u00fablico como autor de los delitos consumados de ocultaci\u00f3n de identidad, des\u00f3rdenes p\u00fablicos y maltrato de obra a carabinero en servicio causando lesiones leves. Il\u00edcitos que habr\u00eda perpetrado ayer, en la comuna.<\/p>\n\n\n\n<p>En la audiencia de formalizaci\u00f3n (causa rol 572-2021), el magistrada Mar\u00eda Fernanda Lagos Lepe acogi\u00f3 las medidas cautelares solicitadas por el Ministerio P\u00fablico \u2013con adhesi\u00f3n del querellante Intendencia Regional de La Araucan\u00eda- por considerarlas proporcionales y adecuadas a los fines del procedimiento. Adem\u00e1s fij\u00f3 en dos meses el plazo de investigaci\u00f3n.<\/p>\n\n\n\n<p>En la causa, el tribunal orden\u00f3 adem\u00e1s el arraigo nacional de M.A.A.L., imputada como autora de los delitos de des\u00f3rdenes p\u00fablicos y atentado contra la autoridad.<\/p>\n\n\n\n<p>Seg\u00fan el ente persecutor, en horas de la tarde de ayer, lunes 24 de mayo de 2021, un grupo indeterminado de sujetos, entre los cuales se encontraban la imputada M.A.A.L. y su hijo G.I.P.A., se reunieron en el kil\u00f3metro 8 de la Ruta R-35, camino San Andr\u00e9s de la comuna de Collipulli, lugar donde procedieron a cortar \u00e1rboles, con los cuales bloquearon e interrumpieron el libre tr\u00e1nsito en diversos puntos de la v\u00eda.&nbsp;<\/p>\n\n\n\n<p>Personal de la Macrozona Sur Control Orden P\u00fablico e Intervenci\u00f3n de Carabineros arrib\u00f3 al sitio, con el prop\u00f3sito de dispersar a los manifestantes, despejar la v\u00eda y restablecer el orden p\u00fablico. En dicho contexto, sorprendiendo al imputado G.I.P.A., circulando en una motocicleta en forma zigzagueante por la ruta, sin casco e interrumpiendo la circulaci\u00f3n de veh\u00edculos policiales y particulares, cruzando el veh\u00edculo menor en la v\u00eda. Al ser fiscalizado, el imputado se neg\u00f3 a exhibir alg\u00fan documento de identidad e &nbsp;intent\u00f3 huir del control, d\u00e1ndole golpes de pu\u00f1o en el antebrazo y mano a la funcionaria policial Fernanda Mena Araneda, provoc\u00e1ndole lesiones leves.<\/p>\n\n\n\n<p>En tanto, la imputada M.A.A.L. fue detenida por obstaculizar el tr\u00e1nsito vehicular y por lanzar golpes e insultos a los carabineros que procedieron a la detenci\u00f3n de su hijo.<\/p>\n\n\n\n<p>En proceso diverso (causa rol 573-2021), el tribunal decret\u00f3 legal la detenci\u00f3n de J.A.L.F., quien fue sorprendido en el marco de los hechos precedentes, oculto en una zona boscosa con una sierra el\u00e9ctrica en su poder, con la cual habr\u00eda participado en el derribo de los \u00e1rboles utilizados para bloquear el camino.<\/p>\n\n\n\n<p>En la causa, el tribunal acogi\u00f3 la solicitud del Ministerio P\u00fablico y ampli\u00f3 la detenci\u00f3n del imputado, por existir diligencias y peritajes pendientes que permitan fundamentar la participaci\u00f3n de J.A.L.F. en los hechos, por lo que orden\u00f3 su ingreso en tr\u00e1nsito al Centro de Detenci\u00f3n Preventiva de Angol, debiendo ser puesto a disposici\u00f3n del tribunal a las 10 horas de ma\u00f1ana, mi\u00e9rcoles 26 de mayo, a la audiencia de formalizaci\u00f3n respectiva.<\/p>\n\n\n\n<p><\/p>\n","protected":false},"excerpt":{"rendered":"<div class=\"pvc_clear\"><\/div>\n<p id=\"pvc_stats_21952\" class=\"pvc_stats total_only  \" data-element-id=\"21952\" style=\"\"><i class=\"pvc-stats-icon large\" aria-hidden=\"true\"><svg aria-hidden=\"true\" focusable=\"false\" data-prefix=\"far\" data-icon=\"chart-bar\" role=\"img\" xmlns=\"http:\/\/www.w3.org\/2000\/svg\" viewBox=\"0 0 512 512\" class=\"svg-inline--fa fa-chart-bar fa-w-16 fa-2x\"><path fill=\"currentColor\" d=\"M396.8 352h22.4c6.4 0 12.8-6.4 12.8-12.8V108.8c0-6.4-6.4-12.8-12.8-12.8h-22.4c-6.4 0-12.8 6.4-12.8 12.8v230.4c0 6.4 6.4 12.8 12.8 12.8zm-192 0h22.4c6.4 0 12.8-6.4 12.8-12.8V140.8c0-6.4-6.4-12.8-12.8-12.8h-22.4c-6.4 0-12.8 6.4-12.8 12.8v198.4c0 6.4 6.4 12.8 12.8 12.8zm96 0h22.4c6.4 0 12.8-6.4 12.8-12.8V204.8c0-6.4-6.4-12.8-12.8-12.8h-22.4c-6.4 0-12.8 6.4-12.8 12.8v134.4c0 6.4 6.4 12.8 12.8 12.8zM496 400H48V80c0-8.84-7.16-16-16-16H16C7.16 64 0 71.16 0 80v336c0 17.67 14.33 32 32 32h464c8.84 0 16-7.16 16-16v-16c0-8.84-7.16-16-16-16zm-387.2-48h22.4c6.4 0 12.8-6.4 12.8-12.8v-70.4c0-6.4-6.4-12.8-12.8-12.8h-22.4c-6.4 0-12.8 6.4-12.8 12.8v70.4c0 6.4 6.4 12.8 12.8 12.8z\" class=\"\"><\/path><\/svg><\/i> <img loading=\"lazy\" decoding=\"async\" width=\"16\" height=\"16\" alt=\"Loading\" src=\"https:\/\/temucotelevision.cl\/web\/wp-content\/plugins\/page-views-count\/ajax-loader-2x.gif\" border=0 \/><\/p>\n<div class=\"pvc_clear\"><\/div>\n<p>El Juzgado de Garant\u00eda de Collipulli dej\u00f3 hoy \u2013martes 25 de mayo\u2013 sujeto a las medidas cautelares de arraigo nacional<\/p>\n","protected":false},"author":1,"featured_media":21953,"comment_status":"open","ping_status":"open","sticky":false,"template":"","format":"standard","meta":{"colormag_page_container_layout":"default_layout","colormag_page_sidebar_layout":"default_layout","footnotes":""},"categories":[15],"tags":[217,792,979,2383],"class_list":["post-21952","post","type-post","status-publish","format-standard","has-post-thumbnail","hentry","category-la-araucania","tag-carabinero","tag-imputado","tag-juzgado","tag-victima"],"a3_pvc":{"activated":true,"total_views":49,"today_views":0},"_links":{"self":[{"href":"https:\/\/temucotelevision.cl\/web\/wp-json\/wp\/v2\/posts\/21952","targetHints":{"allow":["GET"]}}],"collection":[{"href":"https:\/\/temucotelevision.cl\/web\/wp-json\/wp\/v2\/posts"}],"about":[{"href":"https:\/\/temucotelevision.cl\/web\/wp-json\/wp\/v2\/types\/post"}],"author":[{"embeddable":true,"href":"https:\/\/temucotelevision.cl\/web\/wp-json\/wp\/v2\/users\/1"}],"replies":[{"embeddable":true,"href":"https:\/\/temucotelevision.cl\/web\/wp-json\/wp\/v2\/comments?post=21952"}],"version-history":[{"count":1,"href":"https:\/\/temucotelevision.cl\/web\/wp-json\/wp\/v2\/posts\/21952\/revisions"}],"predecessor-version":[{"id":21954,"href":"https:\/\/temucotelevision.cl\/web\/wp-json\/wp\/v2\/posts\/21952\/revisions\/21954"}],"wp:featuredmedia":[{"embeddable":true,"href":"https:\/\/temucotelevision.cl\/web\/wp-json\/wp\/v2\/media\/21953"}],"wp:attachment":[{"href":"https:\/\/temucotelevision.cl\/web\/wp-json\/wp\/v2\/media?parent=21952"}],"wp:term":[{"taxonomy":"category","embeddable":true,"href":"https:\/\/temucotelevision.cl\/web\/wp-json\/wp\/v2\/categories?post=21952"},{"taxonomy":"post_tag","embeddable":true,"href":"https:\/\/temucotelevision.cl\/web\/wp-json\/wp\/v2\/tags?post=21952"}],"curies":[{"name":"wp","href":"https:\/\/api.w.org\/{rel}","templated":true}]}}