{"id":21949,"date":"2021-05-25T18:59:35","date_gmt":"2021-05-25T21:59:35","guid":{"rendered":"https:\/\/temucotelevision.cl\/web\/?p=21949"},"modified":"2021-05-25T18:59:37","modified_gmt":"2021-05-25T21:59:37","slug":"mim-revelara-todos-sus-secretos-en-el-dia-del-patrimonio","status":"publish","type":"post","link":"https:\/\/temucotelevision.cl\/web\/2021\/05\/25\/mim-revelara-todos-sus-secretos-en-el-dia-del-patrimonio\/","title":{"rendered":"MIM revelar\u00e1 todos sus secretos en el D\u00eda del Patrimonio"},"content":{"rendered":"<div class=\"pvc_clear\"><\/div><p id=\"pvc_stats_21949\" class=\"pvc_stats total_only  \" data-element-id=\"21949\" style=\"\"><i class=\"pvc-stats-icon large\" aria-hidden=\"true\"><svg aria-hidden=\"true\" focusable=\"false\" data-prefix=\"far\" data-icon=\"chart-bar\" role=\"img\" xmlns=\"http:\/\/www.w3.org\/2000\/svg\" viewBox=\"0 0 512 512\" class=\"svg-inline--fa fa-chart-bar fa-w-16 fa-2x\"><path fill=\"currentColor\" d=\"M396.8 352h22.4c6.4 0 12.8-6.4 12.8-12.8V108.8c0-6.4-6.4-12.8-12.8-12.8h-22.4c-6.4 0-12.8 6.4-12.8 12.8v230.4c0 6.4 6.4 12.8 12.8 12.8zm-192 0h22.4c6.4 0 12.8-6.4 12.8-12.8V140.8c0-6.4-6.4-12.8-12.8-12.8h-22.4c-6.4 0-12.8 6.4-12.8 12.8v198.4c0 6.4 6.4 12.8 12.8 12.8zm96 0h22.4c6.4 0 12.8-6.4 12.8-12.8V204.8c0-6.4-6.4-12.8-12.8-12.8h-22.4c-6.4 0-12.8 6.4-12.8 12.8v134.4c0 6.4 6.4 12.8 12.8 12.8zM496 400H48V80c0-8.84-7.16-16-16-16H16C7.16 64 0 71.16 0 80v336c0 17.67 14.33 32 32 32h464c8.84 0 16-7.16 16-16v-16c0-8.84-7.16-16-16-16zm-387.2-48h22.4c6.4 0 12.8-6.4 12.8-12.8v-70.4c0-6.4-6.4-12.8-12.8-12.8h-22.4c-6.4 0-12.8 6.4-12.8 12.8v70.4c0 6.4 6.4 12.8 12.8 12.8z\" class=\"\"><\/path><\/svg><\/i> <img loading=\"lazy\" decoding=\"async\" width=\"16\" height=\"16\" alt=\"Loading\" src=\"https:\/\/temucotelevision.cl\/web\/wp-content\/plugins\/page-views-count\/ajax-loader-2x.gif\" border=0 \/><\/p><div class=\"pvc_clear\"><\/div>\n<ul class=\"wp-block-list\"><li><strong>El museo, con 21 a\u00f1os de historia, realizar\u00e1 un tour virtual gratuito y abierto a la ciudadan\u00eda el s\u00e1bado 29 y domingo 30 de mayo, a trav\u00e9s de su canal de YouTube, donde revelar\u00e1 datos curiosos de su construcci\u00f3n, arquitectura y m\u00f3dulos interactivos m\u00e1s emblem\u00e1ticos.<\/strong><\/li><\/ul>\n\n\n\n<p>\u00bfCu\u00e1ntos clavos tiene la Cama de Clavos del MIM? \u00bfEs verdad que alguna vez hubo animales vivos en una de sus salas? \u00bfCu\u00e1l es la receta de las burbujas para que duren m\u00e1s tiempo? Las respuestas a estos y otros secretos ser\u00e1n reveladas por el Museo Interactivo Mirador en una actividad virtual con la cual participar\u00e1, por primera vez, en el D\u00eda del Patrimonio este s\u00e1bado 29 y domingo 30 de mayo.<\/p>\n\n\n\n<p>Se&nbsp;abordar\u00e1n datos y an\u00e9cdotas que forman parte del proceso que da vida al patrimonio del museo y&nbsp;ser\u00e1 transmitida de forma abierta y gratuita por su canal de YouTube (<a href=\"http:\/\/www.youtube.com\/mim-museo\">www.youtube.com\/mim-museo<\/a>) este fin de semana, en horarios de ma\u00f1ana y tarde: entre las 11:00 y 12:00 y 17:00 a 18:00 horas.&nbsp;<\/p>\n\n\n\n<p>La transmisi\u00f3n ser\u00e1 moderada por integrantes de distintas \u00e1reas del equipo, como Educaci\u00f3n, Servicios al Visitante, Museograf\u00eda o Dise\u00f1o, quienes, mediante una experiencia virtual en 360 grados, llevar\u00e1n a la audiencia por un recorrido a trav\u00e9s del museo, dando cuenta de los detalles detr\u00e1s de la creaci\u00f3n de los espacios expositivos del MIM y sus exhibiciones m\u00e1s emblem\u00e1ticas.&nbsp;<\/p>\n\n\n\n<p>\u201cEl MIM ya tiene 21 a\u00f1os de historia y est\u00e1 en el coraz\u00f3n de las familias, por lo tanto, sentimos que el D\u00eda del Patrimonio es un gran momento para hablar del museo, contar datos in\u00e9ditos, y mostrar el importante trabajo que desarrollan tras bambalinas algunos de los equipos que lo conforman\u201d, expresa Dalia Haymann, directora ejecutiva del MIM.<\/p>\n\n\n\n<p>El&nbsp;<em>tour<\/em>, que tendr\u00e1 una duraci\u00f3n de 45 minutos, con espacio para preguntas del p\u00fablico a trav\u00e9s del chat, contar\u00e1 con material audiovisual del archivo hist\u00f3rico del museo, de los procesos de creaci\u00f3n y muestras actuales.&nbsp;<\/p>\n\n\n\n<p>En el recorrido por el MIM, que es parte de la Red de Fundaciones de la Presidencia, liderada por la primera dama Cecilia Morel, tambi\u00e9n se relatar\u00e1n aspectos arquitect\u00f3nicos que diferencian al MIM de otros museos y datos secretos sobre su construcci\u00f3n, como por ejemplo, que el edificio T\u00fanel Universo fue erigido con la tierra excavada del lugar en que se emplaza un concurrido punto de reuni\u00f3n capitalino.<\/p>\n\n\n\n<p>Tambi\u00e9n se revelar\u00e1n secretos como el funcionamiento del singular mecanismo que da vida a la Casa S\u00edsmica y que permite recrear con exactitud el terremoto del 27 F. Al final del&nbsp;<em>tour<\/em>&nbsp;se anunciar\u00e1n los futuros proyectos en los que se est\u00e1n trabajando para seguir sorprendiendo a la ciudadan\u00eda.<\/p>\n","protected":false},"excerpt":{"rendered":"<div class=\"pvc_clear\"><\/div>\n<p id=\"pvc_stats_21949\" class=\"pvc_stats total_only  \" data-element-id=\"21949\" style=\"\"><i class=\"pvc-stats-icon large\" aria-hidden=\"true\"><svg aria-hidden=\"true\" focusable=\"false\" data-prefix=\"far\" data-icon=\"chart-bar\" role=\"img\" xmlns=\"http:\/\/www.w3.org\/2000\/svg\" viewBox=\"0 0 512 512\" class=\"svg-inline--fa fa-chart-bar fa-w-16 fa-2x\"><path fill=\"currentColor\" d=\"M396.8 352h22.4c6.4 0 12.8-6.4 12.8-12.8V108.8c0-6.4-6.4-12.8-12.8-12.8h-22.4c-6.4 0-12.8 6.4-12.8 12.8v230.4c0 6.4 6.4 12.8 12.8 12.8zm-192 0h22.4c6.4 0 12.8-6.4 12.8-12.8V140.8c0-6.4-6.4-12.8-12.8-12.8h-22.4c-6.4 0-12.8 6.4-12.8 12.8v198.4c0 6.4 6.4 12.8 12.8 12.8zm96 0h22.4c6.4 0 12.8-6.4 12.8-12.8V204.8c0-6.4-6.4-12.8-12.8-12.8h-22.4c-6.4 0-12.8 6.4-12.8 12.8v134.4c0 6.4 6.4 12.8 12.8 12.8zM496 400H48V80c0-8.84-7.16-16-16-16H16C7.16 64 0 71.16 0 80v336c0 17.67 14.33 32 32 32h464c8.84 0 16-7.16 16-16v-16c0-8.84-7.16-16-16-16zm-387.2-48h22.4c6.4 0 12.8-6.4 12.8-12.8v-70.4c0-6.4-6.4-12.8-12.8-12.8h-22.4c-6.4 0-12.8 6.4-12.8 12.8v70.4c0 6.4 6.4 12.8 12.8 12.8z\" class=\"\"><\/path><\/svg><\/i> <img loading=\"lazy\" decoding=\"async\" width=\"16\" height=\"16\" alt=\"Loading\" src=\"https:\/\/temucotelevision.cl\/web\/wp-content\/plugins\/page-views-count\/ajax-loader-2x.gif\" border=0 \/><\/p>\n<div class=\"pvc_clear\"><\/div>\n<p>El museo, con 21 a\u00f1os de historia, realizar\u00e1 un tour virtual gratuito y abierto a la ciudadan\u00eda el s\u00e1bado 29<\/p>\n","protected":false},"author":1,"featured_media":21950,"comment_status":"open","ping_status":"open","sticky":false,"template":"","format":"standard","meta":{"colormag_page_container_layout":"default_layout","colormag_page_sidebar_layout":"default_layout","footnotes":""},"categories":[86],"tags":[3673,529,1445],"class_list":["post-21949","post","type-post","status-publish","format-standard","has-post-thumbnail","hentry","category-panoramas","tag-mim","tag-museo","tag-patrimonio"],"a3_pvc":{"activated":true,"total_views":119,"today_views":0},"_links":{"self":[{"href":"https:\/\/temucotelevision.cl\/web\/wp-json\/wp\/v2\/posts\/21949","targetHints":{"allow":["GET"]}}],"collection":[{"href":"https:\/\/temucotelevision.cl\/web\/wp-json\/wp\/v2\/posts"}],"about":[{"href":"https:\/\/temucotelevision.cl\/web\/wp-json\/wp\/v2\/types\/post"}],"author":[{"embeddable":true,"href":"https:\/\/temucotelevision.cl\/web\/wp-json\/wp\/v2\/users\/1"}],"replies":[{"embeddable":true,"href":"https:\/\/temucotelevision.cl\/web\/wp-json\/wp\/v2\/comments?post=21949"}],"version-history":[{"count":1,"href":"https:\/\/temucotelevision.cl\/web\/wp-json\/wp\/v2\/posts\/21949\/revisions"}],"predecessor-version":[{"id":21951,"href":"https:\/\/temucotelevision.cl\/web\/wp-json\/wp\/v2\/posts\/21949\/revisions\/21951"}],"wp:featuredmedia":[{"embeddable":true,"href":"https:\/\/temucotelevision.cl\/web\/wp-json\/wp\/v2\/media\/21950"}],"wp:attachment":[{"href":"https:\/\/temucotelevision.cl\/web\/wp-json\/wp\/v2\/media?parent=21949"}],"wp:term":[{"taxonomy":"category","embeddable":true,"href":"https:\/\/temucotelevision.cl\/web\/wp-json\/wp\/v2\/categories?post=21949"},{"taxonomy":"post_tag","embeddable":true,"href":"https:\/\/temucotelevision.cl\/web\/wp-json\/wp\/v2\/tags?post=21949"}],"curies":[{"name":"wp","href":"https:\/\/api.w.org\/{rel}","templated":true}]}}