{"id":21945,"date":"2021-05-25T18:52:02","date_gmt":"2021-05-25T21:52:02","guid":{"rendered":"https:\/\/temucotelevision.cl\/web\/?p=21945"},"modified":"2021-05-25T18:53:41","modified_gmt":"2021-05-25T21:53:41","slug":"autoridades-y-mutualidades-desarrollan-revision-de-protocolos-sanitarios-en-el-sector-retail-en-el-marco-de-la-reapertura","status":"publish","type":"post","link":"https:\/\/temucotelevision.cl\/web\/2021\/05\/25\/autoridades-y-mutualidades-desarrollan-revision-de-protocolos-sanitarios-en-el-sector-retail-en-el-marco-de-la-reapertura\/","title":{"rendered":"Autoridades y mutualidades desarrollan revisi\u00f3n de protocolos sanitarios en el sector retail en el marco de la reapertura"},"content":{"rendered":"<div class=\"pvc_clear\"><\/div><p id=\"pvc_stats_21945\" class=\"pvc_stats total_only  \" data-element-id=\"21945\" style=\"\"><i class=\"pvc-stats-icon large\" aria-hidden=\"true\"><svg aria-hidden=\"true\" focusable=\"false\" data-prefix=\"far\" data-icon=\"chart-bar\" role=\"img\" xmlns=\"http:\/\/www.w3.org\/2000\/svg\" viewBox=\"0 0 512 512\" class=\"svg-inline--fa fa-chart-bar fa-w-16 fa-2x\"><path fill=\"currentColor\" d=\"M396.8 352h22.4c6.4 0 12.8-6.4 12.8-12.8V108.8c0-6.4-6.4-12.8-12.8-12.8h-22.4c-6.4 0-12.8 6.4-12.8 12.8v230.4c0 6.4 6.4 12.8 12.8 12.8zm-192 0h22.4c6.4 0 12.8-6.4 12.8-12.8V140.8c0-6.4-6.4-12.8-12.8-12.8h-22.4c-6.4 0-12.8 6.4-12.8 12.8v198.4c0 6.4 6.4 12.8 12.8 12.8zm96 0h22.4c6.4 0 12.8-6.4 12.8-12.8V204.8c0-6.4-6.4-12.8-12.8-12.8h-22.4c-6.4 0-12.8 6.4-12.8 12.8v134.4c0 6.4 6.4 12.8 12.8 12.8zM496 400H48V80c0-8.84-7.16-16-16-16H16C7.16 64 0 71.16 0 80v336c0 17.67 14.33 32 32 32h464c8.84 0 16-7.16 16-16v-16c0-8.84-7.16-16-16-16zm-387.2-48h22.4c6.4 0 12.8-6.4 12.8-12.8v-70.4c0-6.4-6.4-12.8-12.8-12.8h-22.4c-6.4 0-12.8 6.4-12.8 12.8v70.4c0 6.4 6.4 12.8 12.8 12.8z\" class=\"\"><\/path><\/svg><\/i> <img loading=\"lazy\" decoding=\"async\" width=\"16\" height=\"16\" alt=\"Loading\" src=\"https:\/\/temucotelevision.cl\/web\/wp-content\/plugins\/page-views-count\/ajax-loader-2x.gif\" border=0 \/><\/p><div class=\"pvc_clear\"><\/div>\n<p>Esta semana, el Seremi del Trabajo Patricio Sa\u00e9nz, en conjunto con las diferentes mutualidades encargadas de asesorar a las empresas regionales en materia sanitaria, iniciaron una ronda de visitas para evaluar las medidas adoptadas por el retail, con el objetivo de reducir los riesgos de contagio por COVID 19, tanto en lo referido a los trabajadores como a los clientes que acuden a estas tiendas.<\/p>\n\n\n\n<p>Fue as\u00ed como este martes, el Seremi junto a representantes de la Asociaci\u00f3n Chilena de Seguridad, ACHS, visitaron la sucursal de Falabella centro, desarrollando una visita inspectiva y entrevist\u00e1ndose tanto con representantes de los trabajadores, como de la gerencia, para conocer en detalle los protocolos que se han implementado en el marco de la reapertura del comercio, tras el avance de Temuco a fase 2.<\/p>\n\n\n\n<p>S\u00e1enz explic\u00f3 que \u201cSe trata de inspecciones, que buscan reforzar los protocolos preventivos COVID-19, para lo cual las mutualidades est\u00e1n realizando una asesor\u00eda permanente a sus afiliados en esta materia. Creemos que este trabajo se est\u00e1 desarrollando de buena manera, y es importante destacar que adem\u00e1s de las medidas de cuidado para sus trabajadores, se est\u00e1n aplicando estrictos protocolos dirigidos a los clientes de la tienda, para que realicen sus compras de manera segura. Por otro lado, tambi\u00e9n se est\u00e1 trabajando adecuadamente en lo relativo a los permisos para que quienes desarrollen labores en la empresa, puedan acudir a los centros de vacunaci\u00f3n de acuerdo con las calendarizaciones de la autoridad sanitaria. El llamado es a todos los empleadores para que faciliten este proceso porque es fundamental que la poblaci\u00f3n en general pueda vacunarse\u201d.<\/p>\n\n\n\n<p><strong>Trabajo preventivo<\/strong><\/p>\n\n\n\n<p>Juanita Sanhueza, representante de la ACHS, explic\u00f3 que \u201cprincipalmente estamos enfocados en apoyar a las empresas en cuanto a cumplir los par\u00e1metros definidos en el formulario \u00fanico de fiscalizaci\u00f3n, FUF, que aplica la Direcci\u00f3n del Trabajo, y promover las buenas practicas en el marco del plan paso a paso, como por ejemplo recomendaciones generales, elementos de protecci\u00f3n personal, distanciamiento social, medidas preventivas en comedores y atenci\u00f3n de p\u00fablico. Tambi\u00e9n estamos realizando una b\u00fasqueda activa de casos a trav\u00e9s de toma de PCR y seguimiento de ellos cuando se detecta un contagio, para definir la trazabilidad del mismo\u201d.<\/p>\n\n\n\n<p>Jorge Soto, presidente del sindicato de trabajadores de Falabella asegur\u00f3 que \u201clos trabajadores tambi\u00e9n hemos actuado un poco como fiscalizadores de este tema, y la verdad los protocolos han sido muy efectivos porque no se han registrado contagios al interior de la empresa y contamos con todos los elemento de protecci\u00f3n necesarios, como alcohol gel y mascarillas, para desarrollar nuestras funciones. Adem\u00e1s, se desarrollan permanentemente higienizaciones de cada departamento de la tienda, por lo que es bastante segura para nosotros y los clientes<\/p>\n\n\n\n<p><strong>Formulario \u00danico de Fiscalizaci\u00f3n&nbsp;<\/strong><\/p>\n\n\n\n<p>Finalmente, el Seremi dijo que los equipos de fiscalizaci\u00f3n de las inspecciones del trabajo est\u00e1n llevando a cabo un amplio plan de revisi\u00f3n de los protocolos en el sector comercio, a trav\u00e9s del el formulario \u00fanico de fiscalizaci\u00f3n, que conta de dos partes: La primera y m\u00e1s extensa, corresponde a las obligaciones legales que ser\u00e1n fiscalizadas por las instituciones fiscalizadoras, la Direcci\u00f3n del Trabajo y las Seremi de Salud. En tanto, la segunda parte, es un listado de recomendaciones para ser implementadas en los lugares de trabajo, como, por ejemplo: horarios diferidos de ingreso y salida, trabajo a distancia y teletrabajo, entre otras.<\/p>\n\n\n\n<p>Este formulario se gest\u00f3 mediante el trabajo coordinado de la Direcci\u00f3n del Trabajo, la Superintendencia de Seguridad Social (SUSESO), el Ministerio del Trabajo y Previsi\u00f3n Social y el Ministerio de Salud.&nbsp;<\/p>\n\n\n\n<p>Es importante se\u00f1alar que este formulario es p\u00fablico y se puede descargar desde el sitio www.pasoapasolaboral.cl con el objetivo que sea utilizado como una gu\u00eda de uso permanente para la gesti\u00f3n de la prevenci\u00f3n en este contexto de pandemia.<\/p>\n\n\n\n<p>Las multas que se exponen los Empleadores por no cumplimiento del Art. 184 del C\u00f3digo del Trabajo, relacionadas con no tomar medidas preventivas del COVID-19, van desde las 10 UTM a 60 UTM, dependiendo de la cantidad de trabajadores que tiene la empresa.<\/p>\n","protected":false},"excerpt":{"rendered":"<div class=\"pvc_clear\"><\/div>\n<p id=\"pvc_stats_21945\" class=\"pvc_stats total_only  \" data-element-id=\"21945\" style=\"\"><i class=\"pvc-stats-icon large\" aria-hidden=\"true\"><svg aria-hidden=\"true\" focusable=\"false\" data-prefix=\"far\" data-icon=\"chart-bar\" role=\"img\" xmlns=\"http:\/\/www.w3.org\/2000\/svg\" viewBox=\"0 0 512 512\" class=\"svg-inline--fa fa-chart-bar fa-w-16 fa-2x\"><path fill=\"currentColor\" d=\"M396.8 352h22.4c6.4 0 12.8-6.4 12.8-12.8V108.8c0-6.4-6.4-12.8-12.8-12.8h-22.4c-6.4 0-12.8 6.4-12.8 12.8v230.4c0 6.4 6.4 12.8 12.8 12.8zm-192 0h22.4c6.4 0 12.8-6.4 12.8-12.8V140.8c0-6.4-6.4-12.8-12.8-12.8h-22.4c-6.4 0-12.8 6.4-12.8 12.8v198.4c0 6.4 6.4 12.8 12.8 12.8zm96 0h22.4c6.4 0 12.8-6.4 12.8-12.8V204.8c0-6.4-6.4-12.8-12.8-12.8h-22.4c-6.4 0-12.8 6.4-12.8 12.8v134.4c0 6.4 6.4 12.8 12.8 12.8zM496 400H48V80c0-8.84-7.16-16-16-16H16C7.16 64 0 71.16 0 80v336c0 17.67 14.33 32 32 32h464c8.84 0 16-7.16 16-16v-16c0-8.84-7.16-16-16-16zm-387.2-48h22.4c6.4 0 12.8-6.4 12.8-12.8v-70.4c0-6.4-6.4-12.8-12.8-12.8h-22.4c-6.4 0-12.8 6.4-12.8 12.8v70.4c0 6.4 6.4 12.8 12.8 12.8z\" class=\"\"><\/path><\/svg><\/i> <img loading=\"lazy\" decoding=\"async\" width=\"16\" height=\"16\" alt=\"Loading\" src=\"https:\/\/temucotelevision.cl\/web\/wp-content\/plugins\/page-views-count\/ajax-loader-2x.gif\" border=0 \/><\/p>\n<div class=\"pvc_clear\"><\/div>\n<p>Esta semana, el Seremi del Trabajo Patricio Sa\u00e9nz, en conjunto con las diferentes mutualidades encargadas de asesorar a las empresas<\/p>\n","protected":false},"author":1,"featured_media":21946,"comment_status":"open","ping_status":"open","sticky":false,"template":"","format":"standard","meta":{"colormag_page_container_layout":"default_layout","colormag_page_sidebar_layout":"default_layout","footnotes":""},"categories":[15],"tags":[745,2328,3832],"class_list":["post-21945","post","type-post","status-publish","format-standard","has-post-thumbnail","hentry","category-la-araucania","tag-autoridades","tag-protocolos","tag-retail"],"a3_pvc":{"activated":true,"total_views":20,"today_views":0},"_links":{"self":[{"href":"https:\/\/temucotelevision.cl\/web\/wp-json\/wp\/v2\/posts\/21945","targetHints":{"allow":["GET"]}}],"collection":[{"href":"https:\/\/temucotelevision.cl\/web\/wp-json\/wp\/v2\/posts"}],"about":[{"href":"https:\/\/temucotelevision.cl\/web\/wp-json\/wp\/v2\/types\/post"}],"author":[{"embeddable":true,"href":"https:\/\/temucotelevision.cl\/web\/wp-json\/wp\/v2\/users\/1"}],"replies":[{"embeddable":true,"href":"https:\/\/temucotelevision.cl\/web\/wp-json\/wp\/v2\/comments?post=21945"}],"version-history":[{"count":2,"href":"https:\/\/temucotelevision.cl\/web\/wp-json\/wp\/v2\/posts\/21945\/revisions"}],"predecessor-version":[{"id":21948,"href":"https:\/\/temucotelevision.cl\/web\/wp-json\/wp\/v2\/posts\/21945\/revisions\/21948"}],"wp:featuredmedia":[{"embeddable":true,"href":"https:\/\/temucotelevision.cl\/web\/wp-json\/wp\/v2\/media\/21946"}],"wp:attachment":[{"href":"https:\/\/temucotelevision.cl\/web\/wp-json\/wp\/v2\/media?parent=21945"}],"wp:term":[{"taxonomy":"category","embeddable":true,"href":"https:\/\/temucotelevision.cl\/web\/wp-json\/wp\/v2\/categories?post=21945"},{"taxonomy":"post_tag","embeddable":true,"href":"https:\/\/temucotelevision.cl\/web\/wp-json\/wp\/v2\/tags?post=21945"}],"curies":[{"name":"wp","href":"https:\/\/api.w.org\/{rel}","templated":true}]}}