{"id":21940,"date":"2021-05-25T12:19:35","date_gmt":"2021-05-25T15:19:35","guid":{"rendered":"https:\/\/temucotelevision.cl\/web\/?p=21940"},"modified":"2021-05-25T12:19:37","modified_gmt":"2021-05-25T15:19:37","slug":"jovenes-de-26-a-29-anos-se-podran-vacunar-esta-semana","status":"publish","type":"post","link":"https:\/\/temucotelevision.cl\/web\/2021\/05\/25\/jovenes-de-26-a-29-anos-se-podran-vacunar-esta-semana\/","title":{"rendered":"J\u00f3venes de 26 a 29 a\u00f1os se podr\u00e1n vacunar esta semana"},"content":{"rendered":"<div class=\"pvc_clear\"><\/div><p id=\"pvc_stats_21940\" class=\"pvc_stats total_only  \" data-element-id=\"21940\" style=\"\"><i class=\"pvc-stats-icon large\" aria-hidden=\"true\"><svg aria-hidden=\"true\" focusable=\"false\" data-prefix=\"far\" data-icon=\"chart-bar\" role=\"img\" xmlns=\"http:\/\/www.w3.org\/2000\/svg\" viewBox=\"0 0 512 512\" class=\"svg-inline--fa fa-chart-bar fa-w-16 fa-2x\"><path fill=\"currentColor\" d=\"M396.8 352h22.4c6.4 0 12.8-6.4 12.8-12.8V108.8c0-6.4-6.4-12.8-12.8-12.8h-22.4c-6.4 0-12.8 6.4-12.8 12.8v230.4c0 6.4 6.4 12.8 12.8 12.8zm-192 0h22.4c6.4 0 12.8-6.4 12.8-12.8V140.8c0-6.4-6.4-12.8-12.8-12.8h-22.4c-6.4 0-12.8 6.4-12.8 12.8v198.4c0 6.4 6.4 12.8 12.8 12.8zm96 0h22.4c6.4 0 12.8-6.4 12.8-12.8V204.8c0-6.4-6.4-12.8-12.8-12.8h-22.4c-6.4 0-12.8 6.4-12.8 12.8v134.4c0 6.4 6.4 12.8 12.8 12.8zM496 400H48V80c0-8.84-7.16-16-16-16H16C7.16 64 0 71.16 0 80v336c0 17.67 14.33 32 32 32h464c8.84 0 16-7.16 16-16v-16c0-8.84-7.16-16-16-16zm-387.2-48h22.4c6.4 0 12.8-6.4 12.8-12.8v-70.4c0-6.4-6.4-12.8-12.8-12.8h-22.4c-6.4 0-12.8 6.4-12.8 12.8v70.4c0 6.4 6.4 12.8 12.8 12.8z\" class=\"\"><\/path><\/svg><\/i> <img loading=\"lazy\" decoding=\"async\" width=\"16\" height=\"16\" alt=\"Loading\" src=\"https:\/\/temucotelevision.cl\/web\/wp-content\/plugins\/page-views-count\/ajax-loader-2x.gif\" border=0 \/><\/p><div class=\"pvc_clear\"><\/div>\n<ul class=\"wp-block-list\"><li>Seg\u00fan el calendario del Minsal, esta semana les corresponde la inoculaci\u00f3n a los j\u00f3venes de entre 26 y 29 a\u00f1os, adem\u00e1s de las embarazadas, rezagados de 26 a\u00f1os y m\u00e1s y rezagados cr\u00f3nicos entre 18 y 24 a\u00f1os de edad.&nbsp;<\/li><\/ul>\n\n\n\n<p>Este lunes, se inici\u00f3 una nueva semana de vacunaci\u00f3n, esta vez corresponde a j\u00f3venes de 29 a\u00f1os a 26 a\u00f1os. Por lo mismo, el intendente V\u00edctor Manoli junto al seremi (s) de salud, Alex Olivares y el director de Injuv, Marco Luna, realizaron un llamado a los j\u00f3venes a inocularse.<\/p>\n\n\n\n<p>Al respecto Intendente de La Araucan\u00eda, V\u00edctor Manoli dijo \u201cHoy estamos incentivando a los j\u00f3venes entre 26 y 29 a\u00f1os a que se vacunen porque adem\u00e1s van a tener algunos beneficios que van a poder lograr con el carnet verde que se est\u00e1 anunciando y que va a permitir salir a hacer algunas cosas, cumpliendo los aforos y eso indudablemente que ayudar\u00e1 a la salud mental (\u2026) La vacuna no nos va a solucionar el problema de la pandemia, pero s\u00ed nos ayudar\u00e1 a prevenir casos graves. Es cosa de ver que ha bajado la tasa de hospitalizaciones, especialmente en adultos mayores que hoy tienen la segunda vacuna. El llamado es al autocuidado y a proceder a la vacunaci\u00f3n, ya que pueden ayudar a ir conteniendo esta pandemia\u201d.&nbsp;<\/p>\n\n\n\n<p>Por su parte, Alex Olivares, Seremi (S) de Salud dijo \u201cHasta el momento, tenemos un 66% de la poblaci\u00f3n que est\u00e1 vacunada con su primera dosis y solo un 54% de la poblaci\u00f3n que ha recibido la segunda dosis, por lo tanto, adem\u00e1s de llamar a estos vecinos que est\u00e1n entre los 29 y 26 a\u00f1os, tambi\u00e9n tenemos que llamar a todos aquellos rezagados que no han venido por su primera dosis para que acudan r\u00e1pidamente a los puntos de vacunaci\u00f3n que tenemos distribuidos en toda la regi\u00f3n, para que cumplan con esta estrategia que ha implementado el gobierno de Chile\u201d.<\/p>\n\n\n\n<p>Uno de los j\u00f3venes que hoy lleg\u00f3 al Gimnasio Ol\u00edmpico de Temuco, en donde se est\u00e1 aplicando la vacuna de lunes a s\u00e1bado hasta las 16:00 horas, fue Pablo Tamayo, interno de Medicina \u201cAhora es el momento de la juventud, quienes est\u00e1n en mayor riesgo. Tenemos pacientes de 40, 30 y 28 a\u00f1os, hospitalizados con requerimiento de ox\u00edgeno en el Hospital Regional, mientras que adultos mayores son menos. Por eso es importante que se vacunen los j\u00f3venes y hagan un llamado tambi\u00e9n a sus padres, a sus abuelos, mayores de 50 a\u00f1os que tambi\u00e9n concurran a vacunarse\u201d.&nbsp;<\/p>\n\n\n\n<p>Finalmente el director regional del Injuv, Marco Luna se\u00f1al\u00f3 \u201cContarles que vamos a hacer un despliegue como Injuv a nivel regional, donde nos vamos a trasladar a distintas comunas para seguir haciendo este llamado y&nbsp;&nbsp;poder seguir participando en los distintos puntos de vacunaci\u00f3n invitando a vacunarse, y tambi\u00e9n haciendo otras invitaciones, como por ejemplo la toma de test r\u00e1pidos de VIH y tambi\u00e9n una sexualidad responsable, as\u00ed que estamos muy contentos y muy conformes con el inicio de este proceso y esperamos que la participaci\u00f3n sea total y completa\u201d.&nbsp;<\/p>\n","protected":false},"excerpt":{"rendered":"<div class=\"pvc_clear\"><\/div>\n<p id=\"pvc_stats_21940\" class=\"pvc_stats total_only  \" data-element-id=\"21940\" style=\"\"><i class=\"pvc-stats-icon large\" aria-hidden=\"true\"><svg aria-hidden=\"true\" focusable=\"false\" data-prefix=\"far\" data-icon=\"chart-bar\" role=\"img\" xmlns=\"http:\/\/www.w3.org\/2000\/svg\" viewBox=\"0 0 512 512\" class=\"svg-inline--fa fa-chart-bar fa-w-16 fa-2x\"><path fill=\"currentColor\" d=\"M396.8 352h22.4c6.4 0 12.8-6.4 12.8-12.8V108.8c0-6.4-6.4-12.8-12.8-12.8h-22.4c-6.4 0-12.8 6.4-12.8 12.8v230.4c0 6.4 6.4 12.8 12.8 12.8zm-192 0h22.4c6.4 0 12.8-6.4 12.8-12.8V140.8c0-6.4-6.4-12.8-12.8-12.8h-22.4c-6.4 0-12.8 6.4-12.8 12.8v198.4c0 6.4 6.4 12.8 12.8 12.8zm96 0h22.4c6.4 0 12.8-6.4 12.8-12.8V204.8c0-6.4-6.4-12.8-12.8-12.8h-22.4c-6.4 0-12.8 6.4-12.8 12.8v134.4c0 6.4 6.4 12.8 12.8 12.8zM496 400H48V80c0-8.84-7.16-16-16-16H16C7.16 64 0 71.16 0 80v336c0 17.67 14.33 32 32 32h464c8.84 0 16-7.16 16-16v-16c0-8.84-7.16-16-16-16zm-387.2-48h22.4c6.4 0 12.8-6.4 12.8-12.8v-70.4c0-6.4-6.4-12.8-12.8-12.8h-22.4c-6.4 0-12.8 6.4-12.8 12.8v70.4c0 6.4 6.4 12.8 12.8 12.8z\" class=\"\"><\/path><\/svg><\/i> <img loading=\"lazy\" decoding=\"async\" width=\"16\" height=\"16\" alt=\"Loading\" src=\"https:\/\/temucotelevision.cl\/web\/wp-content\/plugins\/page-views-count\/ajax-loader-2x.gif\" border=0 \/><\/p>\n<div class=\"pvc_clear\"><\/div>\n<p>Seg\u00fan el calendario del Minsal, esta semana les corresponde la inoculaci\u00f3n a los j\u00f3venes de entre 26 y 29 a\u00f1os,<\/p>\n","protected":false},"author":1,"featured_media":21941,"comment_status":"open","ping_status":"open","sticky":false,"template":"","format":"standard","meta":{"colormag_page_container_layout":"default_layout","colormag_page_sidebar_layout":"default_layout","footnotes":""},"categories":[14],"tags":[2326,432,513],"class_list":["post-21940","post","type-post","status-publish","format-standard","has-post-thumbnail","hentry","category-temuco","tag-covid","tag-jovenes","tag-vacunas"],"a3_pvc":{"activated":true,"total_views":29,"today_views":0},"_links":{"self":[{"href":"https:\/\/temucotelevision.cl\/web\/wp-json\/wp\/v2\/posts\/21940","targetHints":{"allow":["GET"]}}],"collection":[{"href":"https:\/\/temucotelevision.cl\/web\/wp-json\/wp\/v2\/posts"}],"about":[{"href":"https:\/\/temucotelevision.cl\/web\/wp-json\/wp\/v2\/types\/post"}],"author":[{"embeddable":true,"href":"https:\/\/temucotelevision.cl\/web\/wp-json\/wp\/v2\/users\/1"}],"replies":[{"embeddable":true,"href":"https:\/\/temucotelevision.cl\/web\/wp-json\/wp\/v2\/comments?post=21940"}],"version-history":[{"count":1,"href":"https:\/\/temucotelevision.cl\/web\/wp-json\/wp\/v2\/posts\/21940\/revisions"}],"predecessor-version":[{"id":21942,"href":"https:\/\/temucotelevision.cl\/web\/wp-json\/wp\/v2\/posts\/21940\/revisions\/21942"}],"wp:featuredmedia":[{"embeddable":true,"href":"https:\/\/temucotelevision.cl\/web\/wp-json\/wp\/v2\/media\/21941"}],"wp:attachment":[{"href":"https:\/\/temucotelevision.cl\/web\/wp-json\/wp\/v2\/media?parent=21940"}],"wp:term":[{"taxonomy":"category","embeddable":true,"href":"https:\/\/temucotelevision.cl\/web\/wp-json\/wp\/v2\/categories?post=21940"},{"taxonomy":"post_tag","embeddable":true,"href":"https:\/\/temucotelevision.cl\/web\/wp-json\/wp\/v2\/tags?post=21940"}],"curies":[{"name":"wp","href":"https:\/\/api.w.org\/{rel}","templated":true}]}}