{"id":21934,"date":"2021-05-25T00:36:15","date_gmt":"2021-05-25T03:36:15","guid":{"rendered":"https:\/\/temucotelevision.cl\/web\/?p=21934"},"modified":"2021-05-25T00:36:18","modified_gmt":"2021-05-25T03:36:18","slug":"el-geologo-marcelo-lagos-participara-en-el-live-los-desastres-no-son-naturales-organizado-por-caritas-chile","status":"publish","type":"post","link":"https:\/\/temucotelevision.cl\/web\/2021\/05\/25\/el-geologo-marcelo-lagos-participara-en-el-live-los-desastres-no-son-naturales-organizado-por-caritas-chile\/","title":{"rendered":"El ge\u00f3logo Marcelo Lagos participar\u00e1 en el live \u201cLos desastres no son naturales\u201d organizado por Caritas Chile"},"content":{"rendered":"<div class=\"pvc_clear\"><\/div><p id=\"pvc_stats_21934\" class=\"pvc_stats total_only  \" data-element-id=\"21934\" style=\"\"><i class=\"pvc-stats-icon large\" aria-hidden=\"true\"><svg aria-hidden=\"true\" focusable=\"false\" data-prefix=\"far\" data-icon=\"chart-bar\" role=\"img\" xmlns=\"http:\/\/www.w3.org\/2000\/svg\" viewBox=\"0 0 512 512\" class=\"svg-inline--fa fa-chart-bar fa-w-16 fa-2x\"><path fill=\"currentColor\" d=\"M396.8 352h22.4c6.4 0 12.8-6.4 12.8-12.8V108.8c0-6.4-6.4-12.8-12.8-12.8h-22.4c-6.4 0-12.8 6.4-12.8 12.8v230.4c0 6.4 6.4 12.8 12.8 12.8zm-192 0h22.4c6.4 0 12.8-6.4 12.8-12.8V140.8c0-6.4-6.4-12.8-12.8-12.8h-22.4c-6.4 0-12.8 6.4-12.8 12.8v198.4c0 6.4 6.4 12.8 12.8 12.8zm96 0h22.4c6.4 0 12.8-6.4 12.8-12.8V204.8c0-6.4-6.4-12.8-12.8-12.8h-22.4c-6.4 0-12.8 6.4-12.8 12.8v134.4c0 6.4 6.4 12.8 12.8 12.8zM496 400H48V80c0-8.84-7.16-16-16-16H16C7.16 64 0 71.16 0 80v336c0 17.67 14.33 32 32 32h464c8.84 0 16-7.16 16-16v-16c0-8.84-7.16-16-16-16zm-387.2-48h22.4c6.4 0 12.8-6.4 12.8-12.8v-70.4c0-6.4-6.4-12.8-12.8-12.8h-22.4c-6.4 0-12.8 6.4-12.8 12.8v70.4c0 6.4 6.4 12.8 12.8 12.8z\" class=\"\"><\/path><\/svg><\/i> <img loading=\"lazy\" decoding=\"async\" width=\"16\" height=\"16\" alt=\"Loading\" src=\"https:\/\/temucotelevision.cl\/web\/wp-content\/plugins\/page-views-count\/ajax-loader-2x.gif\" border=0 \/><\/p><div class=\"pvc_clear\"><\/div>\n<p><em>Disminuir el impacto material, econ\u00f3mico y emocional que generan los desastres, y concientizar sobre la reducci\u00f3n del riesgo, son los objetivos del interesante encuentro virtual impulsado por&nbsp;&nbsp;Caritas Chile, junto a otras organizaciones sociales y p\u00fablicas del pa\u00eds, en el cual participar\u00e1n el destacado ge\u00f3logo, Marcelo Lagos, juntos a representantes de Caritas Chile, Onemi y que ser\u00e1 moderado por el reconocido meteor\u00f3logo Gianfranco Marcone.<\/em><\/p>\n\n\n\n<p>El pr\u00f3ximo 27 de mayo a las 19 horas, se realizar\u00e1 el live \u201cLos desastres no son naturales\u201d en el marco de la Campa\u00f1a \u201cM\u00e1s Unidos, Menos Riesgos\u201d impulsada por Caritas Chile y otras organizaciones, donde el destacado ge\u00f3grafo, Marcelo Lagos, junto a Catherine Mella de Caritas Chile y Rodrigo Ortiz, Subdirector de Gesti\u00f3n del Riesgo de ONEMI, dar\u00e1n a conocer la importancia de comprender los riesgos frente a una amenaza y c\u00f3mo deben actuar las comunidades para evitar que se produzcan los desastres.&nbsp;<\/p>\n\n\n\n<p>\u201cLos desastres han ido en aumento a\u00f1o a a\u00f1o en todo el mundo y no porque somos m\u00e1s personas o por el cambio clim\u00e1tico, sino porque la desigualdad y el impacto en los ecosistemas sigue aumentando d\u00eda a d\u00eda. Esto nos confirma que la mirada con respecto a la reducci\u00f3n del riesgo de desastre, es un tema que no se ha abordado como corresponde y por lo mismo, debe haber una nueva mirada que implique una democratizaci\u00f3n del conocimiento para todos los actores de la sociedad\u201d, coment\u00f3 el ge\u00f3grafo Marcelo Lagos.<\/p>\n\n\n\n<p>Hoy sabemos que es indispensable involucrar a las comunidades en la gesti\u00f3n del riesgo, entreg\u00e1ndoles informaci\u00f3n y capacitaci\u00f3n que les permita mejorar sus capacidades para enfrentar o mitigar los efectos de una amenaza. Este y otros interesantes temas y consejos pr\u00e1cticos se tratar\u00e1n en este&nbsp;<em>live&nbsp;<\/em>gratuito moderado por el reconocido meteor\u00f3logo, Gianfranco Marcone.<\/p>\n\n\n\n<p>\u201cCon el pasar del tiempo hemos aprendido que los desastres no son naturales, sino que son el resultado de una compleja trama de malas decisiones, ausencia de planificaci\u00f3n urbana, falta de sinton\u00eda de las autoridades con las comunidades, lo que se ve reforzado por esta cultura centrada en la respuesta y no en la prevenci\u00f3n. Dada la importancia de avanzar en este camino para la seguridad y el desarrollo de comunidades resilientes, es importante que entendamos que es posible que con nuestras conductas individuales y colectivas podemos reducir el riesgo\u201d, asegura Catherine Mella, representante de Caritas Chile.<\/p>\n\n\n\n<p>Invitamos a todas las personas a participar de este interesante espacio y a formar parte de la campa\u00f1a #MasUnidosMenosRiesgo. Para conocer m\u00e1s ingresa a&nbsp;<a href=\"https:\/\/masunidosmenosriesgo.cl\/\">https:\/\/masunidosmenosriesgo.cl\/<\/a><\/p>\n","protected":false},"excerpt":{"rendered":"<div class=\"pvc_clear\"><\/div>\n<p id=\"pvc_stats_21934\" class=\"pvc_stats total_only  \" data-element-id=\"21934\" style=\"\"><i class=\"pvc-stats-icon large\" aria-hidden=\"true\"><svg aria-hidden=\"true\" focusable=\"false\" data-prefix=\"far\" data-icon=\"chart-bar\" role=\"img\" xmlns=\"http:\/\/www.w3.org\/2000\/svg\" viewBox=\"0 0 512 512\" class=\"svg-inline--fa fa-chart-bar fa-w-16 fa-2x\"><path fill=\"currentColor\" d=\"M396.8 352h22.4c6.4 0 12.8-6.4 12.8-12.8V108.8c0-6.4-6.4-12.8-12.8-12.8h-22.4c-6.4 0-12.8 6.4-12.8 12.8v230.4c0 6.4 6.4 12.8 12.8 12.8zm-192 0h22.4c6.4 0 12.8-6.4 12.8-12.8V140.8c0-6.4-6.4-12.8-12.8-12.8h-22.4c-6.4 0-12.8 6.4-12.8 12.8v198.4c0 6.4 6.4 12.8 12.8 12.8zm96 0h22.4c6.4 0 12.8-6.4 12.8-12.8V204.8c0-6.4-6.4-12.8-12.8-12.8h-22.4c-6.4 0-12.8 6.4-12.8 12.8v134.4c0 6.4 6.4 12.8 12.8 12.8zM496 400H48V80c0-8.84-7.16-16-16-16H16C7.16 64 0 71.16 0 80v336c0 17.67 14.33 32 32 32h464c8.84 0 16-7.16 16-16v-16c0-8.84-7.16-16-16-16zm-387.2-48h22.4c6.4 0 12.8-6.4 12.8-12.8v-70.4c0-6.4-6.4-12.8-12.8-12.8h-22.4c-6.4 0-12.8 6.4-12.8 12.8v70.4c0 6.4 6.4 12.8 12.8 12.8z\" class=\"\"><\/path><\/svg><\/i> <img loading=\"lazy\" decoding=\"async\" width=\"16\" height=\"16\" alt=\"Loading\" src=\"https:\/\/temucotelevision.cl\/web\/wp-content\/plugins\/page-views-count\/ajax-loader-2x.gif\" border=0 \/><\/p>\n<div class=\"pvc_clear\"><\/div>\n<p>Disminuir el impacto material, econ\u00f3mico y emocional que generan los desastres, y concientizar sobre la reducci\u00f3n del riesgo, son los<\/p>\n","protected":false},"author":1,"featured_media":21935,"comment_status":"open","ping_status":"open","sticky":false,"template":"","format":"standard","meta":{"colormag_page_container_layout":"default_layout","colormag_page_sidebar_layout":"default_layout","footnotes":""},"categories":[101,86],"tags":[3830,2588,3831],"class_list":["post-21934","post","type-post","status-publish","format-standard","has-post-thumbnail","hentry","category-actualidad","category-panoramas","tag-desastres","tag-live","tag-naturales"],"a3_pvc":{"activated":true,"total_views":65,"today_views":0},"_links":{"self":[{"href":"https:\/\/temucotelevision.cl\/web\/wp-json\/wp\/v2\/posts\/21934","targetHints":{"allow":["GET"]}}],"collection":[{"href":"https:\/\/temucotelevision.cl\/web\/wp-json\/wp\/v2\/posts"}],"about":[{"href":"https:\/\/temucotelevision.cl\/web\/wp-json\/wp\/v2\/types\/post"}],"author":[{"embeddable":true,"href":"https:\/\/temucotelevision.cl\/web\/wp-json\/wp\/v2\/users\/1"}],"replies":[{"embeddable":true,"href":"https:\/\/temucotelevision.cl\/web\/wp-json\/wp\/v2\/comments?post=21934"}],"version-history":[{"count":1,"href":"https:\/\/temucotelevision.cl\/web\/wp-json\/wp\/v2\/posts\/21934\/revisions"}],"predecessor-version":[{"id":21936,"href":"https:\/\/temucotelevision.cl\/web\/wp-json\/wp\/v2\/posts\/21934\/revisions\/21936"}],"wp:featuredmedia":[{"embeddable":true,"href":"https:\/\/temucotelevision.cl\/web\/wp-json\/wp\/v2\/media\/21935"}],"wp:attachment":[{"href":"https:\/\/temucotelevision.cl\/web\/wp-json\/wp\/v2\/media?parent=21934"}],"wp:term":[{"taxonomy":"category","embeddable":true,"href":"https:\/\/temucotelevision.cl\/web\/wp-json\/wp\/v2\/categories?post=21934"},{"taxonomy":"post_tag","embeddable":true,"href":"https:\/\/temucotelevision.cl\/web\/wp-json\/wp\/v2\/tags?post=21934"}],"curies":[{"name":"wp","href":"https:\/\/api.w.org\/{rel}","templated":true}]}}