{"id":21931,"date":"2021-05-24T20:47:45","date_gmt":"2021-05-24T23:47:45","guid":{"rendered":"https:\/\/temucotelevision.cl\/web\/?p=21931"},"modified":"2021-05-24T20:47:47","modified_gmt":"2021-05-24T23:47:47","slug":"senadora-aravena-que-explicacion-podemos-darle-a-la-araucania-ante-tal-nivel-de-inseguridad-violencia-e-impunidad","status":"publish","type":"post","link":"https:\/\/temucotelevision.cl\/web\/2021\/05\/24\/senadora-aravena-que-explicacion-podemos-darle-a-la-araucania-ante-tal-nivel-de-inseguridad-violencia-e-impunidad\/","title":{"rendered":"Senadora Aravena: \u00bfQu\u00e9 explicaci\u00f3n podemos darle a La Araucan\u00eda ante tal nivel de inseguridad, violencia e impunidad?"},"content":{"rendered":"<div class=\"pvc_clear\"><\/div><p id=\"pvc_stats_21931\" class=\"pvc_stats total_only  \" data-element-id=\"21931\" style=\"\"><i class=\"pvc-stats-icon large\" aria-hidden=\"true\"><svg aria-hidden=\"true\" focusable=\"false\" data-prefix=\"far\" data-icon=\"chart-bar\" role=\"img\" xmlns=\"http:\/\/www.w3.org\/2000\/svg\" viewBox=\"0 0 512 512\" class=\"svg-inline--fa fa-chart-bar fa-w-16 fa-2x\"><path fill=\"currentColor\" d=\"M396.8 352h22.4c6.4 0 12.8-6.4 12.8-12.8V108.8c0-6.4-6.4-12.8-12.8-12.8h-22.4c-6.4 0-12.8 6.4-12.8 12.8v230.4c0 6.4 6.4 12.8 12.8 12.8zm-192 0h22.4c6.4 0 12.8-6.4 12.8-12.8V140.8c0-6.4-6.4-12.8-12.8-12.8h-22.4c-6.4 0-12.8 6.4-12.8 12.8v198.4c0 6.4 6.4 12.8 12.8 12.8zm96 0h22.4c6.4 0 12.8-6.4 12.8-12.8V204.8c0-6.4-6.4-12.8-12.8-12.8h-22.4c-6.4 0-12.8 6.4-12.8 12.8v134.4c0 6.4 6.4 12.8 12.8 12.8zM496 400H48V80c0-8.84-7.16-16-16-16H16C7.16 64 0 71.16 0 80v336c0 17.67 14.33 32 32 32h464c8.84 0 16-7.16 16-16v-16c0-8.84-7.16-16-16-16zm-387.2-48h22.4c6.4 0 12.8-6.4 12.8-12.8v-70.4c0-6.4-6.4-12.8-12.8-12.8h-22.4c-6.4 0-12.8 6.4-12.8 12.8v70.4c0 6.4 6.4 12.8 12.8 12.8z\" class=\"\"><\/path><\/svg><\/i> <img loading=\"lazy\" decoding=\"async\" width=\"16\" height=\"16\" alt=\"Loading\" src=\"https:\/\/temucotelevision.cl\/web\/wp-content\/plugins\/page-views-count\/ajax-loader-2x.gif\" border=0 \/><\/p><div class=\"pvc_clear\"><\/div>\n<p>&#8220;Debemos partir por reconocer que hemos fracasado en la lucha contra el terrorismo. Lamento profundamente la muerte del sargento de Carabineros, Francisco Benavidez, otro m\u00e1rtir de la instituci\u00f3n que muere a causa del terrorismo en La Araucan\u00eda, al igual que el cabo Eugenio Nain y el subinspector de la PDI, Luis Morales, quien recibi\u00f3 un disparo con arma de grueso calibre en operativo al interior de Temucuicui.\u00a0<\/p>\n\n\n\n<p>Estos hechos nos demuestran que nuestros carabineros y polic\u00edas no cuentan con las atribuciones y el equipamiento para enfrentar el terrorismo. En la Macrozona Sur nos hemos visto superados con este nivel de violencia, este no es un problema de un sector pol\u00edtico o de otro, es un problema de Estado, es tiempo que se act\u00fae con valent\u00eda, inteligencia y firmeza, para terminar de una vez por todas con el terrorismo que sufre La Araucan\u00eda hace m\u00e1s de 20 a\u00f1os&#8221;.<\/p>\n","protected":false},"excerpt":{"rendered":"<div class=\"pvc_clear\"><\/div>\n<p id=\"pvc_stats_21931\" class=\"pvc_stats total_only  \" data-element-id=\"21931\" style=\"\"><i class=\"pvc-stats-icon large\" aria-hidden=\"true\"><svg aria-hidden=\"true\" focusable=\"false\" data-prefix=\"far\" data-icon=\"chart-bar\" role=\"img\" xmlns=\"http:\/\/www.w3.org\/2000\/svg\" viewBox=\"0 0 512 512\" class=\"svg-inline--fa fa-chart-bar fa-w-16 fa-2x\"><path fill=\"currentColor\" d=\"M396.8 352h22.4c6.4 0 12.8-6.4 12.8-12.8V108.8c0-6.4-6.4-12.8-12.8-12.8h-22.4c-6.4 0-12.8 6.4-12.8 12.8v230.4c0 6.4 6.4 12.8 12.8 12.8zm-192 0h22.4c6.4 0 12.8-6.4 12.8-12.8V140.8c0-6.4-6.4-12.8-12.8-12.8h-22.4c-6.4 0-12.8 6.4-12.8 12.8v198.4c0 6.4 6.4 12.8 12.8 12.8zm96 0h22.4c6.4 0 12.8-6.4 12.8-12.8V204.8c0-6.4-6.4-12.8-12.8-12.8h-22.4c-6.4 0-12.8 6.4-12.8 12.8v134.4c0 6.4 6.4 12.8 12.8 12.8zM496 400H48V80c0-8.84-7.16-16-16-16H16C7.16 64 0 71.16 0 80v336c0 17.67 14.33 32 32 32h464c8.84 0 16-7.16 16-16v-16c0-8.84-7.16-16-16-16zm-387.2-48h22.4c6.4 0 12.8-6.4 12.8-12.8v-70.4c0-6.4-6.4-12.8-12.8-12.8h-22.4c-6.4 0-12.8 6.4-12.8 12.8v70.4c0 6.4 6.4 12.8 12.8 12.8z\" class=\"\"><\/path><\/svg><\/i> <img loading=\"lazy\" decoding=\"async\" width=\"16\" height=\"16\" alt=\"Loading\" src=\"https:\/\/temucotelevision.cl\/web\/wp-content\/plugins\/page-views-count\/ajax-loader-2x.gif\" border=0 \/><\/p>\n<div class=\"pvc_clear\"><\/div>\n<p>&#8220;Debemos partir por reconocer que hemos fracasado en la lucha contra el terrorismo. Lamento profundamente la muerte del sargento de<\/p>\n","protected":false},"author":1,"featured_media":21932,"comment_status":"open","ping_status":"open","sticky":false,"template":"","format":"standard","meta":{"colormag_page_container_layout":"default_layout","colormag_page_sidebar_layout":"default_layout","footnotes":""},"categories":[15,84],"tags":[217,218,2065],"class_list":["post-21931","post","type-post","status-publish","format-standard","has-post-thumbnail","hentry","category-la-araucania","category-politica","tag-carabinero","tag-sargento","tag-senadora"],"a3_pvc":{"activated":true,"total_views":49,"today_views":0},"_links":{"self":[{"href":"https:\/\/temucotelevision.cl\/web\/wp-json\/wp\/v2\/posts\/21931","targetHints":{"allow":["GET"]}}],"collection":[{"href":"https:\/\/temucotelevision.cl\/web\/wp-json\/wp\/v2\/posts"}],"about":[{"href":"https:\/\/temucotelevision.cl\/web\/wp-json\/wp\/v2\/types\/post"}],"author":[{"embeddable":true,"href":"https:\/\/temucotelevision.cl\/web\/wp-json\/wp\/v2\/users\/1"}],"replies":[{"embeddable":true,"href":"https:\/\/temucotelevision.cl\/web\/wp-json\/wp\/v2\/comments?post=21931"}],"version-history":[{"count":1,"href":"https:\/\/temucotelevision.cl\/web\/wp-json\/wp\/v2\/posts\/21931\/revisions"}],"predecessor-version":[{"id":21933,"href":"https:\/\/temucotelevision.cl\/web\/wp-json\/wp\/v2\/posts\/21931\/revisions\/21933"}],"wp:featuredmedia":[{"embeddable":true,"href":"https:\/\/temucotelevision.cl\/web\/wp-json\/wp\/v2\/media\/21932"}],"wp:attachment":[{"href":"https:\/\/temucotelevision.cl\/web\/wp-json\/wp\/v2\/media?parent=21931"}],"wp:term":[{"taxonomy":"category","embeddable":true,"href":"https:\/\/temucotelevision.cl\/web\/wp-json\/wp\/v2\/categories?post=21931"},{"taxonomy":"post_tag","embeddable":true,"href":"https:\/\/temucotelevision.cl\/web\/wp-json\/wp\/v2\/tags?post=21931"}],"curies":[{"name":"wp","href":"https:\/\/api.w.org\/{rel}","templated":true}]}}