{"id":21929,"date":"2021-05-24T20:35:40","date_gmt":"2021-05-24T23:35:40","guid":{"rendered":"https:\/\/temucotelevision.cl\/web\/?p=21929"},"modified":"2021-05-24T20:35:44","modified_gmt":"2021-05-24T23:35:44","slug":"diputado-rathgeb-por-fallecimiento-de-carabinero-en-collipulli-el-gobierno-no-ha-puesto-las-cosas-en-su-lugar","status":"publish","type":"post","link":"https:\/\/temucotelevision.cl\/web\/2021\/05\/24\/diputado-rathgeb-por-fallecimiento-de-carabinero-en-collipulli-el-gobierno-no-ha-puesto-las-cosas-en-su-lugar\/","title":{"rendered":"Diputado Rathgeb por fallecimiento de Carabinero en Collipulli: &#8220;El Gobierno no ha puesto las cosas en su lugar&#8221;"},"content":{"rendered":"<div class=\"pvc_clear\"><\/div><p id=\"pvc_stats_21929\" class=\"pvc_stats total_only  \" data-element-id=\"21929\" style=\"\"><i class=\"pvc-stats-icon large\" aria-hidden=\"true\"><svg aria-hidden=\"true\" focusable=\"false\" data-prefix=\"far\" data-icon=\"chart-bar\" role=\"img\" xmlns=\"http:\/\/www.w3.org\/2000\/svg\" viewBox=\"0 0 512 512\" class=\"svg-inline--fa fa-chart-bar fa-w-16 fa-2x\"><path fill=\"currentColor\" d=\"M396.8 352h22.4c6.4 0 12.8-6.4 12.8-12.8V108.8c0-6.4-6.4-12.8-12.8-12.8h-22.4c-6.4 0-12.8 6.4-12.8 12.8v230.4c0 6.4 6.4 12.8 12.8 12.8zm-192 0h22.4c6.4 0 12.8-6.4 12.8-12.8V140.8c0-6.4-6.4-12.8-12.8-12.8h-22.4c-6.4 0-12.8 6.4-12.8 12.8v198.4c0 6.4 6.4 12.8 12.8 12.8zm96 0h22.4c6.4 0 12.8-6.4 12.8-12.8V204.8c0-6.4-6.4-12.8-12.8-12.8h-22.4c-6.4 0-12.8 6.4-12.8 12.8v134.4c0 6.4 6.4 12.8 12.8 12.8zM496 400H48V80c0-8.84-7.16-16-16-16H16C7.16 64 0 71.16 0 80v336c0 17.67 14.33 32 32 32h464c8.84 0 16-7.16 16-16v-16c0-8.84-7.16-16-16-16zm-387.2-48h22.4c6.4 0 12.8-6.4 12.8-12.8v-70.4c0-6.4-6.4-12.8-12.8-12.8h-22.4c-6.4 0-12.8 6.4-12.8 12.8v70.4c0 6.4 6.4 12.8 12.8 12.8z\" class=\"\"><\/path><\/svg><\/i> <img loading=\"lazy\" decoding=\"async\" width=\"16\" height=\"16\" alt=\"Loading\" src=\"https:\/\/temucotelevision.cl\/web\/wp-content\/plugins\/page-views-count\/ajax-loader-2x.gif\" border=0 \/><\/p><div class=\"pvc_clear\"><\/div>\n<p><strong>El parlamentario se\u00f1al\u00f3 que la actitud del Gobierno de no golpear la mesa ante las agresiones a las fuerzas de orden y seguridad, est\u00e1n pasando la cuenta y se refrenda con el deceso del uniformado mientras cumpl\u00eda con su trabajo.<\/strong><\/p>\n\n\n\n<p>Un Carabinero result\u00f3 con una herida de bala en el sector rural de la comuna de Collipulli, lo que posteriormente le cost\u00f3 la vida en un nuevo hecho que atenta contra funcionarios de la instituci\u00f3n y enluta a la Regi\u00f3n.<\/p>\n\n\n\n<p>El diputado de Renovaci\u00f3n Nacional por La Araucan\u00eda, Jorge Rathgeb Schifferli, indic\u00f3 que este acto es otra de las consecuencias del Gobierno que no supo golpear la mesa y tomar medidas dr\u00e1sticas cuando se atac\u00f3 a funcionarios de las fuerzas de orden y seguridad.<\/p>\n\n\n\n<p>Rathgeb indic\u00f3 que, en su rol de parlamentario por la zona, pidi\u00f3 que se tomaran medidas antes estos hechos y realiz\u00f3 los emplazamientos a las autoridades respectivas, pero que no tuvo las respuestas de parte de las autoridades como se requer\u00eda.<\/p>\n\n\n\n<p>El legislador puntualiz\u00f3 que se ha dejado a la deriva a funcionarios, que de manera diaria realizan su trabajo en la denominada zona de conflicto y d\u00f3nde ya se lamenta otro deceso, como ocurri\u00f3 en enero de este a\u00f1o, cuando un integrante de la PDI falleci\u00f3 en un enfrentamiento.<\/p>\n\n\n\n<p>&#8220;Ac\u00e1 el Gobierno no escuch\u00f3 los emplazamientos, que le han realizado diversos grupos y sectores de la ciudadan\u00eda, con el objetivo de que se cuiden a los funcionarios que tienen la misi\u00f3n de resguardar el orden p\u00fablico y la seguridad. Se le pidi\u00f3 al ejecutivo en todos los tonos, pero no han escuchado y las consecuencias se est\u00e1n viendo y se reflejan con estos hechos, los cuales no se pueden tolerar&#8221;, indic\u00f3 Rathgeb.<\/p>\n\n\n\n<p>El congresista agreg\u00f3 que el Ejecutivo tiene que hacerse parte del problema y tomando decisiones y no manteniendo una postura pasiva.&nbsp;<\/p>\n","protected":false},"excerpt":{"rendered":"<div class=\"pvc_clear\"><\/div>\n<p id=\"pvc_stats_21929\" class=\"pvc_stats total_only  \" data-element-id=\"21929\" style=\"\"><i class=\"pvc-stats-icon large\" aria-hidden=\"true\"><svg aria-hidden=\"true\" focusable=\"false\" data-prefix=\"far\" data-icon=\"chart-bar\" role=\"img\" xmlns=\"http:\/\/www.w3.org\/2000\/svg\" viewBox=\"0 0 512 512\" class=\"svg-inline--fa fa-chart-bar fa-w-16 fa-2x\"><path fill=\"currentColor\" d=\"M396.8 352h22.4c6.4 0 12.8-6.4 12.8-12.8V108.8c0-6.4-6.4-12.8-12.8-12.8h-22.4c-6.4 0-12.8 6.4-12.8 12.8v230.4c0 6.4 6.4 12.8 12.8 12.8zm-192 0h22.4c6.4 0 12.8-6.4 12.8-12.8V140.8c0-6.4-6.4-12.8-12.8-12.8h-22.4c-6.4 0-12.8 6.4-12.8 12.8v198.4c0 6.4 6.4 12.8 12.8 12.8zm96 0h22.4c6.4 0 12.8-6.4 12.8-12.8V204.8c0-6.4-6.4-12.8-12.8-12.8h-22.4c-6.4 0-12.8 6.4-12.8 12.8v134.4c0 6.4 6.4 12.8 12.8 12.8zM496 400H48V80c0-8.84-7.16-16-16-16H16C7.16 64 0 71.16 0 80v336c0 17.67 14.33 32 32 32h464c8.84 0 16-7.16 16-16v-16c0-8.84-7.16-16-16-16zm-387.2-48h22.4c6.4 0 12.8-6.4 12.8-12.8v-70.4c0-6.4-6.4-12.8-12.8-12.8h-22.4c-6.4 0-12.8 6.4-12.8 12.8v70.4c0 6.4 6.4 12.8 12.8 12.8z\" class=\"\"><\/path><\/svg><\/i> <img loading=\"lazy\" decoding=\"async\" width=\"16\" height=\"16\" alt=\"Loading\" src=\"https:\/\/temucotelevision.cl\/web\/wp-content\/plugins\/page-views-count\/ajax-loader-2x.gif\" border=0 \/><\/p>\n<div class=\"pvc_clear\"><\/div>\n<p>El parlamentario se\u00f1al\u00f3 que la actitud del Gobierno de no golpear la mesa ante las agresiones a las fuerzas de<\/p>\n","protected":false},"author":1,"featured_media":21551,"comment_status":"open","ping_status":"open","sticky":false,"template":"","format":"standard","meta":{"colormag_page_container_layout":"default_layout","colormag_page_sidebar_layout":"default_layout","footnotes":""},"categories":[84],"tags":[217,154,206,489],"class_list":["post-21929","post","type-post","status-publish","format-standard","has-post-thumbnail","hentry","category-politica","tag-carabinero","tag-diputado","tag-gobierno","tag-rathgeb"],"a3_pvc":{"activated":true,"total_views":21,"today_views":0},"_links":{"self":[{"href":"https:\/\/temucotelevision.cl\/web\/wp-json\/wp\/v2\/posts\/21929","targetHints":{"allow":["GET"]}}],"collection":[{"href":"https:\/\/temucotelevision.cl\/web\/wp-json\/wp\/v2\/posts"}],"about":[{"href":"https:\/\/temucotelevision.cl\/web\/wp-json\/wp\/v2\/types\/post"}],"author":[{"embeddable":true,"href":"https:\/\/temucotelevision.cl\/web\/wp-json\/wp\/v2\/users\/1"}],"replies":[{"embeddable":true,"href":"https:\/\/temucotelevision.cl\/web\/wp-json\/wp\/v2\/comments?post=21929"}],"version-history":[{"count":1,"href":"https:\/\/temucotelevision.cl\/web\/wp-json\/wp\/v2\/posts\/21929\/revisions"}],"predecessor-version":[{"id":21930,"href":"https:\/\/temucotelevision.cl\/web\/wp-json\/wp\/v2\/posts\/21929\/revisions\/21930"}],"wp:featuredmedia":[{"embeddable":true,"href":"https:\/\/temucotelevision.cl\/web\/wp-json\/wp\/v2\/media\/21551"}],"wp:attachment":[{"href":"https:\/\/temucotelevision.cl\/web\/wp-json\/wp\/v2\/media?parent=21929"}],"wp:term":[{"taxonomy":"category","embeddable":true,"href":"https:\/\/temucotelevision.cl\/web\/wp-json\/wp\/v2\/categories?post=21929"},{"taxonomy":"post_tag","embeddable":true,"href":"https:\/\/temucotelevision.cl\/web\/wp-json\/wp\/v2\/tags?post=21929"}],"curies":[{"name":"wp","href":"https:\/\/api.w.org\/{rel}","templated":true}]}}