{"id":21781,"date":"2021-05-18T15:11:15","date_gmt":"2021-05-18T18:11:15","guid":{"rendered":"https:\/\/temucotelevision.cl\/web\/?p=21781"},"modified":"2021-05-18T15:11:17","modified_gmt":"2021-05-18T18:11:17","slug":"curacautin-lumaco-y-pitrufquen-avanzan-a-fase-2-desde-este-jueves-20-de-mayo","status":"publish","type":"post","link":"https:\/\/temucotelevision.cl\/web\/2021\/05\/18\/curacautin-lumaco-y-pitrufquen-avanzan-a-fase-2-desde-este-jueves-20-de-mayo\/","title":{"rendered":"Curacaut\u00edn, Lumaco y Pitrufqu\u00e9n avanzan a Fase 2 desde este jueves 20 de mayo"},"content":{"rendered":"<div class=\"pvc_clear\"><\/div><p id=\"pvc_stats_21781\" class=\"pvc_stats total_only  \" data-element-id=\"21781\" style=\"\"><i class=\"pvc-stats-icon large\" aria-hidden=\"true\"><svg aria-hidden=\"true\" focusable=\"false\" data-prefix=\"far\" data-icon=\"chart-bar\" role=\"img\" xmlns=\"http:\/\/www.w3.org\/2000\/svg\" viewBox=\"0 0 512 512\" class=\"svg-inline--fa fa-chart-bar fa-w-16 fa-2x\"><path fill=\"currentColor\" d=\"M396.8 352h22.4c6.4 0 12.8-6.4 12.8-12.8V108.8c0-6.4-6.4-12.8-12.8-12.8h-22.4c-6.4 0-12.8 6.4-12.8 12.8v230.4c0 6.4 6.4 12.8 12.8 12.8zm-192 0h22.4c6.4 0 12.8-6.4 12.8-12.8V140.8c0-6.4-6.4-12.8-12.8-12.8h-22.4c-6.4 0-12.8 6.4-12.8 12.8v198.4c0 6.4 6.4 12.8 12.8 12.8zm96 0h22.4c6.4 0 12.8-6.4 12.8-12.8V204.8c0-6.4-6.4-12.8-12.8-12.8h-22.4c-6.4 0-12.8 6.4-12.8 12.8v134.4c0 6.4 6.4 12.8 12.8 12.8zM496 400H48V80c0-8.84-7.16-16-16-16H16C7.16 64 0 71.16 0 80v336c0 17.67 14.33 32 32 32h464c8.84 0 16-7.16 16-16v-16c0-8.84-7.16-16-16-16zm-387.2-48h22.4c6.4 0 12.8-6.4 12.8-12.8v-70.4c0-6.4-6.4-12.8-12.8-12.8h-22.4c-6.4 0-12.8 6.4-12.8 12.8v70.4c0 6.4 6.4 12.8 12.8 12.8z\" class=\"\"><\/path><\/svg><\/i> <img loading=\"lazy\" decoding=\"async\" width=\"16\" height=\"16\" alt=\"Loading\" src=\"https:\/\/temucotelevision.cl\/web\/wp-content\/plugins\/page-views-count\/ajax-loader-2x.gif\" border=0 \/><\/p><div class=\"pvc_clear\"><\/div>\n<p><em>Se establecer\u00e1n cordones sanitarios desde el jueves hasta el domingo en Temuco y Padre Las Casas<br>\u00a0<\/em><\/p>\n\n\n\n<p>El Ministerio de Salud inform\u00f3 este lunes las nuevas modificaciones en el Plan Paso a Paso. En el caso de las comunas de Curacaut\u00edn, Lumaco y Pitrufqu\u00e9n avanzar\u00e1n a Paso 2, de Transici\u00f3n, desde las 05:00 hrs. de este jueves 20 de mayo. Por otro lado, Los Sauces retroceder\u00e1 de Paso 2 a Cuarentena total<\/p>\n\n\n\n<p>Frente a estas nuevas modificaciones, el intendente V\u00edctor Manoli destac\u00f3 el avance de&nbsp;&nbsp;dos nuevas comunas, pues \u201ccomo regi\u00f3n pasamos de tener 31 comunas en cuarentena total a tener 18 el d\u00eda de hoy, lo que da cuenta del trabajo constante de los fiscalizadores y equipos de salud. Sin embargo, esto no debe significar relajarse\u201d. Por el contrario, enfatiz\u00f3 la m\u00e1xima autoridad regional \u201cdebemos continuar cumpliendo estrictamente los protocolos sanitarios para poder seguir avanzando. Hoy una comuna ha retrocedido y ha vuelto a la cuarentena. Es por ello que reitero el llamado a la responsabilidad, mientras la pandemia se mantenga\u201d.<\/p>\n\n\n\n<p>Por su parte, el Seremi (S) de Salud, Alex Olivares, recalco que \u201chemos bajado la positividad regional en m\u00e1s de un 5%, hemos incrementado la fiscalizaci\u00f3n y b\u00fasqueda activa, fortaleciendo a la vez trazabilidad. Sin duda, hemos logrado mejorar los indicadores\u201d Pese a esto, reconoci\u00f3 que esto \u201cno es un motivo para relajar las medidas y el autocuidado sino todo lo contrario\u201d.<\/p>\n\n\n\n<p>La autoridad sanitaria afirm\u00f3 que \u201cla vacunaci\u00f3n es parte de las estrategias de contenci\u00f3n y control de la pandemia, por eso hacemos un llamado a todos los j\u00f3venes de entre 34 y 30 a\u00f1os a acudir esta semana a los centros vacunatorios de las 32 comunas de la regi\u00f3n a recibir sus primeras dosis, hacemos tambi\u00e9n un llamado a los rezagados que no han acudido aun de 35 a\u00f1os o m\u00e1s a recibir su primera dosis, que puedan acudir durante la semana para ser inoculados\u201d.<\/p>\n\n\n\n<p>Las autoridades recordaron que la inmunidad se obtiene con la aplicaci\u00f3n de las dos dosis de vacunaci\u00f3n contra el Covid-19, por lo que llamaron a completar el ciclo de vacunaci\u00f3n y prestar atenci\u00f3n a eventuales s\u00edntomas durante las 4 semanas posteriores a recibir la segunda dosis<\/p>\n\n\n\n<p>Durante la jornada del lunes, la Seremi de Salud en La Araucan\u00eda inform\u00f3 417 nuevos casos confirmados durante las \u00faltimas 24 horas y 8 nuevos fallecidos, sumando un total de 979 personas que han perdido la vida producto del covid-19<\/p>\n\n\n\n<p>Durante el reporte diario de este lunes en el nivel central, la subsecretaria de Prevenci\u00f3n del Delito, Katherine Martorell, confirm\u00f3 la modificaci\u00f3n del horario del toque de queda a partir de este mi\u00e9rcoles, desde las 22:00 hrs hasta las 05:00 hrs.&nbsp;<\/p>\n\n\n\n<p>Finalmente, inform\u00f3 que durante este fin de semana largo se establecer\u00e1n cordones sanitarios para las comunas de Temuco y Padre Las Casas, desde las 18:00 horas del jueves 20 de mayo hasta el domingo 23 de mayo, a las 22:00 horas.<\/p>\n","protected":false},"excerpt":{"rendered":"<div class=\"pvc_clear\"><\/div>\n<p id=\"pvc_stats_21781\" class=\"pvc_stats total_only  \" data-element-id=\"21781\" style=\"\"><i class=\"pvc-stats-icon large\" aria-hidden=\"true\"><svg aria-hidden=\"true\" focusable=\"false\" data-prefix=\"far\" data-icon=\"chart-bar\" role=\"img\" xmlns=\"http:\/\/www.w3.org\/2000\/svg\" viewBox=\"0 0 512 512\" class=\"svg-inline--fa fa-chart-bar fa-w-16 fa-2x\"><path fill=\"currentColor\" d=\"M396.8 352h22.4c6.4 0 12.8-6.4 12.8-12.8V108.8c0-6.4-6.4-12.8-12.8-12.8h-22.4c-6.4 0-12.8 6.4-12.8 12.8v230.4c0 6.4 6.4 12.8 12.8 12.8zm-192 0h22.4c6.4 0 12.8-6.4 12.8-12.8V140.8c0-6.4-6.4-12.8-12.8-12.8h-22.4c-6.4 0-12.8 6.4-12.8 12.8v198.4c0 6.4 6.4 12.8 12.8 12.8zm96 0h22.4c6.4 0 12.8-6.4 12.8-12.8V204.8c0-6.4-6.4-12.8-12.8-12.8h-22.4c-6.4 0-12.8 6.4-12.8 12.8v134.4c0 6.4 6.4 12.8 12.8 12.8zM496 400H48V80c0-8.84-7.16-16-16-16H16C7.16 64 0 71.16 0 80v336c0 17.67 14.33 32 32 32h464c8.84 0 16-7.16 16-16v-16c0-8.84-7.16-16-16-16zm-387.2-48h22.4c6.4 0 12.8-6.4 12.8-12.8v-70.4c0-6.4-6.4-12.8-12.8-12.8h-22.4c-6.4 0-12.8 6.4-12.8 12.8v70.4c0 6.4 6.4 12.8 12.8 12.8z\" class=\"\"><\/path><\/svg><\/i> <img loading=\"lazy\" decoding=\"async\" width=\"16\" height=\"16\" alt=\"Loading\" src=\"https:\/\/temucotelevision.cl\/web\/wp-content\/plugins\/page-views-count\/ajax-loader-2x.gif\" border=0 \/><\/p>\n<div class=\"pvc_clear\"><\/div>\n<p>Se establecer\u00e1n cordones sanitarios desde el jueves hasta el domingo en Temuco y Padre Las Casas\u00a0 El Ministerio de Salud<\/p>\n","protected":false},"author":1,"featured_media":20337,"comment_status":"open","ping_status":"open","sticky":false,"template":"","format":"standard","meta":{"colormag_page_container_layout":"default_layout","colormag_page_sidebar_layout":"default_layout","footnotes":""},"categories":[15],"tags":[3061,206,2312],"class_list":["post-21781","post","type-post","status-publish","format-standard","has-post-thumbnail","hentry","category-la-araucania","tag-fase2","tag-gobierno","tag-pandemia"],"a3_pvc":{"activated":true,"total_views":43,"today_views":0},"_links":{"self":[{"href":"https:\/\/temucotelevision.cl\/web\/wp-json\/wp\/v2\/posts\/21781","targetHints":{"allow":["GET"]}}],"collection":[{"href":"https:\/\/temucotelevision.cl\/web\/wp-json\/wp\/v2\/posts"}],"about":[{"href":"https:\/\/temucotelevision.cl\/web\/wp-json\/wp\/v2\/types\/post"}],"author":[{"embeddable":true,"href":"https:\/\/temucotelevision.cl\/web\/wp-json\/wp\/v2\/users\/1"}],"replies":[{"embeddable":true,"href":"https:\/\/temucotelevision.cl\/web\/wp-json\/wp\/v2\/comments?post=21781"}],"version-history":[{"count":1,"href":"https:\/\/temucotelevision.cl\/web\/wp-json\/wp\/v2\/posts\/21781\/revisions"}],"predecessor-version":[{"id":21782,"href":"https:\/\/temucotelevision.cl\/web\/wp-json\/wp\/v2\/posts\/21781\/revisions\/21782"}],"wp:featuredmedia":[{"embeddable":true,"href":"https:\/\/temucotelevision.cl\/web\/wp-json\/wp\/v2\/media\/20337"}],"wp:attachment":[{"href":"https:\/\/temucotelevision.cl\/web\/wp-json\/wp\/v2\/media?parent=21781"}],"wp:term":[{"taxonomy":"category","embeddable":true,"href":"https:\/\/temucotelevision.cl\/web\/wp-json\/wp\/v2\/categories?post=21781"},{"taxonomy":"post_tag","embeddable":true,"href":"https:\/\/temucotelevision.cl\/web\/wp-json\/wp\/v2\/tags?post=21781"}],"curies":[{"name":"wp","href":"https:\/\/api.w.org\/{rel}","templated":true}]}}